{"id":96143,"date":"2025-06-13T15:42:06","date_gmt":"2025-06-13T21:42:06","guid":{"rendered":"https:\/\/redsemlac.com\/semmexico\/?p=96143"},"modified":"2025-06-13T15:42:07","modified_gmt":"2025-06-13T21:42:07","slug":"mexico-avanzo-10-posiciones-en-indice-global-de-brecha-de-genero","status":"publish","type":"post","link":"https:\/\/redsemlac.com\/semmexico\/mexico-avanzo-10-posiciones-en-indice-global-de-brecha-de-genero\/","title":{"rendered":"M\u00e9xico avanz\u00f3 10 posiciones en \u00cdndice Global de Brecha de G\u00e9nero"},"content":{"rendered":"\n<ul class=\"wp-block-list\">\n<li>Este a\u00f1o en el n\u00famero 23 de 145 econom\u00edas<\/li>\n\n\n\n<li>Am\u00e9rica Latina se ha consolidado en el liderazgo pol\u00edtico femenino, por ascenso de mujeres como jefas de Estado<\/li>\n<\/ul>\n\n\n\n<p class=\"wp-block-paragraph\">Micaela M\u00e1rquez &nbsp;<\/p>\n\n\n\n<p class=\"wp-block-paragraph\">SemM\u00e9xico, Ciudad de M\u00e9xico, 13 de junio, 2025.- Con la elecci\u00f3n de Claudia Sheinbaum Pardo como primera presidenta de M\u00e9xico, el pa\u00eds avanz\u00f3 10 posiciones en el \u00cdndice Global de Brecha de G\u00e9nero del Foro Econ\u00f3mico Mundial (WEF, por sus siglas en ingl\u00e9s), al posicionarse este a\u00f1o en el n\u00famero 23 de 145 econom\u00edas.<\/p>\n\n\n\n<p class=\"wp-block-paragraph\">As\u00ed lo se\u00f1ala el Informe anual que \u201ccon la elecci\u00f3n de&nbsp;<a href=\"https:\/\/www.elfinanciero.com.mx\/nacional\/2024\/10\/03\/reformas-de-sheinbaum-para-las-mujeres-cuales-son-las-modificaciones-a-los-articulos-de-la-constitucion\/\" target=\"_blank\" rel=\"noreferrer noopener\">Claudia Sheinbaum Pardo como la primera mujer presidenta de M\u00e9xico<\/a>&nbsp;a finales del 2024, M\u00e9xico ha cerrado m\u00e1s de la mitad de su&nbsp;<strong>brecha pol\u00edtica de g\u00e9nero<\/strong>\u201d.<\/p>\n\n\n\n<p class=\"wp-block-paragraph\">Dentro de Am\u00e9rica Latina y el Caribe, M\u00e9xico ocup\u00f3 el quinto lugar tras haber alcanzado la paridad en la representaci\u00f3n parlamentaria junto con Nicaragua.<\/p>\n\n\n\n<p class=\"wp-block-paragraph\">Am\u00e9rica Latina se ha consolidado en el liderazgo pol\u00edtico femenino con 15 econom\u00edas que han tenido a una mujer como jefa de Estado en las pasadas cinco d\u00e9cadas.<\/p>\n\n\n\n<p class=\"wp-block-paragraph\">Con una paridad de g\u00e9nero de 77.6 por ciento M\u00e9xico tambi\u00e9n supera a EU y Canad\u00e1, sus socios en el T-MEC. Estados Unidos se ubic\u00f3 en el lugar 42 a nivel global con un avance de solo un pelda\u00f1o en el \u00faltimo a\u00f1o, alcanzando 75.6 por ciento de paridad; en tanto que Canad\u00e1 se posicion\u00f3 en el sitio 32 con un nivel de paridad de 76.7 por ciento.<\/p>\n\n\n\n<p class=\"wp-block-paragraph\">El Informe que mide el progreso hacia la igualdad de g\u00e9nero a nivel global, eval\u00faa cuatro sub\u00edndices: 1) Participaci\u00f3n y Oportunidades econ\u00f3micas, 2) Logros Educativos, 3) Salud y Supervivencia y 4) Empoderamiento Pol\u00edtico.<\/p>\n\n\n\n<p class=\"wp-block-paragraph\">\u201cLa econom\u00eda ha mostrado consistente progreso en el tiempo, con su marcador de paridad increment\u00e1ndose desde 64.6 por ciento en 2006, cuando el WEF inici\u00f3 el reporte, a 77.6 por ciento en 2025\u201d, reconoci\u00f3 el WEF.<\/p>\n\n\n\n<p class=\"wp-block-paragraph\">En el sub\u00edndice econ\u00f3mico, la paridad de g\u00e9nero de M\u00e9xico se ubic\u00f3 en 60.9 por ciento en 2025 desde 48 por ciento en 2006, pero a\u00fan por debajo del promedio regional del 65.6 por ciento.<\/p>\n\n\n\n<p class=\"wp-block-paragraph\">En los sub\u00edndices de Logro Educativo y Salud y Supervivencia, M\u00e9xico ha mantenido consistentemente una paridad de g\u00e9nero casi total a lo largo del tiempo.<\/p>\n\n\n\n<p class=\"wp-block-paragraph\">\u201cBasado en la velocidad del cambio adoptado desde 2006, el reporte analiza econom\u00edas con tasas similares de avance y encuentra que las econom\u00edas que se han movido m\u00e1s r\u00e1pido a la paridad incluyen a Bangladesh, Ecuador, Etiop\u00eda, M\u00e9xico y Arabia Saudita\u201d, se\u00f1ala el informe publicado anualmente.<\/p>\n\n\n\n<p class=\"wp-block-paragraph\">A nivel global, Islandia encabeza el \u00edndice desde 2009, con un incremento de la paridad de g\u00e9nero desde 78 por ciento en 2006 hasta el 92.6 por ciento en 2025.<\/p>\n\n\n\n<p class=\"wp-block-paragraph\">Tambi\u00e9n se\u00f1ala el Informe anual que al actual ritmo de progreso, tomar\u00e1 134 a\u00f1os cerrar la brecha de g\u00e9nero global seg\u00fan estimados del Foro Econ\u00f3mico Global (WEF).<\/p>\n\n\n\n<p class=\"wp-block-paragraph\">S\u00f3lo cerrar las diferencias de g\u00e9nero en el terreno econ\u00f3mico tomar\u00e1 152 a\u00f1os, mientras que hacerlo en el plano de empoderamiento pol\u00edtico tomar\u00e1 169 a\u00f1os, seg\u00fan su \u00faltimo informe.<\/p>\n\n\n\n<p class=\"wp-block-paragraph\">SEM\/mm\/sj<\/p>\n","protected":false},"excerpt":{"rendered":"<p>Micaela M\u00e1rquez &nbsp; SemM\u00e9xico, Ciudad de M\u00e9xico, 13 de junio, 2025.- Con la elecci\u00f3n de Claudia Sheinbaum Pardo como primera presidenta de M\u00e9xico, el pa\u00eds avanz\u00f3 10 posiciones en el \u00cdndice Global de Brecha de G\u00e9nero del Foro Econ\u00f3mico Mundial (WEF, por sus siglas en ingl\u00e9s), al posicionarse este a\u00f1o en el n\u00famero 23 de [&hellip;]<\/p>\n","protected":false},"author":3,"featured_media":96144,"comment_status":"open","ping_status":"open","sticky":false,"template":"","format":"standard","meta":{"_monsterinsights_skip_tracking":false,"footnotes":""},"categories":[748],"tags":[],"class_list":["post-96143","post","type-post","status-publish","format-standard","has-post-thumbnail","category-cultura-feminista"],"_links":{"self":[{"href":"https:\/\/redsemlac.com\/semmexico\/wp-json\/wp\/v2\/posts\/96143","targetHints":{"allow":["GET"]}}],"collection":[{"href":"https:\/\/redsemlac.com\/semmexico\/wp-json\/wp\/v2\/posts"}],"about":[{"href":"https:\/\/redsemlac.com\/semmexico\/wp-json\/wp\/v2\/types\/post"}],"author":[{"embeddable":true,"href":"https:\/\/redsemlac.com\/semmexico\/wp-json\/wp\/v2\/users\/3"}],"replies":[{"embeddable":true,"href":"https:\/\/redsemlac.com\/semmexico\/wp-json\/wp\/v2\/comments?post=96143"}],"version-history":[{"count":0,"href":"https:\/\/redsemlac.com\/semmexico\/wp-json\/wp\/v2\/posts\/96143\/revisions"}],"wp:featuredmedia":[{"embeddable":true,"href":"https:\/\/redsemlac.com\/semmexico\/wp-json\/wp\/v2\/media\/96144"}],"wp:attachment":[{"href":"https:\/\/redsemlac.com\/semmexico\/wp-json\/wp\/v2\/media?parent=96143"}],"wp:term":[{"taxonomy":"category","embeddable":true,"href":"https:\/\/redsemlac.com\/semmexico\/wp-json\/wp\/v2\/categories?post=96143"},{"taxonomy":"post_tag","embeddable":true,"href":"https:\/\/redsemlac.com\/semmexico\/wp-json\/wp\/v2\/tags?post=96143"}],"curies":[{"name":"wp","href":"https:\/\/api.w.org\/{rel}","templated":true}]}}