{"id":96110,"date":"2025-06-13T11:39:30","date_gmt":"2025-06-13T17:39:30","guid":{"rendered":"https:\/\/redsemlac.com\/semmexico\/?p=96110"},"modified":"2025-06-13T11:39:31","modified_gmt":"2025-06-13T17:39:31","slug":"opinion-california-resiste-a-trump","status":"publish","type":"post","link":"https:\/\/redsemlac.com\/semmexico\/opinion-california-resiste-a-trump\/","title":{"rendered":"Opini\u00f3n| California resiste a Trump\u00a0"},"content":{"rendered":"\n<p class=\"wp-block-paragraph\">Claudia Corichi<\/p>\n\n\n\n<p class=\"wp-block-paragraph\">SemM\u00e9xico, Ciudad de M\u00e9xico, 13 de junio, 2025.- Contra las universidades privadas, contra los empleados p\u00fablicos y agencias gubernamentales, contra las minor\u00edas \u00e9tnicas, contra los grupos de la diversidad sexual, contra los dem\u00f3cratas, contra los medios que no son afines, contra las ciudades&nbsp;santuario, contra la migraci\u00f3n latina. Donald Trump no cumple ni seis meses en el cargo y refuerza sus ataques contra todo lo que no encaja en su modelo.&nbsp;&nbsp;<\/p>\n\n\n\n<p class=\"wp-block-paragraph\">Los \u00c1ngeles es una urbe en permanente tensi\u00f3n racial; convertida en el \u00faltimo reducto en defensa de los derechos civiles en los Estados Unidos. La Ley 187 que propuso el Partido Republicano en 1994 y que negaba servicios y apoyos sociales a migrantes indocumentados, desat\u00f3 la indignaci\u00f3n de amplios sectores que se manifestaron en contra. La absoluci\u00f3n de los polic\u00edas blancos que dieron una paliza al camionero de origen afro Rodney King en 1992 incendi\u00f3 la ciudad durante semanas.&nbsp;&nbsp;<\/p>\n\n\n\n<p class=\"wp-block-paragraph\">California tiene una a\u00f1eja tradici\u00f3n de lucha y protesta; mantiene vivo el ejemplo y legado de C\u00e9sar Ch\u00e1vez que organiz\u00f3 decenas de huelgas para defender los derechos de trabajadores del campo, as\u00ed como de la sindicalista Dolores Huerta que a sus 95 a\u00f1os ha participado en las movilizaciones. Las recientes redadas del Servicio de Inmigraci\u00f3n y Control de Aduanas (ICE) afuera de f\u00e1bricas o escuelas, despert\u00f3 la desesperaci\u00f3n y la ira de los \u00faltimos d\u00edas.&nbsp;<\/p>\n\n\n\n<p class=\"wp-block-paragraph\">Si bien las protestas callejeras no son a\u00fan tan masivas como en otros momentos, pueden marcar un punto de inflexi\u00f3n en el rechazo a la pol\u00edtica migratoria de Trump y replicarse en otras ciudades. La animadversi\u00f3n del mandatario contra los manifestantes latinos o contra el gobernador de California, Gavin Newsom, al enviar unilateralmente a fuerzas federales sorprende porque no hay precedente de ello.<\/p>\n\n\n\n<p class=\"wp-block-paragraph\">California el estado m\u00e1s poblado de la Uni\u00f3n Americana y el territorio con el quinto mayor PIB del mundo, tiene 10.6 millones de migrantes que representan el 27% de su poblaci\u00f3n total; la mitad de los ni\u00f1os en el estado tienen al menos un padre o madre inmigrante.&nbsp;&nbsp;<\/p>\n\n\n\n<p class=\"wp-block-paragraph\">Hasta ahora Trump ha ordenado enviar casi 5 mil efectivos (4 mil de la Guardia Nacional y 700&nbsp;marines) para aplacar seg\u00fan \u00e9l, a los insurrectos y agitadores profesionales, aunque eso agrave la situaci\u00f3n. En su ret\u00f3rica exagerada ha dicho que gracias a eso ha evitado la destrucci\u00f3n de esa ciudad. Newsom calific\u00f3 la medida como ilegal y provocadora y present\u00f3 una solicitud de emergencia ante un tribunal federal por el despliegue de tropas.<\/p>\n\n\n\n<p class=\"wp-block-paragraph\">La ofensiva de Trump apunta en varias direcciones: busca desviar la atenci\u00f3n de su enconado pleito con Musk, da\u00f1ar a un potencial candidato dem\u00f3crata presidencial en 2028 (Newsom), satisfacer a su base electoral que apoya sus decisiones a rabiar y sobre todo, imponer la pol\u00edtica del miedo entre las poblaciones de migrantes.&nbsp;<\/p>\n\n\n\n<p class=\"wp-block-paragraph\">Un dato: entre enero y abril de este a\u00f1o la Patrulla Fronteriza detuvo a 44 mil migrantes de origen mexicano respecto a los 248 mil del mismo periodo del 2024, una ca\u00edda notoria.<\/p>\n\n\n\n<p class=\"wp-block-paragraph\">Que el presidente amenace con arrestar al gobernador dem\u00f3crata por obstrucci\u00f3n, est\u00e1 mostrando un uso cada vez m\u00e1s discrecional y abusivo de lo que le facultan las leyes.<\/p>\n\n\n\n<p class=\"wp-block-paragraph\">En Los \u00c1ngeles, como ya ocurri\u00f3 antes en Harvard, se est\u00e1 escribiendo un cap\u00edtulo de resistencia ante lo que parece convertirse en una tiran\u00eda obsesionada en demoler los cimientos que dieron origen a uno de los sistemas democr\u00e1ticos m\u00e1s reconocidos en el mundo.<\/p>\n\n\n\n<p class=\"wp-block-paragraph\">@ClauCorichi<\/p>\n","protected":false},"excerpt":{"rendered":"<p>Claudia Corichi SemM\u00e9xico, Ciudad de M\u00e9xico, 13 de junio, 2025.- Contra las universidades privadas, contra los empleados p\u00fablicos y agencias gubernamentales, contra las minor\u00edas \u00e9tnicas, contra los grupos de la diversidad sexual, contra los dem\u00f3cratas, contra los medios que no son afines, contra las ciudades&nbsp;santuario, contra la migraci\u00f3n latina. Donald Trump no cumple ni seis [&hellip;]<\/p>\n","protected":false},"author":3,"featured_media":79168,"comment_status":"open","ping_status":"open","sticky":false,"template":"","format":"standard","meta":{"_monsterinsights_skip_tracking":false,"footnotes":""},"categories":[82,110,35],"tags":[],"class_list":["post-96110","post","type-post","status-publish","format-standard","has-post-thumbnail","category-la-opinion","category-la-opinion-columnas","category-opinion"],"_links":{"self":[{"href":"https:\/\/redsemlac.com\/semmexico\/wp-json\/wp\/v2\/posts\/96110","targetHints":{"allow":["GET"]}}],"collection":[{"href":"https:\/\/redsemlac.com\/semmexico\/wp-json\/wp\/v2\/posts"}],"about":[{"href":"https:\/\/redsemlac.com\/semmexico\/wp-json\/wp\/v2\/types\/post"}],"author":[{"embeddable":true,"href":"https:\/\/redsemlac.com\/semmexico\/wp-json\/wp\/v2\/users\/3"}],"replies":[{"embeddable":true,"href":"https:\/\/redsemlac.com\/semmexico\/wp-json\/wp\/v2\/comments?post=96110"}],"version-history":[{"count":0,"href":"https:\/\/redsemlac.com\/semmexico\/wp-json\/wp\/v2\/posts\/96110\/revisions"}],"wp:featuredmedia":[{"embeddable":true,"href":"https:\/\/redsemlac.com\/semmexico\/wp-json\/wp\/v2\/media\/79168"}],"wp:attachment":[{"href":"https:\/\/redsemlac.com\/semmexico\/wp-json\/wp\/v2\/media?parent=96110"}],"wp:term":[{"taxonomy":"category","embeddable":true,"href":"https:\/\/redsemlac.com\/semmexico\/wp-json\/wp\/v2\/categories?post=96110"},{"taxonomy":"post_tag","embeddable":true,"href":"https:\/\/redsemlac.com\/semmexico\/wp-json\/wp\/v2\/tags?post=96110"}],"curies":[{"name":"wp","href":"https:\/\/api.w.org\/{rel}","templated":true}]}}