{"id":96107,"date":"2025-06-13T11:36:56","date_gmt":"2025-06-13T17:36:56","guid":{"rendered":"https:\/\/redsemlac.com\/semmexico\/?p=96107"},"modified":"2025-06-13T11:36:57","modified_gmt":"2025-06-13T17:36:57","slug":"rumores-de-cafe-no-te-equivoques-esthela-damian-sera-la-gobernadora","status":"publish","type":"post","link":"https:\/\/redsemlac.com\/semmexico\/rumores-de-cafe-no-te-equivoques-esthela-damian-sera-la-gobernadora\/","title":{"rendered":"Rumores de caf\u00e9| No te equivoques Esthela Dami\u00e1n ser\u00e1 la Gobernadora"},"content":{"rendered":"\n<p class=\"wp-block-paragraph\">Isabel Ortega Morales (me asumo como periodista, aunque tengo malquerientes)<\/p>\n\n\n\n<p class=\"wp-block-paragraph\">SemM\u00e9xico, Chilpancingo, Guerrero, 13 de junio, 2025.- Cuando caminaba por el centro de Chilpancingo, por donde caminaron los ilustres\u2026. Al tema me dice mi mente.<\/p>\n\n\n\n<p class=\"wp-block-paragraph\">Ok. Cuando caminaba\u2026ok, ok, escuch\u00e9 -Isabel, Isabel, te le\u00ed, est\u00e1s equivocada.<\/p>\n\n\n\n<p class=\"wp-block-paragraph\">Volv\u00ed mi rostro ante la voz, tomemos un caf\u00e9 me dijo y as\u00ed como para no dejar que me escapara me tom\u00f3 del brazo y llegamos a la cafeter\u00eda m\u00e1s cercana donde ped\u00ed un Caf\u00e9 Latte.<\/p>\n\n\n\n<p class=\"wp-block-paragraph\">Mi interlocutor fue al grano, directo, sin pre\u00e1mbulo y me espet\u00f3 &#8211; \u201c\u00bfDe d\u00f3nde sacaste que Sof\u00edo va a ser Gobernador y por Morena?\u201d<\/p>\n\n\n\n<p class=\"wp-block-paragraph\">Pero no se qued\u00f3 ah\u00ed, sigui\u00f3 y me dijo con voz segura:<\/p>\n\n\n\n<p class=\"wp-block-paragraph\">-La pr\u00f3xima gobernadora va a ser Esthela.<\/p>\n\n\n\n<p class=\"wp-block-paragraph\">Muevo el caf\u00e9 con suavidad para que la fina capa de espuma no se derrame y miro a.\u2026 &#8211; \u00bfpor qu\u00e9 esa seguridad?, hay otros cuadros pol\u00edticos en Guerrero, solo en MORENA, por no citar a otros partidos, hay formados varios y varias, le digo.<\/p>\n\n\n\n<p class=\"wp-block-paragraph\">Sonr\u00ede mientras mira mi mano moviendo el caf\u00e9 y agrega \u201cPorque as\u00ed lo HA decidido\u201d.<\/p>\n\n\n\n<p class=\"wp-block-paragraph\">&#8211; \u00bfLo HA? Pregunto y la respuesta es firme.<\/p>\n\n\n\n<p class=\"wp-block-paragraph\">&#8211; Solo preg\u00fantate d\u00f3nde trabaja Esthela.<\/p>\n\n\n\n<p class=\"wp-block-paragraph\">&#8211; Con Harfuch, respondo.<\/p>\n\n\n\n<p class=\"wp-block-paragraph\">&#8211; Con qui\u00e9n ha trabajado Esthela -con Sheinbaum y ah\u00ed, enf\u00e1tico subraya -ya sabes qui\u00e9n est\u00e1 detr\u00e1s entonces.<\/p>\n\n\n\n<p class=\"wp-block-paragraph\">A\u00fan indago, le digo: pero si ha hecho su vida fuera del Estado, ni a dar conferencias ha venido, no la conocen y\u2026<\/p>\n\n\n\n<p class=\"wp-block-paragraph\">Y los dem\u00e1s, le digo mientras limpio mis labios de la espuma traviesa que se ha quedado en mi labial. Mi interlocutor sonr\u00ede y agrega -todo est\u00e1 listo, espera un poco y sabr\u00e1s, la movilizaci\u00f3n es\u2026<\/p>\n\n\n\n<p class=\"wp-block-paragraph\">Claro, me dice mi mente, hay equipo de MORENA en todo el Estado llevando, as\u00ed como\u2026 me pregunto \u00bfc\u00f3mo Charles Perrault pusiera en boca de \u201cEl gato con botas\u201d, ingenio, para hacer que el desconocido hijo del molinero se convirtiera en el Marqu\u00e9s de Carabas, \u00bfdiciendo a todos que al paso del rey exclamen que todo el beneficio era a causa de ese Marqu\u00e9s? \u00bfAs\u00ed todo ser\u00e1 obra y beneficio de Esthela Dami\u00e1n?<\/p>\n\n\n\n<p class=\"wp-block-paragraph\">Y entonces\u2026Ops, se termin\u00f3 el caf\u00e9 y el rumor del caf\u00e9 de hoy. Hasta el pr\u00f3ximo caf\u00e9 donde los rumores, a veces son ciertos, a veces tienen alg\u00fan fundamento de verdad o se convierten solo en chismes que el tiempo nos revela su verdad o lo que se esconde tras ello. Pero, cuando el rio suena \u00bfagua lleva?, dice la voz de la experiencia, a veces un rumor s\u00ed, ni probado, pero tampoco no refutado, pero\u2026es rumor<\/p>\n\n\n\n<p class=\"wp-block-paragraph\"><\/p>\n","protected":false},"excerpt":{"rendered":"<p>Isabel Ortega Morales (me asumo como periodista, aunque tengo malquerientes) SemM\u00e9xico, Chilpancingo, Guerrero, 13 de junio, 2025.- Cuando caminaba por el centro de Chilpancingo, por donde caminaron los ilustres\u2026. Al tema me dice mi mente. Ok. Cuando caminaba\u2026ok, ok, escuch\u00e9 -Isabel, Isabel, te le\u00ed, est\u00e1s equivocada. Volv\u00ed mi rostro ante la voz, tomemos un caf\u00e9 [&hellip;]<\/p>\n","protected":false},"author":3,"featured_media":96108,"comment_status":"open","ping_status":"open","sticky":false,"template":"","format":"standard","meta":{"_monsterinsights_skip_tracking":false,"footnotes":""},"categories":[198,110,35],"tags":[],"class_list":["post-96107","post","type-post","status-publish","format-standard","has-post-thumbnail","category-isabel-ortega-morales","category-la-opinion-columnas","category-opinion"],"_links":{"self":[{"href":"https:\/\/redsemlac.com\/semmexico\/wp-json\/wp\/v2\/posts\/96107","targetHints":{"allow":["GET"]}}],"collection":[{"href":"https:\/\/redsemlac.com\/semmexico\/wp-json\/wp\/v2\/posts"}],"about":[{"href":"https:\/\/redsemlac.com\/semmexico\/wp-json\/wp\/v2\/types\/post"}],"author":[{"embeddable":true,"href":"https:\/\/redsemlac.com\/semmexico\/wp-json\/wp\/v2\/users\/3"}],"replies":[{"embeddable":true,"href":"https:\/\/redsemlac.com\/semmexico\/wp-json\/wp\/v2\/comments?post=96107"}],"version-history":[{"count":0,"href":"https:\/\/redsemlac.com\/semmexico\/wp-json\/wp\/v2\/posts\/96107\/revisions"}],"wp:featuredmedia":[{"embeddable":true,"href":"https:\/\/redsemlac.com\/semmexico\/wp-json\/wp\/v2\/media\/96108"}],"wp:attachment":[{"href":"https:\/\/redsemlac.com\/semmexico\/wp-json\/wp\/v2\/media?parent=96107"}],"wp:term":[{"taxonomy":"category","embeddable":true,"href":"https:\/\/redsemlac.com\/semmexico\/wp-json\/wp\/v2\/categories?post=96107"},{"taxonomy":"post_tag","embeddable":true,"href":"https:\/\/redsemlac.com\/semmexico\/wp-json\/wp\/v2\/tags?post=96107"}],"curies":[{"name":"wp","href":"https:\/\/api.w.org\/{rel}","templated":true}]}}