{"id":9609,"date":"2019-07-09T17:19:21","date_gmt":"2019-07-09T17:19:21","guid":{"rendered":"https:\/\/redsemlac.com\/semmexico\/?p=9609"},"modified":"2023-07-21T14:50:46","modified_gmt":"2023-07-21T19:50:46","slug":"entresemana-40","status":"publish","type":"post","link":"https:\/\/redsemlac.com\/semmexico\/entresemana-40\/","title":{"rendered":"Entresemana"},"content":{"rendered":"\n<h2 class=\"wp-block-heading\">\u00bfUn peso completo para Morena?<\/h2>\n\n\n\n<p class=\"wp-block-paragraph\"><strong>Mois\u00e9s S\u00e1nchez Lim\u00f3n<\/strong><\/p>\n\n\n\n<p class=\"wp-block-paragraph\">SemM\u00e9xico, 9 julio 2019.- Para la dirigencia\nnacional de Morena que se elegir\u00e1 en noviembre pr\u00f3ximo, solo hay una opini\u00f3n y\nuna opci\u00f3n y \u00e9stas pasan por Palacio Nacional.<\/p>\n\n\n\n<p class=\"wp-block-paragraph\">Veamos. La corriente aglutinadora del descontento\nsocial que fortaleci\u00f3 al Movimiento Regeneraci\u00f3n Nacional ha comenzado a\ndiluirse; el bono democr\u00e1tico que llev\u00f3 a Andr\u00e9s Manuel L\u00f3pez Obrador se\ndecanta al ritmo en que la austeridad republicana ha emprendido un singular\nadelgazamiento de la administraci\u00f3n p\u00fablica federal con da\u00f1os colaterales en el\nsector privado.<\/p>\n\n\n\n<p class=\"wp-block-paragraph\">Por ello es importante consolidar al partido del\nPresidente. Un proceso elemental para evitar que el destino alcance a Morena en\nlos comicios intermedios de 2021, con ausencia de L\u00f3pez Obrador en las boletas\nde mantenerse firme la postura de la oposici\u00f3n legislativa de no aprobar que en\nla fecha de la elecci\u00f3n se vote la consulta para revocar el mandato al Presidente\nde la Rep\u00fablica.<\/p>\n\n\n\n<p class=\"wp-block-paragraph\">La insistencia de que en la boleta electoral del\nprimer domingo de junio de 2021 aparezca el nombre de Andr\u00e9s Manuel para que el\nciudadano decida si le revoca el mandato, se entiende en la elemental f\u00f3rmula\nde aplicar la ola AMLO ganadora en los comicios federales de 2018, cuando el\ntabasque\u00f1o arras\u00f3 en las urnas y se alz\u00f3 con poco m\u00e1s de 30 millones de\nsufragios, y mantener la mayor\u00eda en la C\u00e1mara de Diputados, que ser\u00e1 renovada\nen esa jornada del 6 de junio.<\/p>\n\n\n\n<p class=\"wp-block-paragraph\">A la luz de los resultados del primer a\u00f1o de la LXIV\nLegislatura federal, con la aprobaci\u00f3n de la Reforma Educativa y de la Reforma\nLaboral, la creaci\u00f3n de la Guardia Nacional y enmiendas constitucionales y de\nleyes secundarias que se integran como basamento sobre el que se construye la\n4T, puede considerarse que Morena est\u00e1 fortalecido como partido pol\u00edtico.<\/p>\n\n\n\n<p class=\"wp-block-paragraph\">Pero no hay tal. Diputados y senadores de Morena han\nsido disciplinados y pr\u00e1cticamente sin chistar han aprobado las propuestas del\nPresidente de la Rep\u00fablica. Pero el poder es el poder y, lejos de enderezarse\ncomo el acorazado que puede arrasar en los comicios intermedios de 2021, acusa\nproblemas de solidez, de unidad partidista. Y eso lo conoce de sobra el\ntabasque\u00f1o.<\/p>\n\n\n\n<p class=\"wp-block-paragraph\">Y es que las tribus heredadas del perredismo permean\nen las decisiones partidistas y en espacios legislativos\u00b8 han hibernado y est\u00e1n\nen v\u00edas de volver por sus fueros como evidencia el activismo del llamado\nMovimiento Nacional por la Esperanza, dirigido por Ren\u00e9 Bejarano y su esposa,\nla ahora diputada federal Dolores Padierna, vicepresidenta de la mesa directiva\nde la C\u00e1mara baja, y la corriente que encabeza Alejandro Rojas D\u00edaz Dur\u00e1n.<\/p>\n\n\n\n<p class=\"wp-block-paragraph\">D\u00edaz Dur\u00e1n por su cercan\u00eda con Ricardo Monreal\n\u00c1vila, podr\u00eda considerarse como el brazo beligerante y golpeador de \u00e9ste\nsenador que adem\u00e1s de ser coordinador de la bancada senatorial de Morena y\npresidente de la Junta de Coordinaci\u00f3n Pol\u00edtica, pr\u00e1cticamente tiene derecho de\npicaporte en Palacio Nacional, donde suele desayunar con el Presidente y\nacordar directamente como si fuera miembro del gabinete.<\/p>\n\n\n\n<p class=\"wp-block-paragraph\">Por tanto, nadie se traga la especie de que Rojas D\u00edaz\nDur\u00e1n act\u00faa independiente. Incluso, su cord\u00f3n umbilical est\u00e1 estrechamente\nunido con el ahora canciller Marcelo Ebrard \u2013 Monreal lo calific\u00f3 como el mejor\nintegrante del gabinete&#8211;, con quien renunci\u00f3 al PRI en busca de nuevos\nestadios y finalmente est\u00e1 en uno, en el de las ligas mayores donde podr\u00e1 hacer\nel trabajo que sabe hacer. Y reventar las aspiraciones de Yeidckol Polevensky\nes una encomienda en la que no puede fracasar.<\/p>\n\n\n\n<p class=\"wp-block-paragraph\">Porque, vea usted, es un secreto a voces el\nenfrentamiento existente entre Ricardo Monreal y la se\u00f1ora Polevnsky, cuya idea\nde dejar el cargo a una persona de sus confianzas tiene el objetivo de\nconsolidar a su grupo rumbo a los retos del futuro inmediato. Poder es poder.<\/p>\n\n\n\n<p class=\"wp-block-paragraph\">En \u00e9se \u00e1nimo se entiende la insistencia de Mart\u00ed\nBatres de reelegirse por un a\u00f1o m\u00e1s en la presidencia de la C\u00e1mara de\nSenadores, porque el equipo de la se\u00f1ora Yeidckol sali\u00f3 averiado del proceso en\nel que logr\u00f3 que Miguel Barbosa ganara la gubernatura de Puebla.<\/p>\n\n\n\n<p class=\"wp-block-paragraph\">\u00bfConviene al Presidente contar con un partido en el\nque se negocian cargos y nominaciones a modo de la lideresa? No, porque esa\nestructura no es garant\u00eda de que servir\u00e1 a la causa de Andr\u00e9s Manuel, cuyo\nfuturo despu\u00e9s de la Presidencia no ser\u00e1 precisamente la banca.<\/p>\n\n\n\n<p class=\"wp-block-paragraph\">En fin. \u00bfUsted apostar\u00eda por la candidatura de\nAlejandro Rojas D\u00edaz Dur\u00e1n a la presidencia nacional de Morena? Yo tampoco; ser\nrijoso y golpeador no es una carta de recomendaci\u00f3n para dirigir al partido del\nPresidente y, sobre todo, consolidarlo como el partido que merecemos los\nmexicanos, pero s\u00ed puede hacer la tarea de minar espacios, las rutas de la\nse\u00f1ora Citlalli Polevnsky.<\/p>\n\n\n\n<p class=\"wp-block-paragraph\">\u00bfEntonces? Lea usted lo que hace unas semanas dijo\nMario Delgado, cuando se le preguntaba, en entrevista para el diario El\nEconomista, de sus aspiraciones y si hay prioridad para pensar en la\npresidencia de Morena.<\/p>\n\n\n\n<p class=\"wp-block-paragraph\">\u201cSer\u00eda un gran error pensar que todo est\u00e1 ganado,\nque tenemos que seguir apoy\u00e1ndonos en la ola de Andr\u00e9s Manuel L\u00f3pez Obrador y\nno que el partido tiene que organizar tambi\u00e9n su propia fuerza para que ya no\ntenga que ser jalado por el presidente, sino que ayude a empujar al presidente\ny su proyecto\u201d.<\/p>\n\n\n\n<p class=\"wp-block-paragraph\">Eso es lo que piensa quien ha sido candidateado por\nRicardo Monreal, quien lo considera un peso pesado para dirigir a Morena.<\/p>\n\n\n\n<p class=\"wp-block-paragraph\">Mario Delgado Carrillo no se neg\u00f3 a esa calificaci\u00f3n\nde Monreal. No. Incluso en esa entrevista para El Economista declar\u00f3 que est\u00e1\ndispuesto al sacrificio.<\/p>\n\n\n\n<p class=\"wp-block-paragraph\">En junio de 2021 se renovar\u00e1 a la C\u00e1mara de\nDiputados y habr\u00e1 elecci\u00f3n de 13 nuevos gobernadores. \u00bfTiene Delgado la\nestatura y los amarres elementales de estas leyes no escritas para consolidar\nla mayor\u00eda legislativa y ganar esas gubernaturas?<\/p>\n\n\n\n<p class=\"wp-block-paragraph\">Bueno, si Monreal lo califica peso completo y\ndeposita en \u00e9l su confianza por consolidar a Morena a medio gobierno de Andr\u00e9s\nManuel, no es aventurado estimar que Regeneraci\u00f3n Nacional estar\u00eda dispuesto a\ndar la batalla para mantenerse en Palacio Nacional por un sexenio m\u00e1s.<\/p>\n\n\n\n<p class=\"wp-block-paragraph\">\u201cLa renovaci\u00f3n de\ndirigentes de MORENA debe ser a trav\u00e9s de una elecci\u00f3n abierta y democr\u00e1tica en\nla que participe el pueblo de M\u00e9xico, que es el alma del movimiento m\u00e1s\nimportante en la historia nacional\u201d, dijo ayer Alejandro Rojas D\u00edaz Dur\u00e1n y\nacot\u00f3:<\/p>\n\n\n\n<p class=\"wp-block-paragraph\">\u201cEn su momento legal, me registrar\u00e9 para competir al cargo de Presidente\ndel CEN de MORENA. En tanto, seguir\u00e9 dando la batalla para que la gente decida\nqui\u00e9nes deben ser los futuros dirigentes nacionales, estatales, federales,\nmunicipales y de las alcald\u00edas de la capital de la Rep\u00fablica\u201d. \u00bfUsted cree que\nse registre Rojas?<\/p>\n\n\n\n<p class=\"wp-block-paragraph\">&#8212;<strong>\u00bfUsted\naspira o le gustar\u00eda participar en el proceso para renovar la dirigencia\nnacional de Morena? \u2014preguntaron a Mario Delgado en esa entrevista para El\nEconomista.<\/strong><strong><\/strong><\/p>\n\n\n\n<p class=\"wp-block-paragraph\">\u2014Hay que privilegiar en el proceso de renovaci\u00f3n del\npartido, que el partido salga fortalecido. \u00c9sta debe ser la prioridad y en mi\ncaso yo esperar\u00eda a ver qu\u00e9 va a plantear el partido en este proceso de\nrenovaci\u00f3n, en qu\u00e9 condiciones y bajo qu\u00e9 reglas\u2014respondi\u00f3 Delgado.<\/p>\n\n\n\n<p class=\"wp-block-paragraph\">&#8212;<strong>\u00bfLe\ninteresa?<\/strong><strong><\/strong><\/p>\n\n\n\n<p class=\"wp-block-paragraph\">\u2014Yo estoy en una posici\u00f3n, la verdad que me honra\nmucho, me distingue mucho ser el coordinador de la mayor\u00eda de los diputados de\nMorena, todav\u00eda hay mucho trabajo qu\u00e9 hacer aqu\u00ed. Pero si yo puedo contribuir a\nfortalecer al partido, claro que estoy dispuesto a ello, pero hay que esperar\ntodav\u00eda la convocatoria del partido\u2014resolvi\u00f3 el a\u00fan coordinador de los\ndiputados federales de Morena.<\/p>\n\n\n\n<p class=\"wp-block-paragraph\">\u00bfPolevsnky tiene candidato? Subirse al encordado con\nel hombre de confianza de Ricardo Monreal fue una batalla que hab\u00eda perdido\ndesde el momento en que descalific\u00f3 al zacatecano y minimiz\u00f3 a Rojas D\u00edaz\nDur\u00e1n. Adem\u00e1s, la deferencia presidencial hacia Mario Delgado es la se\u00f1al que\nla a\u00fan encargada de la dirigencia de Morena no ha entendido. Conste.<\/p>\n\n\n\n<p class=\"wp-block-paragraph\"><a href=\"mailto:sanchezlimon@gmail.com\">sanchezlimon@gmail.com<\/a><\/p>\n\n\n\n<p class=\"wp-block-paragraph\"><a href=\"http:\/\/www.entresemana.mx\">www.entresemana.mx<\/a><\/p>\n\n\n\n<p class=\"wp-block-paragraph\">@msanchezlimon<\/p>\n","protected":false},"excerpt":{"rendered":"<p>\u00bfUn peso completo para Morena?<\/p>\n","protected":false},"author":3,"featured_media":8470,"comment_status":"open","ping_status":"open","sticky":false,"template":"","format":"standard","meta":{"_monsterinsights_skip_tracking":false,"footnotes":""},"categories":[690,105,83],"tags":[],"class_list":["post-9609","post","type-post","status-publish","format-standard","has-post-thumbnail","category-690","category-entresemana","category-moises-sanchez-limon"],"_links":{"self":[{"href":"https:\/\/redsemlac.com\/semmexico\/wp-json\/wp\/v2\/posts\/9609","targetHints":{"allow":["GET"]}}],"collection":[{"href":"https:\/\/redsemlac.com\/semmexico\/wp-json\/wp\/v2\/posts"}],"about":[{"href":"https:\/\/redsemlac.com\/semmexico\/wp-json\/wp\/v2\/types\/post"}],"author":[{"embeddable":true,"href":"https:\/\/redsemlac.com\/semmexico\/wp-json\/wp\/v2\/users\/3"}],"replies":[{"embeddable":true,"href":"https:\/\/redsemlac.com\/semmexico\/wp-json\/wp\/v2\/comments?post=9609"}],"version-history":[{"count":0,"href":"https:\/\/redsemlac.com\/semmexico\/wp-json\/wp\/v2\/posts\/9609\/revisions"}],"wp:featuredmedia":[{"embeddable":true,"href":"https:\/\/redsemlac.com\/semmexico\/wp-json\/wp\/v2\/media\/8470"}],"wp:attachment":[{"href":"https:\/\/redsemlac.com\/semmexico\/wp-json\/wp\/v2\/media?parent=9609"}],"wp:term":[{"taxonomy":"category","embeddable":true,"href":"https:\/\/redsemlac.com\/semmexico\/wp-json\/wp\/v2\/categories?post=9609"},{"taxonomy":"post_tag","embeddable":true,"href":"https:\/\/redsemlac.com\/semmexico\/wp-json\/wp\/v2\/tags?post=9609"}],"curies":[{"name":"wp","href":"https:\/\/api.w.org\/{rel}","templated":true}]}}