{"id":9606,"date":"2019-07-09T17:14:47","date_gmt":"2019-07-09T17:14:47","guid":{"rendered":"https:\/\/redsemlac.com\/semmexico\/?p=9606"},"modified":"2023-07-21T14:50:08","modified_gmt":"2023-07-21T19:50:08","slug":"asesinan-a-indigena-en-la-costa-chica-de-guerrero","status":"publish","type":"post","link":"https:\/\/redsemlac.com\/semmexico\/asesinan-a-indigena-en-la-costa-chica-de-guerrero\/","title":{"rendered":"Asesinan a ind\u00edgena en la Costa Chica de Guerrero"},"content":{"rendered":"\n<p class=\"wp-block-paragraph\"><strong><em>* El feminicidio se cometi\u00f3 con arma de fuego<\/em><\/strong><\/p>\n\n\n\n<p class=\"wp-block-paragraph\"><strong><em>* Tiempo atr\u00e1s tambi\u00e9n fue asesinada su hermana<\/em><\/strong><\/p>\n\n\n\n<p class=\"wp-block-paragraph\"><strong>Josefina Aguilar Pastor<\/strong> <\/p>\n\n\n\n<p class=\"wp-block-paragraph\">SemM\u00e9xico, Chilpancingo, Gro., 9 julio 2019.- Una mujer ind\u00edgena de la\nlocalidad de El Coyul, municipio de Ayutla de los Libres, en la regi\u00f3n Costa\nChica de Guerrero, fue asesinada a balazos.<\/p>\n\n\n\n<p class=\"wp-block-paragraph\">De acuerdo con reportes polic\u00edacos, alrededor de la 1 de la tarde de\neste lunes, habitantes de El Coyul, reportaron detonaciones de arma de fuego,\ncerca del punto conocido como El Tanque, elementos policiacos encontraron el\ncuerpo de una mujer en las llaves que surten de agua a la localidad.<\/p>\n\n\n\n<p class=\"wp-block-paragraph\">La v\u00edctima fue identificada por sus familiares como \u00c1ngela \u201cN\u201d de 25\na\u00f1os, quien seg\u00fan informaron acudi\u00f3 a ese lugar a revisar el suministro de su\nvivienda. El cuerpo presentaba al menos 12 disparos de arma de fuego.<\/p>\n\n\n\n<p class=\"wp-block-paragraph\">Seg\u00fan el parte policiaco, familiares de \u00c1ngela sospechan de su ex cu\u00f1ado, ya\nque la ex esposa \u2013hermana de ella-, tambi\u00e9n fue asesinada, aunque de ese caso\nno hay mayores detalles.<\/p>\n\n\n\n<p class=\"wp-block-paragraph\">SEM\/jap\/sj<\/p>\n","protected":false},"excerpt":{"rendered":"<p>El feminicidio se cometi\u00f3 con arma de fuego.<\/p>\n","protected":false},"author":3,"featured_media":9607,"comment_status":"open","ping_status":"open","sticky":false,"template":"","format":"standard","meta":{"_monsterinsights_skip_tracking":false,"footnotes":""},"categories":[690,54],"tags":[],"class_list":["post-9606","post","type-post","status-publish","format-standard","has-post-thumbnail","category-690","category-mujeres"],"_links":{"self":[{"href":"https:\/\/redsemlac.com\/semmexico\/wp-json\/wp\/v2\/posts\/9606","targetHints":{"allow":["GET"]}}],"collection":[{"href":"https:\/\/redsemlac.com\/semmexico\/wp-json\/wp\/v2\/posts"}],"about":[{"href":"https:\/\/redsemlac.com\/semmexico\/wp-json\/wp\/v2\/types\/post"}],"author":[{"embeddable":true,"href":"https:\/\/redsemlac.com\/semmexico\/wp-json\/wp\/v2\/users\/3"}],"replies":[{"embeddable":true,"href":"https:\/\/redsemlac.com\/semmexico\/wp-json\/wp\/v2\/comments?post=9606"}],"version-history":[{"count":0,"href":"https:\/\/redsemlac.com\/semmexico\/wp-json\/wp\/v2\/posts\/9606\/revisions"}],"wp:featuredmedia":[{"embeddable":true,"href":"https:\/\/redsemlac.com\/semmexico\/wp-json\/wp\/v2\/media\/9607"}],"wp:attachment":[{"href":"https:\/\/redsemlac.com\/semmexico\/wp-json\/wp\/v2\/media?parent=9606"}],"wp:term":[{"taxonomy":"category","embeddable":true,"href":"https:\/\/redsemlac.com\/semmexico\/wp-json\/wp\/v2\/categories?post=9606"},{"taxonomy":"post_tag","embeddable":true,"href":"https:\/\/redsemlac.com\/semmexico\/wp-json\/wp\/v2\/tags?post=9606"}],"curies":[{"name":"wp","href":"https:\/\/api.w.org\/{rel}","templated":true}]}}