{"id":95927,"date":"2025-06-06T20:00:09","date_gmt":"2025-06-07T02:00:09","guid":{"rendered":"https:\/\/redsemlac.com\/semmexico\/?p=95927"},"modified":"2025-06-06T20:00:10","modified_gmt":"2025-06-07T02:00:10","slug":"mirada-violeta-mes-del-orgullo-2","status":"publish","type":"post","link":"https:\/\/redsemlac.com\/semmexico\/mirada-violeta-mes-del-orgullo-2\/","title":{"rendered":"Mirada Violeta| Mes del orgullo"},"content":{"rendered":"\n<p class=\"wp-block-paragraph\">Lupita Ramos Ponce<\/p>\n\n\n\n<p class=\"wp-block-paragraph\">SemM\u00e9xico, Guadalajara, 6 de junio, 2025.- En junio, celebramos y reconocemos&nbsp;el Mes del Orgullo de Lesbianas, Gays, Bisexuales, Transg\u00e9nero (LGBT) en honor&nbsp;al Levantamiento de Stonewall de 1969.<\/p>\n\n\n\n<p class=\"wp-block-paragraph\">Se realiza para reafirmar el sentimiento de orgullo sobre las orientaciones&nbsp;sexuales e identidades de g\u00e9nero hist\u00f3ricamente marginadas y para visibilizar su&nbsp;presencia en la sociedad y sus exigencias.<\/p>\n\n\n\n<p class=\"wp-block-paragraph\">Si bien existen otros d\u00edas internacionales relacionados con la comunidad LGBT,&nbsp;oficiales en algunos casos, como el d\u00eda internacional de la visibilidad l\u00e9sbica (26&nbsp;de abril), el d\u00eda internacional contra la homofobia, transfobia y bifobia (17 de&nbsp;mayo), el d\u00eda internacional de las personas no binarias (14 de julio), el d\u00eda&nbsp;internacional de la bisexualidad (23 de septiembre), entre otros; la noci\u00f3n b\u00e1sica&nbsp;del \u201corgullo LGBT\u201d, &nbsp;<\/p>\n\n\n\n<p class=\"wp-block-paragraph\">surge como una respuesta pol\u00edtica hacia distintos mecanismos que el sistema&nbsp;heteropatriarcal utiliza contra quienes disienten de la heteronormatividad. &nbsp;<\/p>\n\n\n\n<p class=\"wp-block-paragraph\">Desde un punto de vista ling\u00fc\u00edstico, el t\u00e9rmino \u201corgullo\u201d designa: \u201cel amor propio o&nbsp;la estima que cada persona tiene de s\u00ed misma como merecedora de respeto o&nbsp;consideraci\u00f3n\u201d, esta definici\u00f3n transmite la idea de una dignidad intr\u00ednseca que&nbsp;todo ser humano posee y que no debe verse afectada por su orientaci\u00f3n sexual ni&nbsp;por su identidad de g\u00e9nero. &nbsp;<\/p>\n\n\n\n<p class=\"wp-block-paragraph\">El 28 de junio se celebra el D\u00eda Internacional del Orgullo LGBT, una fecha que&nbsp;busca promover la tolerancia, igualdad y dignidad de las personas lesbianas, gays,&nbsp;bisexuales y trans. Esta conmemoraci\u00f3n tiene sus ra\u00edces en los disturbios de&nbsp;Stonewall de 1969 en Nueva York. &nbsp;<\/p>\n\n\n\n<p class=\"wp-block-paragraph\">Los disturbios de Stonewall consistieron en una serie de manifestaciones&nbsp;espont\u00e1neas y violentas contra una redada policial que tuvo lugar en la&nbsp;madrugada del 28 de junio de 1969, en el bar conocido como Stonewalldel barrio&nbsp;neoyorkino de Greenwich Village, se reconoce que estos disturbios constituyeron&nbsp;el catalizador del movimiento LGBT en Estados Unidos y en todo el mundo.<\/p>\n\n\n\n<p class=\"wp-block-paragraph\">La primera marcha del orgullo tuvo lugar el 28 de junio de 1970 en la misma&nbsp;Ciudad de Nueva York, un a\u00f1o despu\u00e9s, para conmemorar en voz alta, sin tener&nbsp;que ocultarse y sin c\u00f3digo de vestimenta, a quienes lucharon por sus derechos.<\/p>\n\n\n\n<p class=\"wp-block-paragraph\">Lo que naci\u00f3 de un acto fuertemente pol\u00edtico, en una \u00e9poca en la que a\u00fan&nbsp;predominaba la intolerancia hacia \u201clo diferente\u201d, deriv\u00f3 en generaciones de&nbsp;personas Lesbianas, Gays, Bisexuales, Transg\u00e9nero (LGBT), que han luchado&nbsp;constantemente por sus derechos y respeto a su identidad, gracias a eso, el<\/p>\n\n\n\n<p class=\"wp-block-paragraph\">mundo es ahora un lugar m\u00e1s habitable para todas las personas en sus&nbsp;diversidades, que hace 10, 20 o 30 a\u00f1os.<\/p>\n\n\n\n<p class=\"wp-block-paragraph\">Cada a\u00f1o, las marchas del Orgullo se realizan en diversas ciudades del mundo,&nbsp;incluyendo la Ciudad de M\u00e9xico, que celebr\u00f3 su primera marcha del Orgullo en&nbsp;junio de 1979.<\/p>\n\n\n\n<p class=\"wp-block-paragraph\">El mes del orgullo, no solo celebra la diversidad sexual y de g\u00e9nero, sino que&nbsp;tambi\u00e9n subraya la importancia del reconocimiento de las sociedades diversas y&nbsp;disidentes.<\/p>\n\n\n\n<p class=\"wp-block-paragraph\">Celebremos pues el orgullo que significa ser Lesbianas, Gays, Bisexuales,&nbsp;Transg\u00e9nero (LGBT), Celebremos y conmemoremos la lucha hist\u00f3rica que han&nbsp;dado las disidencias sexuales y un\u00e1monos a las marchas que no olvidan el&nbsp;contenido pol\u00edtico de ser orgullosamente Lesbiana, Gay, Bisexual, Transg\u00e9nero o&nbsp;cualquier otra identidad no binaria. &nbsp;<\/p>\n\n\n\n<ul class=\"wp-block-list\">\n<li>\u00b7 Dra. Mar\u00eda Guadalupe Ramos Ponce<\/li>\n<\/ul>\n\n\n\n<p class=\"wp-block-paragraph\">Coordinadora de CLADEM en M\u00e9xico<\/p>\n\n\n\n<p class=\"wp-block-paragraph\">Profesora Investigadora de la UdeG.<\/p>\n\n\n\n<p class=\"wp-block-paragraph\">@dralupitaramosp<\/p>\n\n\n\n<p class=\"wp-block-paragraph\">lupitaramosponce@gmail.com<\/p>\n\n\n\n<p class=\"wp-block-paragraph\">Canal de Youtoube Dra. Lupita Ramos.<\/p>\n\n\n\n<p class=\"wp-block-paragraph\"><a href=\"https:\/\/www.youtube.com\/channel\/UCQ_bKrt9f4rkb7VST7-sYrg\">https:\/\/www.youtube.com\/channel\/UCQ_bKrt9f4rkb7VST7-sYrg<\/a><\/p>\n\n\n\n<p class=\"wp-block-paragraph\">www.cladem.org<\/p>\n\n\n\n<p class=\"wp-block-paragraph\">clademjalsc@gmail.com<\/p>\n\n\n\n<p class=\"wp-block-paragraph\"><\/p>\n","protected":false},"excerpt":{"rendered":"<p>Lupita Ramos Ponce SemM\u00e9xico, Guadalajara, 6 de junio, 2025.- En junio, celebramos y reconocemos&nbsp;el Mes del Orgullo de Lesbianas, Gays, Bisexuales, Transg\u00e9nero (LGBT) en honor&nbsp;al Levantamiento de Stonewall de 1969. Se realiza para reafirmar el sentimiento de orgullo sobre las orientaciones&nbsp;sexuales e identidades de g\u00e9nero hist\u00f3ricamente marginadas y para visibilizar su&nbsp;presencia en la sociedad y [&hellip;]<\/p>\n","protected":false},"author":3,"featured_media":69833,"comment_status":"open","ping_status":"open","sticky":false,"template":"","format":"standard","meta":{"_monsterinsights_skip_tracking":false,"footnotes":""},"categories":[110,91,35],"tags":[],"class_list":["post-95927","post","type-post","status-publish","format-standard","has-post-thumbnail","category-la-opinion-columnas","category-lupita-ramos-ponce","category-opinion"],"_links":{"self":[{"href":"https:\/\/redsemlac.com\/semmexico\/wp-json\/wp\/v2\/posts\/95927","targetHints":{"allow":["GET"]}}],"collection":[{"href":"https:\/\/redsemlac.com\/semmexico\/wp-json\/wp\/v2\/posts"}],"about":[{"href":"https:\/\/redsemlac.com\/semmexico\/wp-json\/wp\/v2\/types\/post"}],"author":[{"embeddable":true,"href":"https:\/\/redsemlac.com\/semmexico\/wp-json\/wp\/v2\/users\/3"}],"replies":[{"embeddable":true,"href":"https:\/\/redsemlac.com\/semmexico\/wp-json\/wp\/v2\/comments?post=95927"}],"version-history":[{"count":0,"href":"https:\/\/redsemlac.com\/semmexico\/wp-json\/wp\/v2\/posts\/95927\/revisions"}],"wp:featuredmedia":[{"embeddable":true,"href":"https:\/\/redsemlac.com\/semmexico\/wp-json\/wp\/v2\/media\/69833"}],"wp:attachment":[{"href":"https:\/\/redsemlac.com\/semmexico\/wp-json\/wp\/v2\/media?parent=95927"}],"wp:term":[{"taxonomy":"category","embeddable":true,"href":"https:\/\/redsemlac.com\/semmexico\/wp-json\/wp\/v2\/categories?post=95927"},{"taxonomy":"post_tag","embeddable":true,"href":"https:\/\/redsemlac.com\/semmexico\/wp-json\/wp\/v2\/tags?post=95927"}],"curies":[{"name":"wp","href":"https:\/\/api.w.org\/{rel}","templated":true}]}}