{"id":95882,"date":"2025-06-06T10:53:26","date_gmt":"2025-06-06T16:53:26","guid":{"rendered":"https:\/\/redsemlac.com\/semmexico\/?p=95882"},"modified":"2025-06-06T10:53:28","modified_gmt":"2025-06-06T16:53:28","slug":"rechazan-despenalizar-el-aborto-en-guanajuato","status":"publish","type":"post","link":"https:\/\/redsemlac.com\/semmexico\/rechazan-despenalizar-el-aborto-en-guanajuato\/","title":{"rendered":"Rechazan despenalizar el aborto en Guanajuato"},"content":{"rendered":"\n<ul class=\"wp-block-list\">\n<li>Diputada del PVEM cambi\u00f3 su voto en la sesi\u00f3n de ayer<\/li>\n\n\n\n<li>La legisladora Itzel Mendo sostiene que no es necesario despenalizar el aborto porque no hay mujeres presas<\/li>\n<\/ul>\n\n\n\n<p class=\"wp-block-paragraph\">Vivian Della Rocca<\/p>\n\n\n\n<p class=\"wp-block-paragraph\">SemM\u00e9xico\/El Sol de M\u00e9xico, Guanajuato, 6 de junio, 2025.- El voto \u201ca favor de la vida\u201d de la diputada local Itzel Mendo, del Partido Verde Ecologista de M\u00e9xico impidi\u00f3 que se aprobara la despenalizaci\u00f3n del aborto la tarde de este jueves.<\/p>\n\n\n\n<p class=\"wp-block-paragraph\">Su&nbsp;pronunciamiento en tribuna&nbsp;gener\u00f3 que todas las&nbsp;feministas a favor del aborto legal&nbsp;se manifestaran en el&nbsp;sal\u00f3n del Pleno, evitando que continuar\u00e1 la&nbsp;sesi\u00f3n ordinaria. Incluso&nbsp;prendieron v\u00e9ngalas de humo verde y morado, pintando todo el recinto del&nbsp;color a favor de su causa.<\/p>\n\n\n\n<p class=\"wp-block-paragraph\">Esto gener\u00f3 que&nbsp;personal de seguridad&nbsp;acudiera a la zona donde estaban los grupos conocidos tambi\u00e9n como&nbsp;\u201cmarea verde\u201d&nbsp;para&nbsp;retirar las v\u00e9ngalas.<\/p>\n\n\n\n<p class=\"wp-block-paragraph\">A la par del pronunciamiento de la diputada Mendo Gonz\u00e1lez, los&nbsp;grupos a favor de la vida&nbsp;gritaron&nbsp;\u201cNo est\u00e1s sola\u201d, celebrando la decisi\u00f3n de la legisladora. Lo mismo hicieron los&nbsp;diputados de Acci\u00f3n Nacional, quienes incluso se posicionaron detr\u00e1s de la legisladora verde para mostrar su apoyo.<\/p>\n\n\n\n<p class=\"wp-block-paragraph\">La diputada del Partido Verde sostuvo que la semana pasada rechaz\u00f3 la despenalizaci\u00f3n del aborto, lo hice con honestidad porque no creo que una mujer deba ir a prisi\u00f3n por abortar, cre\u00ed que era una forma de protegerlas. Despu\u00e9s de sesi\u00f3n volv\u00ed a casa con preguntas m\u00e1s profundas; escuch\u00e9 a mi distrito, habl\u00e9 con mujeres, con juristas, con mi grupo parlamentario y con mi conciencia. Hoy lo digo con claridad,&nbsp;hoy he cambiado de opini\u00f3n\u201d, lanz\u00f3 la diputada, mientras el Pleno enardec\u00eda.<\/p>\n\n\n\n<p class=\"wp-block-paragraph\">No estoy de acuerdo en que se normalice como pol\u00edtica p\u00fablica. En Guanajuato no hay mujeres en la prisi\u00f3n por abortar (&#8230;) Eso significa que no es necesario eliminar el tipo penal para proteger a la mujer, la mujer ya est\u00e1 protegida en este estado\u201d, zanj\u00f3.<\/p>\n\n\n\n<p class=\"wp-block-paragraph\">Y sigui\u00f3 con su postura, mientras de fondo las consignas iban en su contra:<\/p>\n\n\n\n<p class=\"wp-block-paragraph\"><br>\u201cNo soy ninguna vendida, lo hago con la frente en alto.&nbsp;Cambiar de opini\u00f3n no es traicionar a nadie, es escuchar, es madurar y es tomar responsabilidad. Hoy votar\u00e9 a favor del dictamen que rechaza la&nbsp;despenalizaci\u00f3n del aborto\u201d, sentenci\u00f3 la legisladora.<\/p>\n\n\n\n<p class=\"wp-block-paragraph\"><strong>Respeto, pero no apoy\u00f3 su decisi\u00f3n<\/strong><\/p>\n\n\n\n<p class=\"wp-block-paragraph\">En razonamiento del voto, el&nbsp;coordinador del Partido Verde,&nbsp;Sergio Contreras M\u00e9ndez, reconoci\u00f3 respetar la decisi\u00f3n de su compa\u00f1era, pero dijo no compartirla, para despu\u00e9s expresar que tendr\u00e1 todo su respaldo.<\/p>\n\n\n\n<p class=\"wp-block-paragraph\">\u201cMi voto fue como lo he manifestado siempre: para no criminalizar a las mujeres, y en ese sentido mi voto fue en contra. Tambi\u00e9n estuvimos debatiendo sobre la&nbsp;libertad de decisi\u00f3n de las mujeres, y hoy as\u00ed lo decidi\u00f3 mi compa\u00f1era, cambiar su voto.&nbsp;Respaldo su decisi\u00f3n, aunque no la comparta, pero ella ten\u00eda un derecho y as\u00ed lo manifest\u00f3 y lo sostuvo, y tiene mi respaldo y apoyo\u201d.<\/p>\n\n\n\n<p class=\"wp-block-paragraph\"><strong>Elimina el empate el voto del PVEM<\/strong><\/p>\n\n\n\n<p class=\"wp-block-paragraph\">La semana pasada, la votaci\u00f3n qued\u00f3 en&nbsp;empate&nbsp;sin una resoluci\u00f3n definitiva sobre la&nbsp;despenalizaci\u00f3n del aborto, con&nbsp;18 votos a favor&nbsp;y&nbsp;18 en contra. En aquella votaci\u00f3n, los diputados del Verde votaron en contra del archivo, y fue la&nbsp;diputada del PRI, Roc\u00edo Cervantes, quien gener\u00f3 el empate.<\/p>\n\n\n\n<p class=\"wp-block-paragraph\">Con una votaci\u00f3n de&nbsp;19 votos a favor del archivo, las&nbsp;tres iniciativas&nbsp;analizadas en los \u00faltimos meses \u2014presentadas por&nbsp;Morena,&nbsp;Movimiento Ciudadano&nbsp;y el&nbsp;propio PVEM&nbsp;de la pasada legislatura\u2014 quedaron&nbsp;fuera de la discusi\u00f3n p\u00fablica&nbsp;para legalizar el aborto. Sin embargo, esto&nbsp;no impide que se presente una nueva iniciativa&nbsp;en el futuro.<\/p>\n\n\n\n<p class=\"wp-block-paragraph\"><strong>Anuncian una alerta de g\u00e9nero<\/strong><\/p>\n\n\n\n<p class=\"wp-block-paragraph\">Tras la decisi\u00f3n en Pleno, la&nbsp;diputada de Movimiento Ciudadano,&nbsp;Sandra Pedroza Orozco, anunci\u00f3 que solicitar\u00e1n una&nbsp;nueva alerta de g\u00e9nero en Guanajuato por agravio comparado, adem\u00e1s de asegurar que no cesar\u00e1n en la lucha por los derechos de las mujeres.<\/p>\n\n\n\n<p class=\"wp-block-paragraph\">\u201cLa archivan (la iniciativa), pero lo volveremos a intentar y lo vamos a lograr. Porque&nbsp;nosotras ya llegamos y ellos ya se van. Se luchar\u00e1 en las calles y quedar\u00e1 en la&nbsp;memoria colectiva. Aqu\u00ed tambi\u00e9n, lo hemos hecho y seguiremos diciendo:&nbsp;no somos pocas y no est\u00e1n solas\u201d.<\/p>\n\n\n\n<p class=\"wp-block-paragraph\"><strong>Hasta los diputados se pelearon<\/strong><\/p>\n\n\n\n<p class=\"wp-block-paragraph\">Fue la&nbsp;discusi\u00f3n m\u00e1s acalorada&nbsp;vivida en el&nbsp;Pleno del Congreso de Guanajuato, con&nbsp;m\u00e1s de cuatro horas de debate. Incluso los propios diputados mostraron&nbsp;pancartas, letreros y consignas&nbsp;tanto a favor de la vida como de la&nbsp;no criminalizaci\u00f3n de las mujeres.<\/p>\n\n\n\n<p class=\"wp-block-paragraph\">Los&nbsp;legisladores del PAN&nbsp;mostraron letreros con mensajes como:&nbsp;\u201cMorena es Muerte\u201d,&nbsp;\u201cLa muerte no es bienestar\u201d, y usaron referencias a las muertes registradas en el pa\u00eds durante el sexenio de&nbsp;Andr\u00e9s Manuel L\u00f3pez Obrador.<\/p>\n\n\n\n<p class=\"wp-block-paragraph\">Por su parte,&nbsp;Morena&nbsp;respondi\u00f3 con pancartas que dec\u00edan:&nbsp;\u201cEl PAN dice defender la vida, pero en Guanajuato existen tres mil homicidios al a\u00f1o\u201d.<\/p>\n\n\n\n<p class=\"wp-block-paragraph\">El desorden fue tal que ni la&nbsp;presidenta de la Mesa Directiva,&nbsp;Miriam Reyes Carmona, pudo mantener el orden, debido a&nbsp;interrupciones y alusiones personales entre legisladores.<\/p>\n\n\n\n<p class=\"wp-block-paragraph\">En esta ocasi\u00f3n,&nbsp;los grupos provida&nbsp;fueron mayor\u00eda en el&nbsp;Palacio Legislativo, llenando el&nbsp;patio principal y el comedor&nbsp;del recinto. Por parte de los&nbsp;grupos feministas, se ocuparon todos los espacios asignados dentro del Pleno y tambi\u00e9n se sigui\u00f3 la discusi\u00f3n desde los&nbsp;salones de usos m\u00faltiples.<\/p>\n\n\n\n<p class=\"wp-block-paragraph\"><strong>Libertad de la mujer: un tema internacional<\/strong><\/p>\n\n\n\n<p class=\"wp-block-paragraph\">Durante la discusi\u00f3n del dictamen, la&nbsp;presidenta de la Comisi\u00f3n de Justicia,&nbsp;Eugenia Garc\u00eda Oliveros, sostuvo que la&nbsp;no criminalizaci\u00f3n de la mujer&nbsp;es un&nbsp;tema internacional, y record\u00f3 que&nbsp;organismos como la ONU&nbsp;han instado a Guanajuato a legislar en la materia. Mencion\u00f3 ejemplos como&nbsp;Nueva Zelanda,&nbsp;Canad\u00e1&nbsp;y&nbsp;Francia, donde se ha avanzado en este tema.<\/p>\n\n\n\n<p class=\"wp-block-paragraph\">\u201cHay un avance en la despenalizaci\u00f3n del aborto y la no criminalizaci\u00f3n. El&nbsp;Parlamento Europeo&nbsp;llam\u00f3 a despenalizar el aborto en concordancia con la&nbsp;OMS&nbsp;y regularizar su pr\u00e1ctica\u201d.<\/p>\n\n\n\n<p class=\"wp-block-paragraph\"><strong>Ocho estados sin despenalizar el aborto<\/strong><\/p>\n\n\n\n<p class=\"wp-block-paragraph\">Con esta decisi\u00f3n, Guanajuato se estanca en la lista de estados mexicanos que no han despenalizado el aborto en el pa\u00eds, pese a la sentencia de la Suprema Corte de Justicia de la Naci\u00f3n (SCJN) que ordena a los congresos locales armonizar sus leyes con los criterios constitucionales en materia de derechos reproductivos, revel\u00f3 la agencia EFE.<\/p>\n\n\n\n<p class=\"wp-block-paragraph\">Esta votaci\u00f3n estatal estuvo bajo la mirada de organismos internacionales como la Agencia de las Naciones Unidas para la Salud Sexual y Reproductiva (UNFPA), la cual previo a la votaci\u00f3n hizo un llamado con el que subray\u00f3 la urgencia por avanzar \u201chacia un marco normativo que garantice la igualdad y la protecci\u00f3n de los derechos humanos de las mujeres\u201d.<\/p>\n\n\n\n<p class=\"wp-block-paragraph\">El dictamen, que fue aplazado a discusi\u00f3n el pasado 29 de mayo por empate con 18 votos a favor y en contra, ten\u00eda como objetivo discutir tres iniciativas de reforma al C\u00f3digo Penal estatal en materia de despenalizaci\u00f3n del aborto voluntario.<\/p>\n\n\n\n<p class=\"wp-block-paragraph\">Guanajuato tiene la tasa m\u00e1s alta de embarazos adolescentes con un 31 por ciento, adem\u00e1s en este mismo estado han sido atendidas en hospitales 466 personas de 1 a 17 a\u00f1os por violencia sexual, el 90.8 por ciento de estos casos correspond\u00edan a mujeres, seg\u00fan cifras de la Red por los Derechos de la Infancia en M\u00e9xico.<\/p>\n\n\n\n<p class=\"wp-block-paragraph\">En 2007, la Ciudad de M\u00e9xico fue la primera jurisdicci\u00f3n del pa\u00eds en despenalizar el aborto hasta la semana 12 de gestaci\u00f3n, aunque recientemente el Congreso de la capital puso sobre la mesa la eliminaci\u00f3n del plazo para abortar, lo que -para el legislativo local- contribuye a la \u00abcriminalizaci\u00f3n y afecta a las mujeres m\u00e1s vulnerables\u00bb.<\/p>\n\n\n\n<p class=\"wp-block-paragraph\">A partir de 2019, la decisi\u00f3n de la Ciudad de M\u00e9xico fue adoptada progresivamente por los estados de Campeche, Chihuahua, Nayarit, Oaxaca, Veracruz, Hidalgo, Baja California, Colima, Guerrero, Baja California Sur, Quintana Roo, Aguascalientes, Sinaloa, Jalisco, San Luis Potos\u00ed, Puebla, Michoac\u00e1n, Zacatecas, Estado de M\u00e9xico, Chiapas, Coahuila, Yucat\u00e1n y Tabasco.<\/p>\n\n\n\n<p class=\"wp-block-paragraph\">SEM-El Sol de M\u00e9xico<\/p>\n","protected":false},"excerpt":{"rendered":"<p>Vivian Della Rocca SemM\u00e9xico\/El Sol de M\u00e9xico, Guanajuato, 6 de junio, 2025.- El voto \u201ca favor de la vida\u201d de la diputada local Itzel Mendo, del Partido Verde Ecologista de M\u00e9xico impidi\u00f3 que se aprobara la despenalizaci\u00f3n del aborto la tarde de este jueves. Su&nbsp;pronunciamiento en tribuna&nbsp;gener\u00f3 que todas las&nbsp;feministas a favor del aborto legal&nbsp;se [&hellip;]<\/p>\n","protected":false},"author":3,"featured_media":95883,"comment_status":"open","ping_status":"open","sticky":false,"template":"","format":"standard","meta":{"_monsterinsights_skip_tracking":false,"footnotes":""},"categories":[694],"tags":[],"class_list":["post-95882","post","type-post","status-publish","format-standard","has-post-thumbnail","category-destacadas"],"_links":{"self":[{"href":"https:\/\/redsemlac.com\/semmexico\/wp-json\/wp\/v2\/posts\/95882","targetHints":{"allow":["GET"]}}],"collection":[{"href":"https:\/\/redsemlac.com\/semmexico\/wp-json\/wp\/v2\/posts"}],"about":[{"href":"https:\/\/redsemlac.com\/semmexico\/wp-json\/wp\/v2\/types\/post"}],"author":[{"embeddable":true,"href":"https:\/\/redsemlac.com\/semmexico\/wp-json\/wp\/v2\/users\/3"}],"replies":[{"embeddable":true,"href":"https:\/\/redsemlac.com\/semmexico\/wp-json\/wp\/v2\/comments?post=95882"}],"version-history":[{"count":0,"href":"https:\/\/redsemlac.com\/semmexico\/wp-json\/wp\/v2\/posts\/95882\/revisions"}],"wp:featuredmedia":[{"embeddable":true,"href":"https:\/\/redsemlac.com\/semmexico\/wp-json\/wp\/v2\/media\/95883"}],"wp:attachment":[{"href":"https:\/\/redsemlac.com\/semmexico\/wp-json\/wp\/v2\/media?parent=95882"}],"wp:term":[{"taxonomy":"category","embeddable":true,"href":"https:\/\/redsemlac.com\/semmexico\/wp-json\/wp\/v2\/categories?post=95882"},{"taxonomy":"post_tag","embeddable":true,"href":"https:\/\/redsemlac.com\/semmexico\/wp-json\/wp\/v2\/tags?post=95882"}],"curies":[{"name":"wp","href":"https:\/\/api.w.org\/{rel}","templated":true}]}}