{"id":9584,"date":"2019-07-08T23:27:21","date_gmt":"2019-07-08T23:27:21","guid":{"rendered":"https:\/\/redsemlac.com\/semmexico\/?p=9584"},"modified":"2023-07-21T14:50:09","modified_gmt":"2023-07-21T19:50:09","slug":"instituciones-bancarias-no-dan-creditos-a-las-mujeres","status":"publish","type":"post","link":"https:\/\/redsemlac.com\/semmexico\/instituciones-bancarias-no-dan-creditos-a-las-mujeres\/","title":{"rendered":"Instituciones bancarias no dan cr\u00e9ditos a las mujeres"},"content":{"rendered":"\n<p class=\"wp-block-paragraph\"><strong><em>* Propone\ndiputada fortalecer la inclusi\u00f3n financiera de las mexicanas<\/em><\/strong><\/p>\n\n\n\n<p class=\"wp-block-paragraph\"><strong><em>* La\nmayor\u00eda de los cr\u00e9ditos son obtenidos en tiendas de autoservicios y\ndepartamentales<\/em><\/strong><\/p>\n\n\n\n<p class=\"wp-block-paragraph\"><strong>Lorena Vaniezcot<\/strong><\/p>\n\n\n\n<p class=\"wp-block-paragraph\">SemM\u00e9xico,\nCd. de M\u00e9xico, 8 julio 2019.- En M\u00e9xico, solo el 29 por ciento de la poblaci\u00f3n\nfemenina, de 18 a 70, a\u00f1os tiene acceso a cr\u00e9ditos formales, en su mayor\u00eda\notorgados por tiendas de autoservicio o departamentales y no por instituciones\nbancarias.<\/p>\n\n\n\n<p class=\"wp-block-paragraph\">En\ntanto, que el \u00faltimo levantamiento de informaci\u00f3n de inclusi\u00f3n financiera realizado\nen 2018, por parte del INEGI, muestra que s\u00f3lo el 46 por ciento tiene una\ncuenta propia y en las regiones con menos de 15 mil habitantes, el porcentaje\nes del 42 por ciento.<\/p>\n\n\n\n<p class=\"wp-block-paragraph\">As\u00ed\nlo se\u00f1al\u00f3 la secretaria de la Comisi\u00f3n de Presupuesto y Cuenta P\u00fablica,\ndiputada Fabiola Raquel Guadalupe Loya Hern\u00e1ndez (MC), quien, en un punto de\nacuerdo, pide exhortar a la Comisi\u00f3n Nacional para la Protecci\u00f3n y Defensa de\nlos Usuarios de Servicios Financieros (Condusef) a desarrollar una campa\u00f1a de\nasesor\u00eda y educaci\u00f3n bancaria en regiones rurales y zonas de atenci\u00f3n\nprioritaria con perspectiva de g\u00e9nero.<\/p>\n\n\n\n<p class=\"wp-block-paragraph\">Pesa\na que muchas mujeres se han quedado el frente de sus tierras por la migraci\u00f3n\nmasculina hacia Estados Unidos, sostuvo que no hay confianza por parte del\nsector bancario para otorgar a las mujeres un cr\u00e9dito, aunado a la brecha\nsalarial de las que son v\u00edctimas.<\/p>\n\n\n\n<p class=\"wp-block-paragraph\">De\nacuerdo con el Banco Mundial, en Am\u00e9rica Latina y el Caribe tan s\u00f3lo el 49 por\nciento de las mujeres tienen una cuenta bancaria, el 11 por ciento ahorra y el\n10 por ciento dispone de un cr\u00e9dito. Este deber\u00eda ser un indicativo que marcara\nuna pauta importante de inclusi\u00f3n y educaci\u00f3n financiera para las mujeres.<\/p>\n\n\n\n<p class=\"wp-block-paragraph\">Adem\u00e1s,\ndatos de la Comisi\u00f3n Econ\u00f3mica para Am\u00e9rica Latina y el Caribe (Cepal), en\nLatinoam\u00e9rica las mujeres ganan 84 por ciento menos de lo que ganan los\nhombres, por la carencia de conocimientos del comportamiento financiero.<\/p>\n\n\n\n<p class=\"wp-block-paragraph\">Por\nello, la diputada plante\u00f3 solicitar a la banca de desarrollo generar una\nestrategia que facilite la inclusi\u00f3n de las mujeres que viven en el sector\nrural; crear canales para el financiamiento de actividades laborales informales\na formales con perspectiva de g\u00e9nero.<\/p>\n\n\n\n<p class=\"wp-block-paragraph\">Tambi\u00e9n,\npropuso exhortar al Instituto Nacional de Estad\u00edstica y Geograf\u00eda a generar los\nindicadores desagregados por g\u00e9nero a partir de la Encuesta Nacional de\nInclusi\u00f3n Financiera para conocer su impacto en el bienestar.<\/p>\n\n\n\n<p class=\"wp-block-paragraph\">SEM\/lv\/sj<\/p>\n","protected":false},"excerpt":{"rendered":"<p>Propone diputada fortalecer la inclusi\u00f3n financiera de las mexicanas<\/p>\n","protected":false},"author":3,"featured_media":9585,"comment_status":"open","ping_status":"open","sticky":false,"template":"","format":"standard","meta":{"_monsterinsights_skip_tracking":false,"footnotes":""},"categories":[690,50],"tags":[],"class_list":["post-9584","post","type-post","status-publish","format-standard","has-post-thumbnail","category-690","category-congreso"],"_links":{"self":[{"href":"https:\/\/redsemlac.com\/semmexico\/wp-json\/wp\/v2\/posts\/9584","targetHints":{"allow":["GET"]}}],"collection":[{"href":"https:\/\/redsemlac.com\/semmexico\/wp-json\/wp\/v2\/posts"}],"about":[{"href":"https:\/\/redsemlac.com\/semmexico\/wp-json\/wp\/v2\/types\/post"}],"author":[{"embeddable":true,"href":"https:\/\/redsemlac.com\/semmexico\/wp-json\/wp\/v2\/users\/3"}],"replies":[{"embeddable":true,"href":"https:\/\/redsemlac.com\/semmexico\/wp-json\/wp\/v2\/comments?post=9584"}],"version-history":[{"count":0,"href":"https:\/\/redsemlac.com\/semmexico\/wp-json\/wp\/v2\/posts\/9584\/revisions"}],"wp:featuredmedia":[{"embeddable":true,"href":"https:\/\/redsemlac.com\/semmexico\/wp-json\/wp\/v2\/media\/9585"}],"wp:attachment":[{"href":"https:\/\/redsemlac.com\/semmexico\/wp-json\/wp\/v2\/media?parent=9584"}],"wp:term":[{"taxonomy":"category","embeddable":true,"href":"https:\/\/redsemlac.com\/semmexico\/wp-json\/wp\/v2\/categories?post=9584"},{"taxonomy":"post_tag","embeddable":true,"href":"https:\/\/redsemlac.com\/semmexico\/wp-json\/wp\/v2\/tags?post=9584"}],"curies":[{"name":"wp","href":"https:\/\/api.w.org\/{rel}","templated":true}]}}