{"id":9578,"date":"2019-07-08T23:12:12","date_gmt":"2019-07-08T23:12:12","guid":{"rendered":"https:\/\/redsemlac.com\/semmexico\/?p=9578"},"modified":"2023-07-21T14:50:09","modified_gmt":"2023-07-21T19:50:09","slug":"un-juez-debe-determinar-si-devuelve-o-no-a-un-nino-a-su-madre","status":"publish","type":"post","link":"https:\/\/redsemlac.com\/semmexico\/un-juez-debe-determinar-si-devuelve-o-no-a-un-nino-a-su-madre\/","title":{"rendered":"Un juez debe determinar si devuelve o no a un ni\u00f1o a su madre"},"content":{"rendered":"\n<p class=\"wp-block-paragraph\"><strong><em>* La madre que sufr\u00eda depresi\u00f3n post parto lo habr\u00eda abandonado<\/em><\/strong><\/p>\n\n\n\n<p class=\"wp-block-paragraph\"><strong>* Debe haber un proceso legal, se\u00f1ala presidente la CDHEG<\/strong><\/p>\n\n\n\n<p class=\"wp-block-paragraph\"><strong>Josefina Aguilar Pastor <\/strong><\/p>\n\n\n\n<p class=\"wp-block-paragraph\">SemM\u00e9xico, Chilpancingo,\nGro., 8 julio 2019.- Un juez podr\u00eda ser quien resuelva el conflicto entre el\nDIF municipal de Tlapa, el Ministerio P\u00fablico y la madre de un menor, quien al padecer\ndepresi\u00f3n post parto, lo habr\u00eda dejado en la calle, dijo Ram\u00f3n Navarrete\nMagdaleno, presidente de la Comisi\u00f3n de Derechos Humanos del Estado de Guerrero\n(CDHEG).<\/p>\n\n\n\n<p class=\"wp-block-paragraph\">Lo anterior,\nexplic\u00f3, porque ni el DIF municipal de Tlapa ni el Ministerio P\u00fablico, han\npodido llegar a un acuerdo, para ver si resuelve devolver al menor con su\nmadre.<\/p>\n\n\n\n<p class=\"wp-block-paragraph\">\u201cHay imputaciones\ndel abandono del ni\u00f1o en una bolsa de pl\u00e1stico, cerrada herm\u00e9ticamente, me\nllegan los informes, y que por suerte la bolsa estaba un poco rota y pudo\nsobrevivir el menor y es parte de la investigaci\u00f3n\u201d, por ello, es el \u00f3rgano\njurisdiccional el que deber\u00e1 resolver, s\u00ed el beb\u00e9 es devuelto a su madre\nbiol\u00f3gica o lo entrega en adopci\u00f3n definitiva al matrimonio que actualmente lo\nmantiene bajo su cuidado, refiri\u00f3 el ombudsman.<\/p>\n\n\n\n<p class=\"wp-block-paragraph\">Navarrete Magdaleno\nconsider\u00f3 que, en este caso, personal de psicolog\u00eda deber\u00e1 hacer una valoraci\u00f3n\nde la medre del menor, para determinar si est\u00e1 o no en condiciones de cuidarlo,\ndebido a que hay un primer diagn\u00f3stico, -que determin\u00f3 que sufr\u00eda depresi\u00f3n\npost parto-, pero deber\u00e1n ser las autoridades jurisdiccionales las que una vez\ncon todos los elementos: la versi\u00f3n de la madre, las autoridades, y personal\nm\u00e9dico, determinen lo procedente.<\/p>\n\n\n\n<p class=\"wp-block-paragraph\">El presidente de la\nCDHEG dijo que dicha dependencia no tiene injerencia en el caso, solo ha\notorgado acompa\u00f1amiento a ambas partes, tanto a la madre del menor, como a los\n\u201cpadres de acogida\u201d, no de adoptivos, porque no ha habido el proceso oficial de\nadopci\u00f3n; para ello, tendr\u00edan que entregar al ni\u00f1o e iniciar los tr\u00e1mites\nreglamentarios y agreg\u00f3 que \u00e9stos \u201ctienen la voluntad de regresarlo cuando la\nautoridad judicial se los indique, ellos no est\u00e1n neg\u00e1ndose\u201d, afirm\u00f3 el\nfuncionario.<\/p>\n\n\n\n<p class=\"wp-block-paragraph\">Se\u00f1al\u00f3 que ser\u00eda\nmuy comprometido que, en estos momentos, el DIF de Tlapa o el Ministerio P\u00fablico,\nentregaran en adopci\u00f3n al beb\u00e9 sin un proceso legal de adopci\u00f3n y sin un\ndeslindar a quien debe entregarlo, \u201cde lo contrario podr\u00edan incurrir en alguna\nresponsabilidad\u201d, apunt\u00f3.<\/p>\n\n\n\n<p class=\"wp-block-paragraph\">De acuerdo al Centro\nde Derechos Humanos de la Monta\u00f1a Tlalchinollan, Yaqueline Cruz Nemorio, de 23\na\u00f1os, dio a luz a Luis Miguel el 29 de octubre de 2018, en el hospital de Tlapa,\nal padecer trastorno depresivo y, sin plena conciencia de sus actos, dej\u00f3 al\nbeb\u00e9 en una calle; y el DIF municipal de Tlapa, lo entreg\u00f3 a una familia que lo\ncuida ahora, sin llevar a cabo el debido proceso legal de adopci\u00f3n.<\/p>\n\n\n\n<p class=\"wp-block-paragraph\">&nbsp;SEM\/jap\/sj<\/p>\n","protected":false},"excerpt":{"rendered":"<p>La madre que sufr\u00eda depresi\u00f3n post parto lo habr\u00eda abandonado<\/p>\n","protected":false},"author":3,"featured_media":9579,"comment_status":"open","ping_status":"open","sticky":false,"template":"","format":"standard","meta":{"_monsterinsights_skip_tracking":false,"footnotes":""},"categories":[690,51],"tags":[],"class_list":["post-9578","post","type-post","status-publish","format-standard","has-post-thumbnail","category-690","category-ejecutivo"],"_links":{"self":[{"href":"https:\/\/redsemlac.com\/semmexico\/wp-json\/wp\/v2\/posts\/9578","targetHints":{"allow":["GET"]}}],"collection":[{"href":"https:\/\/redsemlac.com\/semmexico\/wp-json\/wp\/v2\/posts"}],"about":[{"href":"https:\/\/redsemlac.com\/semmexico\/wp-json\/wp\/v2\/types\/post"}],"author":[{"embeddable":true,"href":"https:\/\/redsemlac.com\/semmexico\/wp-json\/wp\/v2\/users\/3"}],"replies":[{"embeddable":true,"href":"https:\/\/redsemlac.com\/semmexico\/wp-json\/wp\/v2\/comments?post=9578"}],"version-history":[{"count":0,"href":"https:\/\/redsemlac.com\/semmexico\/wp-json\/wp\/v2\/posts\/9578\/revisions"}],"wp:featuredmedia":[{"embeddable":true,"href":"https:\/\/redsemlac.com\/semmexico\/wp-json\/wp\/v2\/media\/9579"}],"wp:attachment":[{"href":"https:\/\/redsemlac.com\/semmexico\/wp-json\/wp\/v2\/media?parent=9578"}],"wp:term":[{"taxonomy":"category","embeddable":true,"href":"https:\/\/redsemlac.com\/semmexico\/wp-json\/wp\/v2\/categories?post=9578"},{"taxonomy":"post_tag","embeddable":true,"href":"https:\/\/redsemlac.com\/semmexico\/wp-json\/wp\/v2\/tags?post=9578"}],"curies":[{"name":"wp","href":"https:\/\/api.w.org\/{rel}","templated":true}]}}