{"id":95753,"date":"2025-06-02T19:49:13","date_gmt":"2025-06-03T01:49:13","guid":{"rendered":"https:\/\/redsemlac.com\/semmexico\/?p=95753"},"modified":"2025-06-02T20:43:48","modified_gmt":"2025-06-03T02:43:48","slug":"letra-clara-revive-rosario-castellanos-en-su-centenario","status":"publish","type":"post","link":"https:\/\/redsemlac.com\/semmexico\/letra-clara-revive-rosario-castellanos-en-su-centenario\/","title":{"rendered":"Letra Clara| REVIVE ROSARIO CASTELLANOS EN SU CENTENARIO"},"content":{"rendered":"\n<p class=\"wp-block-paragraph\">Teresa Vald\u00e9s Betancourt<\/p>\n\n\n\n<p class=\"wp-block-paragraph\">SemM\u00e9xico, Colima, Colima, 2 de junio,&nbsp;&nbsp;&nbsp;&nbsp; 2025.-Protagonizado por mujeres poetas, el homenaje a Rosario Castellanos en el centenario de su nacimiento fue arropado durante el c\u00e1lido atardecer en el patio de la Casa del Archivo en Colima. As\u00ed, las palabras insurrectas tambi\u00e9n renacieron desde sus poemas y en los textos originales de Julieta Far\u00edas, Jetzabeth Fonseca, Georgina Navarro, Adriana de la Mora&nbsp; y de Ver\u00f3nica&nbsp; Zamora, su organizadora.<\/p>\n\n\n\n<p class=\"wp-block-paragraph\">Resulta novedoso que diferentes iniciativas y campa\u00f1as por el uso del idioma promueven que cada 25 de mayo, sea para conmemorar el D\u00eda para visibilizar el lenguaje incluyente. Precisamente&nbsp; las palabras motivaron el largo quehacer de la vida y obra de Rosario Castellanos Figueroa quien&nbsp; experiment\u00f3 la dificultad de encontrar la voz femenina en el lenguaje patriarcal &nbsp;y esa realidad, la expres\u00f3 como&nbsp; tema central en su quehacer intelectual.<\/p>\n\n\n\n<p class=\"wp-block-paragraph\">Ella naci\u00f3 en M\u00e9xico el 25 de mayo 1925 y falleci\u00f3 en Israel el 7 de agosto 1974, sus padres Adriana Figueroa y C\u00e9sar Castellanos, originaria de una familia t\u00edpica de aquella \u00e9poca sufri\u00f3 una educaci\u00f3n claramente diferenciada para ni\u00f1as y ni\u00f1os que, Rosario padeci\u00f3 desde la infancia.<\/p>\n\n\n\n<p class=\"wp-block-paragraph\">Como una de las escritoras mexicanas m\u00e1s reconocidas de la literatura universal logr\u00f3 combinar la escritura con la promoci\u00f3n cultural, la docencia, el periodismo y la diplomacia porque incursion\u00f3 con \u00e9xito, en poes\u00eda, novela, cuento y hasta en la dramaturgia teatral.<\/p>\n\n\n\n<p class=\"wp-block-paragraph\">Ella consideraba que, \u201cel sentido de la palabra est\u00e1 en su destinatario: el otro que escucha, que entiende y que, cuando responde, convierte a su interlocutor en el que escucha y el que entiende, estableciendo as\u00ed, la relaci\u00f3n del di\u00e1logo que s\u00f3lo es posible entre quienes se consideran y se tratan como iguales y que s\u00f3lo es fruct\u00edfero entre quienes se quieren libres\u201d<\/p>\n\n\n\n<p class=\"wp-block-paragraph\">En el texto <em>Notas al margen: el lenguaje, como instrumento de dominio<\/em> publicado en&nbsp;&nbsp; <em>Mujer que sabe lat\u00edn<\/em> en 1973, una colecci\u00f3n de ensayos que analiza el papel de la mujer en la sociedad mexicana, los roles de g\u00e9nero y la cr\u00edtica a la cultura patriarcal Rosario Castellanos, desnuda la manipulaci\u00f3n del lenguaje y su uso para ejercer dominio cultural.<\/p>\n\n\n\n<p class=\"wp-block-paragraph\">Asimismo, reflexiona sobre la capacidad de la lengua para rescatar nuestro libre albedr\u00edo y romper con toda especie de r\u00e9gimen ideol\u00f3gico totalitario que otra persona o entidad pueda o desee imponer sobre nosotros y nosotras.<\/p>\n\n\n\n<p class=\"wp-block-paragraph\">En consecuencia aquella imposiciones cultural patriarcal, pospon\u00eda para estos tiempos, quiz\u00e1s los contempor\u00e1neos de las feministas actuales, esos \u201cnuevos retos para deconstruir con un nuevo \u201cdominio de la lengua, para recomponer, reconstruir, renombrar y reconocer, entre las ruinas de nuestra historia, nuestro pasado, un sentido de colectividad que nos permita desarrollar una conciencia plena de nosotros mismos libres y del otro tambi\u00e9n.\u201d<\/p>\n\n\n\n<p class=\"wp-block-paragraph\">En el ensayo <em>Entre la libertad y la frontera: el lenguaje en un ensayo de Rosario Castellanos, Pablo<\/em> Hoz 1955, Licenciado en Lengua y Literaturas Hisp\u00e1nicas argumenta:<\/p>\n\n\n\n<p class=\"wp-block-paragraph\">\u201cDe igual forma, la autora nos recuerda que es una obligaci\u00f3n usar fielmente, con nitidez o precisi\u00f3n, las palabras, porque no hacerlo es \u201ctraicionar a la cosa que aspiraba a ser\u201d (Castellanos, 2014, p. 140). Porque para Rosario Castellanos, s\u00f3lo se puede ser libre si asimos la realidad con toda su veracidad por medio del lenguaje, y el di\u00e1logo s\u00f3lo existe en condiciones iguales, entre semejantes que se quieren sin imposiciones ni ataduras. <em>https:\/\/irradiacion.com.mx\/entre-la-libertad-y-la-frontera\/<\/em><\/p>\n\n\n\n<p class=\"wp-block-paragraph\">La insurrecta Rosario Castellanos en su centenario sigue viva, con el avance y perfeccionamiento del lenguaje incluyente no sexista, que hace visible la presencia jur\u00eddica femenina alcanzada por la paridad pol\u00edtica. Cada homenaje la actualiza, como ejemplo inmortal a seguir en este camino sororal, largo, tortuoso, ideol\u00f3gico y dif\u00edcil.<\/p>\n\n\n\n<p class=\"wp-block-paragraph\">@Letra Clara<\/p>\n\n\n\n<figure class=\"wp-block-gallery has-nested-images columns-default is-cropped wp-block-gallery-1 is-layout-flex wp-block-gallery-is-layout-flex\">\n<figure class=\"wp-block-image size-large\"><a href=\"https:\/\/redsemlac.com\/semmexico\/wp-content\/uploads\/2025\/06\/Screenshot_20250602-194316.Word-1.png\"><img loading=\"lazy\" decoding=\"async\" width=\"1024\" height=\"698\" data-id=\"95757\" src=\"https:\/\/redsemlac.com\/semmexico\/wp-content\/uploads\/2025\/06\/Screenshot_20250602-194316.Word-1-1024x698.png\" alt=\"\" class=\"wp-image-95757\" srcset=\"https:\/\/redsemlac.com\/semmexico\/wp-content\/uploads\/2025\/06\/Screenshot_20250602-194316.Word-1-1024x698.png 1024w, https:\/\/redsemlac.com\/semmexico\/wp-content\/uploads\/2025\/06\/Screenshot_20250602-194316.Word-1-300x205.png 300w, https:\/\/redsemlac.com\/semmexico\/wp-content\/uploads\/2025\/06\/Screenshot_20250602-194316.Word-1-768x524.png 768w, https:\/\/redsemlac.com\/semmexico\/wp-content\/uploads\/2025\/06\/Screenshot_20250602-194316.Word-1-150x102.png 150w, https:\/\/redsemlac.com\/semmexico\/wp-content\/uploads\/2025\/06\/Screenshot_20250602-194316.Word-1-218x150.png 218w, https:\/\/redsemlac.com\/semmexico\/wp-content\/uploads\/2025\/06\/Screenshot_20250602-194316.Word-1-696x475.png 696w, https:\/\/redsemlac.com\/semmexico\/wp-content\/uploads\/2025\/06\/Screenshot_20250602-194316.Word-1-1068x728.png 1068w, https:\/\/redsemlac.com\/semmexico\/wp-content\/uploads\/2025\/06\/Screenshot_20250602-194316.Word-1.png 1220w\" sizes=\"auto, (max-width: 1024px) 100vw, 1024px\" \/><\/a><\/figure>\n\n\n\n<figure class=\"wp-block-image size-large\"><a href=\"https:\/\/redsemlac.com\/semmexico\/wp-content\/uploads\/2025\/06\/Screenshot_20250602-194324.Word-1.png\"><img loading=\"lazy\" decoding=\"async\" width=\"1024\" height=\"1024\" data-id=\"95755\" src=\"https:\/\/redsemlac.com\/semmexico\/wp-content\/uploads\/2025\/06\/Screenshot_20250602-194324.Word-1-1024x1024.png\" alt=\"\" class=\"wp-image-95755\" srcset=\"https:\/\/redsemlac.com\/semmexico\/wp-content\/uploads\/2025\/06\/Screenshot_20250602-194324.Word-1-1024x1024.png 1024w, https:\/\/redsemlac.com\/semmexico\/wp-content\/uploads\/2025\/06\/Screenshot_20250602-194324.Word-1-300x300.png 300w, https:\/\/redsemlac.com\/semmexico\/wp-content\/uploads\/2025\/06\/Screenshot_20250602-194324.Word-1-150x150.png 150w, https:\/\/redsemlac.com\/semmexico\/wp-content\/uploads\/2025\/06\/Screenshot_20250602-194324.Word-1-768x769.png 768w, https:\/\/redsemlac.com\/semmexico\/wp-content\/uploads\/2025\/06\/Screenshot_20250602-194324.Word-1-696x697.png 696w, https:\/\/redsemlac.com\/semmexico\/wp-content\/uploads\/2025\/06\/Screenshot_20250602-194324.Word-1-1068x1069.png 1068w, https:\/\/redsemlac.com\/semmexico\/wp-content\/uploads\/2025\/06\/Screenshot_20250602-194324.Word-1.png 1169w\" sizes=\"auto, (max-width: 1024px) 100vw, 1024px\" \/><\/a><\/figure>\n<\/figure>\n","protected":false},"excerpt":{"rendered":"<p>Teresa Vald\u00e9s Betancourt SemM\u00e9xico, Colima, Colima, 2 de junio,&nbsp;&nbsp;&nbsp;&nbsp; 2025.-Protagonizado por mujeres poetas, el homenaje a Rosario Castellanos en el centenario de su nacimiento fue arropado durante el c\u00e1lido atardecer en el patio de la Casa del Archivo en Colima. As\u00ed, las palabras insurrectas tambi\u00e9n renacieron desde sus poemas y en los textos originales de [&hellip;]<\/p>\n","protected":false},"author":3,"featured_media":9180,"comment_status":"open","ping_status":"open","sticky":false,"template":"","format":"standard","meta":{"_monsterinsights_skip_tracking":false,"footnotes":""},"categories":[101,35,79],"tags":[],"class_list":["post-95753","post","type-post","status-publish","format-standard","has-post-thumbnail","category-letra-clara","category-opinion","category-teresa-valdes-betancourt"],"_links":{"self":[{"href":"https:\/\/redsemlac.com\/semmexico\/wp-json\/wp\/v2\/posts\/95753","targetHints":{"allow":["GET"]}}],"collection":[{"href":"https:\/\/redsemlac.com\/semmexico\/wp-json\/wp\/v2\/posts"}],"about":[{"href":"https:\/\/redsemlac.com\/semmexico\/wp-json\/wp\/v2\/types\/post"}],"author":[{"embeddable":true,"href":"https:\/\/redsemlac.com\/semmexico\/wp-json\/wp\/v2\/users\/3"}],"replies":[{"embeddable":true,"href":"https:\/\/redsemlac.com\/semmexico\/wp-json\/wp\/v2\/comments?post=95753"}],"version-history":[{"count":0,"href":"https:\/\/redsemlac.com\/semmexico\/wp-json\/wp\/v2\/posts\/95753\/revisions"}],"wp:featuredmedia":[{"embeddable":true,"href":"https:\/\/redsemlac.com\/semmexico\/wp-json\/wp\/v2\/media\/9180"}],"wp:attachment":[{"href":"https:\/\/redsemlac.com\/semmexico\/wp-json\/wp\/v2\/media?parent=95753"}],"wp:term":[{"taxonomy":"category","embeddable":true,"href":"https:\/\/redsemlac.com\/semmexico\/wp-json\/wp\/v2\/categories?post=95753"},{"taxonomy":"post_tag","embeddable":true,"href":"https:\/\/redsemlac.com\/semmexico\/wp-json\/wp\/v2\/tags?post=95753"}],"curies":[{"name":"wp","href":"https:\/\/api.w.org\/{rel}","templated":true}]}}