{"id":95704,"date":"2025-06-01T16:41:41","date_gmt":"2025-06-01T22:41:41","guid":{"rendered":"https:\/\/redsemlac.com\/semmexico\/?p=95704"},"modified":"2025-06-01T16:42:14","modified_gmt":"2025-06-01T22:42:14","slug":"presidenta-claudia-sheinbaum-celebra-el-dia-de-la-marina-en-acapulco","status":"publish","type":"post","link":"https:\/\/redsemlac.com\/semmexico\/presidenta-claudia-sheinbaum-celebra-el-dia-de-la-marina-en-acapulco\/","title":{"rendered":"Presidenta Claudia Sheinbaum celebra el D\u00eda de la Marina en Acapulco"},"content":{"rendered":"\n<p class=\"wp-block-paragraph\">La presidenta Claudia Sheinbaum Pardo, llegando a las instalaciones de la Marina en Acapulco.&nbsp;\/&nbsp;Foto: Mart\u00edn G\u00f3mez \/ El Sol de Acapulco<\/p>\n\n\n\n<p class=\"wp-block-paragraph\">El evento fue privado y no hubo acceso a medios de comunicaci\u00f3n<\/p>\n\n\n\n<p class=\"wp-block-paragraph\">Enrique Hern\u00e1ndez<\/p>\n\n\n\n<p class=\"wp-block-paragraph\">SemM\u00e9xico \/ El Sol de Acapulco, Acapulco, 01 de junio, 2025.- La presidenta de la Rep\u00fablica, Claudia Sheinbaum Pardo, conmemor\u00f3 este domingo en el puerto de Acapulco la ceremonia por el D\u00eda de la Marina en un evento realizado de manera privada en las instalaciones de la Octava Regi\u00f3n Naval.<\/p>\n\n\n\n<p class=\"wp-block-paragraph\">Cerca de las 12 horas con 20 minutos, la mandataria de la naci\u00f3n arrib\u00f3 a las instalaciones de la Marina ubicadas sobre costera Miguel Alem\u00e1n a la altura del acceso a la colonia colonia Icacos de este puerto, donde fue recibida por la gobernadora Evelyn Salgado Pineda y autoridades militares.<\/p>\n\n\n\n<p class=\"wp-block-paragraph\">Cinco camionetas color negro blindadas, ingresaron a las instalaciones donde se realiz\u00f3 el acto conmemorativo al D\u00eda de la Marina en privado y sin la presencia de ning\u00fan representante de los medios de comunicaci\u00f3n.<\/p>\n\n\n\n<p class=\"wp-block-paragraph\">Casi una hora despu\u00e9s Claudia Sheinbaum Pardo y su comitiva, abordaron embarcaciones para dirigirse mar adentro y seguir con el protocolo de depositar una ofrenda floral.A bordo de varias embarcaciones la jefa del Ejecutivo Federal realiz\u00f3 este acto solemne y posteriormente regres\u00f3 a las instalaciones de la Marina donde sostuvo reuniones privadas con las autoridades.<\/p>\n\n\n\n<p class=\"wp-block-paragraph\">Durante la ceremonia encabezada por la mandataria federal, un helic\u00f3ptero de la Marina, sobrevol\u00f3 la bah\u00eda de Acapulco, como parte del operativo de seguridad que se implement\u00f3 por la visita de la presidente al puerto.<\/p>\n","protected":false},"excerpt":{"rendered":"<p>La presidenta Claudia Sheinbaum Pardo, llegando a las instalaciones de la Marina en Acapulco.&nbsp;\/&nbsp;Foto: Mart\u00edn G\u00f3mez \/ El Sol de Acapulco El evento fue privado y no hubo acceso a medios de comunicaci\u00f3n Enrique Hern\u00e1ndez SemM\u00e9xico \/ El Sol de Acapulco, Acapulco, 01 de junio, 2025.- La presidenta de la Rep\u00fablica, Claudia Sheinbaum Pardo, conmemor\u00f3 [&hellip;]<\/p>\n","protected":false},"author":3,"featured_media":95705,"comment_status":"open","ping_status":"open","sticky":false,"template":"","format":"standard","meta":{"_monsterinsights_skip_tracking":false,"footnotes":""},"categories":[903],"tags":[],"class_list":["post-95704","post","type-post","status-publish","format-standard","has-post-thumbnail","category-presidenta-y-mas"],"_links":{"self":[{"href":"https:\/\/redsemlac.com\/semmexico\/wp-json\/wp\/v2\/posts\/95704","targetHints":{"allow":["GET"]}}],"collection":[{"href":"https:\/\/redsemlac.com\/semmexico\/wp-json\/wp\/v2\/posts"}],"about":[{"href":"https:\/\/redsemlac.com\/semmexico\/wp-json\/wp\/v2\/types\/post"}],"author":[{"embeddable":true,"href":"https:\/\/redsemlac.com\/semmexico\/wp-json\/wp\/v2\/users\/3"}],"replies":[{"embeddable":true,"href":"https:\/\/redsemlac.com\/semmexico\/wp-json\/wp\/v2\/comments?post=95704"}],"version-history":[{"count":0,"href":"https:\/\/redsemlac.com\/semmexico\/wp-json\/wp\/v2\/posts\/95704\/revisions"}],"wp:featuredmedia":[{"embeddable":true,"href":"https:\/\/redsemlac.com\/semmexico\/wp-json\/wp\/v2\/media\/95705"}],"wp:attachment":[{"href":"https:\/\/redsemlac.com\/semmexico\/wp-json\/wp\/v2\/media?parent=95704"}],"wp:term":[{"taxonomy":"category","embeddable":true,"href":"https:\/\/redsemlac.com\/semmexico\/wp-json\/wp\/v2\/categories?post=95704"},{"taxonomy":"post_tag","embeddable":true,"href":"https:\/\/redsemlac.com\/semmexico\/wp-json\/wp\/v2\/tags?post=95704"}],"curies":[{"name":"wp","href":"https:\/\/api.w.org\/{rel}","templated":true}]}}