{"id":95624,"date":"2025-05-28T11:26:41","date_gmt":"2025-05-28T17:26:41","guid":{"rendered":"https:\/\/redsemlac.com\/semmexico\/?p=95624"},"modified":"2025-05-28T11:26:42","modified_gmt":"2025-05-28T17:26:42","slug":"del-rechazo-a-la-propaganda-trumpista-contra-la-migracion-a-la-ley-censura-contra-la-libertad-de-expresion","status":"publish","type":"post","link":"https:\/\/redsemlac.com\/semmexico\/del-rechazo-a-la-propaganda-trumpista-contra-la-migracion-a-la-ley-censura-contra-la-libertad-de-expresion\/","title":{"rendered":"Del rechazo a la propaganda trumpista contra la migraci\u00f3n a la ley censura contra la libertad de expresi\u00f3n"},"content":{"rendered":"\n<p class=\"wp-block-paragraph\">Ahora queda esperar a los legisladores para incluir&nbsp; propuestas y&nbsp; cuestionamientos y evitar&nbsp; el control al Estado en materia de telecomunicaci\u00f3n, radiodifusi\u00f3n y plataformas digitales<\/p>\n\n\n\n<p class=\"wp-block-paragraph\">La Presidenta retiro los art\u00edculos 142 y 109 que bloqueaban plataformas digitales&nbsp;<\/p>\n\n\n\n<p class=\"wp-block-paragraph\">Elda Montiel&nbsp;<\/p>\n\n\n\n<p class=\"wp-block-paragraph\">SemM\u00e9xico, Ciudad de M\u00e9xico, 28 de mayo, 2025.- El motivo que origino que la presidenta Claudia Sheinbaum Pardo enviara la iniciativa para la Ley de Telecomunicaci\u00f3n y Radiodifusi\u00f3n fue para que ning\u00fan gobierno extranjero pueda pagar para que difundan mensajes publicitarios como el del gobierno estadunidense contra la migraci\u00f3n, lo que se consider\u00f3 altamente discriminatorio y que se difundi\u00f3 por televisi\u00f3n abierta y en la plataforma de You Tube mexicana en el mes de abril de este a\u00f1o.<\/p>\n\n\n\n<p class=\"wp-block-paragraph\">El mensaje de Kristi Noem, Secretaria de Seguridad Interior de Estados Unidos era&nbsp; \u201csi eres un criminal extranjero considerando entrar en Estados Unidos ilegalmente, ni siquiera lo pienses\u201d. \u2026\u201dSi vienes a nuestro pa\u00eds y violas nuestras leyes, te vamos a perseguir. Los criminales no son bienvenidos en Estados Unidos\u201d se vio en los hogares mexicanos.&nbsp;<\/p>\n\n\n\n<p class=\"wp-block-paragraph\">Tras el rechazo la Presidenta habl\u00f3 de restaurar un art\u00edculo de la Constituci\u00f3n derogada en la reforma del 2014 de la administraci\u00f3n de Enrique Pe\u00f1a Nieto para que ning\u00fan gobierno extranjero pudiera promover propaganda pagada, pero la iniciativa fue m\u00e1s all\u00e1 pues se aprovech\u00f3 para dotar de facultades ilimitadas a la Agencia de Transformaci\u00f3n Digital y Telecomunicaciones (ATDT), ahora sin ning\u00fan contrapeso por la desaparici\u00f3n del Instituto Federal de Telecomunicaciones (IFT), y art\u00edculos por lo que se pod\u00eda no solo bloquear plataformas digitales sino revocar concesiones, suspender transmisiones, entregar la geolocalizaci\u00f3n o entrar al e-mail lo que viola los derechos de libertad de expresi\u00f3n, opini\u00f3n e informaci\u00f3n de la sociedad entera.&nbsp;&nbsp;<\/p>\n\n\n\n<figure class=\"wp-block-image\"><img decoding=\"async\" src=\"https:\/\/lh7-rt.googleusercontent.com\/docsz\/AD_4nXcJH3ZPY5dE3z8JE9LFVtx1GrSV9WkKGG1Gzcyeo9QlcYZPBHHpnn9DTsBffHS9nCTDGtgcL-h9j-GiKX-ZNmKSdTZkA5tw13j9pirmLoBhlSVqmOR-xxDBd4Is6jJ7ZwCOeYpEXdhcatMsfx1bNg?key=6JEnivfGrMrXCt13WSkpqg\" alt=\"Coordinaci\u00f3n de Comunicaci\u00f3n Social - En segundo conversatorio del Senado  piden impulsar a peque\u00f1os operadores de telecomunicaciones\"\/><\/figure>\n\n\n\n<p class=\"wp-block-paragraph\">\u201cLa redacci\u00f3n actual viola el Tratado de libre comercio, lo cual nos va a meter en un problem\u00f3n econ\u00f3mico, y lo m\u00e1s grave, concentra en una sola persona todas las facultades para dar concesiones, quitar concesiones, bloquear tu plataforma digital, bloquear tu cuenta de Twitter, de Facebook, de Instagram si no le gusta al gobierno lo que est\u00e1s diciendo advirti\u00f3 el senador panista Ricardo Anaya Cort\u00e9s\u201d.<\/p>\n\n\n\n<p class=\"wp-block-paragraph\"><strong>Alarma por&nbsp; la libertad de expresi\u00f3n<\/strong><\/p>\n\n\n\n<p class=\"wp-block-paragraph\">Las voces de alarma no se hicieron esperar por acad\u00e9micos, especialistas, concesionarios, pol\u00edticos, asociaciones y fue tal la presi\u00f3n contra la ley censura que la misma presidenta detuvo la iniciativa que ya iba camino a aprobarse r\u00e1pidamente en el Senado de la Rep\u00fablica en la sesi\u00f3n del 28 de abril, pero se retir\u00f3 de la orden del d\u00eda.&nbsp;&nbsp;<\/p>\n\n\n\n<p class=\"wp-block-paragraph\">Entonces se abri\u00f3 el dialogo, los llamados \u201cConversatorios\u201d que se llevaron a cabo del 8 al 22 de mayo y ahora se espera que cumplan los legisladores para que las propuestas y&nbsp; cuestionamientos modifiquen los art\u00edculos que le dan el control al Estado en materia de telecomunicaci\u00f3n, radiodifusi\u00f3n y plataformas digitales para que no violen el derecho a la libertad de expresi\u00f3n, opini\u00f3n e informaci\u00f3n.<\/p>\n\n\n\n<figure class=\"wp-block-image\"><img decoding=\"async\" src=\"https:\/\/lh7-rt.googleusercontent.com\/docsz\/AD_4nXePDhtsc1mdwysSITEYPeLyqtABPwkLvseXlrwIcikbHVE6TiN-w4ToZDISeeB7DMibkBL6jba256h5ukX7JIbM-HJKUaJru5gPrGAe7G1vEoLhUbmk7pEX81slKN6tleKUwzLArn4an_KPt-mX_Zc?key=6JEnivfGrMrXCt13WSkpqg\" alt=\"Lo que debes saber sobre los conversatorios de la Ley de Telecomunicaciones\"\/><\/figure>\n\n\n\n<p class=\"wp-block-paragraph\"><strong>La Presidenta retira los art\u00edculos 142 y 109 de la iniciativa para que no se considere una ley censura<\/strong><\/p>\n\n\n\n<p class=\"wp-block-paragraph\">La presi\u00f3n de la sociedad fue tal al conocerse el texto de la iniciativa que la Presidenta el 8 de mayo dio a conocer que se retiraba el Articulo 142 la cual faculta a la Agencia de Transformaci\u00f3n Digital (ATD) la regulaci\u00f3n de plataformas digitales.&nbsp;<\/p>\n\n\n\n<p class=\"wp-block-paragraph\">Explic\u00f3 en la conferencia ma\u00f1anera \u201cEse art\u00edculo estaba para que la Agencia de Transformaci\u00f3n Digital, en caso de que el SAT o alguna otra \u00e1rea viera alg\u00fan tema relacionado con un asunto que tiene que ver con la legalidad de estas transmisiones, lo pudiera bajar, pero ya para que no haya debate, ninguna discusi\u00f3n de que eso significa censura, se elimina ese art\u00edculo\u201d.<\/p>\n\n\n\n<p class=\"wp-block-paragraph\">Agreg\u00f3 que \u201cse discuta el fondo de la competencia que debe haber en las telecomunicaciones en M\u00e9xico, \u201cel derecho de las audiencias,&nbsp; el derecho de las radios comunitarias y el derecho del pueblo de M\u00e9xico a una informaci\u00f3n veraz\u201d. Rechaz\u00f3 en todo momento que su propuesta plantee censura como acuso la oposici\u00f3n.&nbsp;<\/p>\n\n\n\n<p class=\"wp-block-paragraph\">Tambi\u00e9n se elimin\u00f3 el Articulo 109 de la iniciativa lo que inform\u00f3 la Presidenta en la conferencia ma\u00f1anera del 14 de mayo pero advirti\u00f3: \u201cEse art\u00edculo&nbsp; que gener\u00f3 confusi\u00f3n se elimina por completo, pero se pone que ning\u00fan gobierno extranjero puede hacer propaganda pol\u00edtica o ideol\u00f3gica en M\u00e9xico, pagada\u201d.<\/p>\n\n\n\n<p class=\"wp-block-paragraph\">Ese d\u00eda en pleno proceso de los conversatorios, Claudia Sheinbaum Pardo se refiri\u00f3 a que por primera vez se les estaba dando oportunidad de sobrevivencia a las radios comunitarias, y que se recuperaba el derecho de las audiencias para que existiera un defensor para que los consumidores puedan quejarse, que en su opini\u00f3n fueron eliminados en la reforma del 2014 .&nbsp;<\/p>\n\n\n\n<figure class=\"wp-block-image\"><img decoding=\"async\" src=\"https:\/\/lh7-rt.googleusercontent.com\/docsz\/AD_4nXf6HmhHGlb-to6exWgjIKxUWVdhd8qINc7YDhb6UiYOYwq14wjerlhPwOpH_TMdHFMzuYZ1TiFQMgbu1FPKSS1vyrD4BDxL8u5DZi69KtznPszSkNjmdFfexzeB6tV5F5qEzx6EO6hNiYRPnNlWLXo?key=6JEnivfGrMrXCt13WSkpqg\" alt=\"Senado organiza conversatorios sobre la Ley de Telecomunicaciones\"\/><\/figure>\n\n\n\n<p class=\"wp-block-paragraph\">En el caso de Internet, radio y televisi\u00f3n, indic\u00f3, los actuales concesionarios mantienen sus permisos, y se crear\u00e1 un organismo que depender\u00e1 de la Agencia de Transformaci\u00f3n Digital&nbsp; (ATD) para validarlas.<\/p>\n\n\n\n<p class=\"wp-block-paragraph\">Precis\u00f3 que en el caso del internet&nbsp; que s\u00f3lo daba servicio en zonas de no cobertura, ahora si se le permite para que compita en igualdad de oportunidades que las empresas privadas para que bajen los precios.&nbsp;<\/p>\n\n\n\n<p class=\"wp-block-paragraph\"><strong>Los conversatorios&nbsp;<\/strong><\/p>\n\n\n\n<p class=\"wp-block-paragraph\">La iniciativa&nbsp; de \u201cLey Telecom\u201d, como algunos la llaman se present\u00f3 en el Senado el 23 de abril, un documento de 311 p\u00e1ginas y 310 art\u00edculos, entre principales y transitorios, a cinco meses de que una reforma constitucional de simplificaci\u00f3n administrativa a nivel federal eliminar\u00e1 al Instituto Federal de Telecomunicaciones (IFT), con el argumento de que no fue eficiente para combatir los monopolios ni pudo abatir la brecha digital.<\/p>\n\n\n\n<p class=\"wp-block-paragraph\">La forma tan acelerada de la presentaci\u00f3n de la iniciativa llevo a comentar a la&nbsp; acad\u00e9mica Denise Dresser Guerra&nbsp; que era una ley de censura y control, peligrosa, y que se us\u00f3 como pretexto la propaganda trumpista transmitida por Televisa. \u201cNo debemos aceptar la propaganda antiinmigrante, pero tampoco una ley que, por lo visto, el oficialismo ya ten\u00eda preparada\u201d, al participar en uno de los conversatorios.&nbsp;<\/p>\n\n\n\n<p class=\"wp-block-paragraph\">Mencion\u00f3 que \u201clo m\u00e1s alarmante de la ley es el tama\u00f1o de la discrecionalidad que le otorga a la Agencia de Transformaci\u00f3n Digital y Telecomunicaciones y la amplitud de atribuciones que se otorga el Poder Ejecutivo\u201d.<\/p>\n\n\n\n<figure class=\"wp-block-image\"><img decoding=\"async\" src=\"https:\/\/lh7-rt.googleusercontent.com\/docsz\/AD_4nXez-9sDrjgJ8siJYHqBVFVln5lNxaei2EuADFugbzMI5mtC7MZ36Cq_iXx0XJPfrN_nJbiG6En0HJYN5aRprNdYXup9TourvuJYS0QqC3-bbD5D2eYOYuRKGt5VHeDTyh2BrFrWEKpaP2FQ821pPro?key=6JEnivfGrMrXCt13WSkpqg\" alt=\"Coordinaci\u00f3n de Comunicaci\u00f3n Social - Concluye el primer conversatorio  sobre la Ley en Materia de Telecomunicaciones y Radiodifusi\u00f3n\"\/><\/figure>\n\n\n\n<p class=\"wp-block-paragraph\">Los especialistas en telecomunicaciones expresaron sobre los peligros de las facultades ilimitadas que se otorgaban a la Agencia de Transformaci\u00f3n Digital y de Telecomunicaciones (ATDT) por lo que ped\u00edan mecanismos de supervisi\u00f3n aut\u00f3nomo para evitar decisiones discrecionales o se act\u00fae arbitrariamente, ya que hablamos de libertad de expresi\u00f3n, de opini\u00f3n y de informaci\u00f3n como Jos\u00e9 Antonio Garc\u00eda Herrera, presidente de la C\u00e1mara de la Industria de la Radio y la Televisi\u00f3n (CIRT).<\/p>\n\n\n\n<p class=\"wp-block-paragraph\">El director regional de M\u00e9xico y Centroam\u00e9rica de Art\u00edculo 19, Leopoldo Maldonado, advirti\u00f3 que el dise\u00f1o institucional de la Agencia de Transformaci\u00f3n Digital y Telecomunicaciones es \u201cpreocupante\u201d, pues se requiere independencia del \u00f3rgano para garantizar los derechos de las audiencias y para que las concesiones no sean utilizadas como \u201cmoneda de cambio pol\u00edtica\u201d.<\/p>\n\n\n\n<p class=\"wp-block-paragraph\">Vladimir Chorny, investigador de la Red en Defensa de los Derechos Digitales, advirti\u00f3 sobre posibles usos indebidos de la informaci\u00f3n que podr\u00edan vulnerar la vida privada y la seguridad de los ciudadanos Expreso \u201cEs grav\u00edsimo porque ya existen los mecanismos con los cuales las autoridades acceden a datos conservados y los han utilizado para presionar a periodistas, opositores pol\u00edticos y defensores de derechos humanos\u2026 Eso lo tenemos nosotros documentado\u201d.<\/p>\n\n\n\n<p class=\"wp-block-paragraph\">Otra preocupaci\u00f3n era el control del gobierno para controlar la narrativa como lo expuso Alejandra Barrales \u201cHan utilizado a este Senado para destruir las instituciones de este pa\u00eds\u2026 ya no tenemos un Instituto de Acceso a la Informaci\u00f3n, ya no tenemos ese instituto de competencia, ya no tenemos el \u00f3rgano regulador de telecomunicaciones\u201d.<\/p>\n\n\n\n<p class=\"wp-block-paragraph\">En el \u00e1mbito digital tambi\u00e9n la percibieron como una ley de control y censura calific\u00e1ndola como una \u201cley que creaba muros digitales en lugar de puentes por la presidenta de la asociaci\u00f3n Conectadas, Adriana Labardini Inzunza, lo que representar\u00eda un retroceso en el desarrollo sostenible del pa\u00eds, acot\u00f3.&nbsp;<\/p>\n\n\n\n<p class=\"wp-block-paragraph\">El presidente de la Asociaci\u00f3n Mexicana de Derecho a la Informaci\u00f3n, Jorge Bravo Torres Coto, indic\u00f3 que la ley en comento representa un retroceso normativo y amenaza de manera directa a todo el ecosistema digital del pa\u00eds. \u201cLa ley debiera ser una ley que impulse una sociedad conectada y justa. Lo que requerimos es una ley con visi\u00f3n de Estado, no una ley de control y censura\u201d.<\/p>\n\n\n\n<p class=\"wp-block-paragraph\">En representaci\u00f3n del Consejo Coordinador Empresarial, Gabriel Oswaldo Contreras Sald\u00edvar, indic\u00f3 que para atraer inversiones sostenibles en materia de telecomunicaciones a M\u00e9xico es necesario impulsar esfuerzos p\u00fablicos y privados. \u201cHay que generar condiciones de certidumbre para lograr dichas inversiones\u201d, dijo.<\/p>\n\n\n\n<p class=\"wp-block-paragraph\">Adem\u00e1s, explic\u00f3 que el proyecto de ley establece que las concesiones de espectro radioel\u00e9ctrico pueden entregarse de forma directa al gobierno. \u201cEso viola de manera flagrante a nuestra Constituci\u00f3n Pol\u00edtica y adem\u00e1s coloca un gran desincentivo para invertir en el sector\u201d, agreg\u00f3.<\/p>\n\n\n\n<p class=\"wp-block-paragraph\">El experto consultor de Coparmex, Juan de Dios Barba Nava, consider\u00f3 injusto que las concesiones del Estado tengan privilegio sobre las de particulares, ya que generan una competencia desleal, adem\u00e1s de que violan disposiciones del T-MEC, que establecen que haya piso parejo entre los operadores de las concesiones de telecomunicaciones.<\/p>\n\n\n\n<p class=\"wp-block-paragraph\">La excomisionada presidenta del IFT, Adriana Lombardi Inzunza, cuestion\u00f3 si la nueva reforma tendr\u00e1 cl\u00e1usulas que blinden a la Agencia de Transformaci\u00f3n Digital y Telecomunicaciones de concesiones vinculadas al crimen organizado, problema, que afirm\u00f3, fue recurrente en este organismo aut\u00f3nomo.&nbsp;<\/p>\n\n\n\n<p class=\"wp-block-paragraph\">La presidenta de la Asociaci\u00f3n Mexicana de Defensor\u00edas de las Audiencias, Hilda Saray G\u00f3mez Gonz\u00e1lez, subray\u00f3 que no basta enunciar en las leyes los derechos de los usuarios, sino que es preciso establecer mecanismos claros para garantizarlos; por ejemplo, consider\u00f3 que las defensor\u00edas deben ser escrupulosas con las quejas que reciban y las recomendaciones que emitan.<\/p>\n\n\n\n<p class=\"wp-block-paragraph\">La presidenta de Comunicaci\u00f3n para la Inclusi\u00f3n, Katia D\u2019 Artigues Beauregard, se\u00f1al\u00f3 que el proyecto de ley afectar\u00eda a las personas con discapacidad del pa\u00eds, ya que s\u00f3lo precisa que las transmisiones en TV tengan subt\u00edtulos o lenguaje de se\u00f1as, pero no ambos y no se establece que los portales de instituciones p\u00fablicas tengan dise\u00f1o universal, para facilitar su acceso a personas con necesidades especiales.<\/p>\n\n\n\n<p class=\"wp-block-paragraph\">Irene Levy, presidenta de Observatel se\u00f1al\u00f3 que el caso denominado como <em>Televisa Leaks<\/em> pone sobre la mesa la necesidad urgente de fortalecer los derechos de las audiencias, entendidos como la capacidad de exigir contenidos informativos \u00e9ticos, diversos y transparentes, que deben de ir de la mano de la libertad de expresi\u00f3n.<\/p>\n\n\n\n<p class=\"wp-block-paragraph\"><strong>En materia de \u00f3rgano regulador, el cambio es pr\u00e1cticamente total: Javier Corral Jurado<\/strong><\/p>\n\n\n\n<p class=\"wp-block-paragraph\">Se espera que al terminar los conversatorios cumplan los legisladores con las modificaciones, principalmente a la concentraci\u00f3n de facultades de la Agencia de Transformaci\u00f3n Digital y Telecomunicaciones que fue el tema que m\u00e1s preocupo a los participantes, seg\u00fan expres\u00f3 el senador morenista Javier Corral Jurado. Secretario de la Comisi\u00f3n de Radio, Televisi\u00f3n y Cinematograf\u00eda quien moder\u00f3 los conversatorios.<\/p>\n\n\n\n<p class=\"wp-block-paragraph\">Y se refiri\u00f3 al perfil&nbsp; de los comisionados y las reglas de contacto para que adem\u00e1s de tener la expertis t\u00e9cnica mantengan la independencia frente a los concesionarios de la radio y la televisi\u00f3n y operadores de telecomunicaciones. \u201cEsto significa la manera en que se relacionan estos comisionados con los regulados, que es un punto importante para atender\u201d.&nbsp;&nbsp;<\/p>\n\n\n\n<p class=\"wp-block-paragraph\">El legislador morenista afirm\u00f3 que \u201cVamos a tener una mejor legislaci\u00f3n en materia de radiodifusi\u00f3n p\u00fablica, como medios comunitarios ind\u00edgenas, afromexicanos, sociales, gen\u00e9ricas, porque vamos a avanzar en el cat\u00e1logo de derechos de los usuarios, porque vamos a consolidar el derecho de las audiencias y porque el Estado va a poder garantizar el derecho a internet y a la conectividad con un sentido universal.<\/p>\n","protected":false},"excerpt":{"rendered":"<p>Ahora queda esperar a los legisladores para incluir&nbsp; propuestas y&nbsp; cuestionamientos y evitar&nbsp; el control al Estado en materia de telecomunicaci\u00f3n, radiodifusi\u00f3n y plataformas digitales La Presidenta retiro los art\u00edculos 142 y 109 que bloqueaban plataformas digitales&nbsp; Elda Montiel&nbsp; SemM\u00e9xico, Ciudad de M\u00e9xico, 28 de mayo, 2025.- El motivo que origino que la presidenta Claudia [&hellip;]<\/p>\n","protected":false},"author":3,"featured_media":95625,"comment_status":"open","ping_status":"open","sticky":false,"template":"","format":"standard","meta":{"_monsterinsights_skip_tracking":false,"footnotes":""},"categories":[694],"tags":[],"class_list":["post-95624","post","type-post","status-publish","format-standard","has-post-thumbnail","category-destacadas"],"_links":{"self":[{"href":"https:\/\/redsemlac.com\/semmexico\/wp-json\/wp\/v2\/posts\/95624","targetHints":{"allow":["GET"]}}],"collection":[{"href":"https:\/\/redsemlac.com\/semmexico\/wp-json\/wp\/v2\/posts"}],"about":[{"href":"https:\/\/redsemlac.com\/semmexico\/wp-json\/wp\/v2\/types\/post"}],"author":[{"embeddable":true,"href":"https:\/\/redsemlac.com\/semmexico\/wp-json\/wp\/v2\/users\/3"}],"replies":[{"embeddable":true,"href":"https:\/\/redsemlac.com\/semmexico\/wp-json\/wp\/v2\/comments?post=95624"}],"version-history":[{"count":0,"href":"https:\/\/redsemlac.com\/semmexico\/wp-json\/wp\/v2\/posts\/95624\/revisions"}],"wp:featuredmedia":[{"embeddable":true,"href":"https:\/\/redsemlac.com\/semmexico\/wp-json\/wp\/v2\/media\/95625"}],"wp:attachment":[{"href":"https:\/\/redsemlac.com\/semmexico\/wp-json\/wp\/v2\/media?parent=95624"}],"wp:term":[{"taxonomy":"category","embeddable":true,"href":"https:\/\/redsemlac.com\/semmexico\/wp-json\/wp\/v2\/categories?post=95624"},{"taxonomy":"post_tag","embeddable":true,"href":"https:\/\/redsemlac.com\/semmexico\/wp-json\/wp\/v2\/tags?post=95624"}],"curies":[{"name":"wp","href":"https:\/\/api.w.org\/{rel}","templated":true}]}}