{"id":95528,"date":"2025-05-23T18:49:17","date_gmt":"2025-05-24T00:49:17","guid":{"rendered":"https:\/\/redsemlac.com\/semmexico\/?p=95528"},"modified":"2025-05-23T18:49:17","modified_gmt":"2025-05-24T00:49:17","slug":"tras-la-puerta-del-poder-la-violencia-politica-es-real-en-mexico-marco-rubio","status":"publish","type":"post","link":"https:\/\/redsemlac.com\/semmexico\/tras-la-puerta-del-poder-la-violencia-politica-es-real-en-mexico-marco-rubio\/","title":{"rendered":"Tras la puerta del poder| La violencia pol\u00edtica es real en M\u00e9xico: Marco Rubio"},"content":{"rendered":"\n<p class=\"wp-block-paragraph\">Roberto Vizca\u00edno<\/p>\n\n\n\n<p class=\"wp-block-paragraph\">SemM\u00e9xico, Ciudad de M\u00e9xico, 23 de mayo, 2025.-&nbsp;El secretario de Estado de los Estados Unidos,&nbsp;Marco Rubio, es sin duda el \u201cgran\u201d brazo pol\u00edtico del presidente&nbsp;Donald Trump&nbsp;y, junto con el vicepresidente&nbsp;James David Vance, los dos m\u00e1s importantes prospectos para sucederlo en la Casa Blanca en las elecciones del 7 de noviembre de 2028.<\/p>\n\n\n\n<p class=\"wp-block-paragraph\">\u00bfPor qu\u00e9 insisto en subrayar algo que seguramente Usted ya sabe?<\/p>\n\n\n\n<p class=\"wp-block-paragraph\">Porque lo que haga o diga&nbsp;Rubio&nbsp;tiene tras de s\u00ed la perspectiva de que cumpla su encomienda de actuar como contrapeso pol\u00edtico, econ\u00f3mico y de seguridad desde la Casa Blanca sobre el Gobierno de&nbsp;Claudia Sheinbaum&nbsp;de aqu\u00ed al 2028, y luego muy posiblemente ser el presidente de los EU del 2029 al 2037.<\/p>\n\n\n\n<p class=\"wp-block-paragraph\">Es decir,&nbsp;no es cualquier pol\u00edtico gringo&nbsp;opinando sobre cosas de M\u00e9xico como lo quiso hacer ver la mandataria mexicana al decirle que debe callarse y no emitir comentarios sobre la ejecuci\u00f3n de dos colaboradores de la Jefa de Gobierno de la CDMX.<\/p>\n\n\n\n<p class=\"wp-block-paragraph\">No. Luego de&nbsp;Donald Trump, lo que diga o haga&nbsp;Rubio&nbsp;es lo m\u00e1s importante en Washington y el mundo, y en M\u00e9xico.<\/p>\n\n\n\n<p class=\"wp-block-paragraph\">Para darle dimensi\u00f3n a su poder, debemos ver que&nbsp;Rubio&nbsp;ha estado en las mesas de negociaci\u00f3n de la paz en Ucrania, en las instancias de negociaci\u00f3n entre Israel y Hammas en Gaza, en las negociaciones con China, y es quien ha decidido -en un obvio desd\u00e9n hacia el gobierno de Sheinbaum- visitar primero, del 1 al 6 de febrero de 2025 a Panam\u00e1, El Salvador, Costa Rica, Guatemala y la Rep\u00fablica Dominicana y dejar \u201cpara despu\u00e9s\u201d a M\u00e9xico, el vecino y primer socio comercial de EU.<\/p>\n\n\n\n<p class=\"wp-block-paragraph\">Rubio, al comparecer ante la Comisi\u00f3n de Relaciones Exteriores de la C\u00e1mara de Representantes el mi\u00e9rcoles reiter\u00f3 que&nbsp;hay partes de M\u00e9xico que est\u00e1n gobernadas por los c\u00e1rteles&nbsp;y que los asesinatos de&nbsp;Ximena Guzm\u00e1n y de Jos\u00e9 Mu\u00f1oz&nbsp;colaboradores de la jefe de Gobierno Clara Brugada son el reflejo de la violencia pol\u00edtica real en este pa\u00eds.<\/p>\n\n\n\n<p class=\"wp-block-paragraph\">\u00abCreo haber escuchado anoche que otras dos personas fueron asesinadas en Ciudad de M\u00e9xico, vinculadas con la alcaldesa de la ciudad. La violencia pol\u00edtica all\u00ed es real.&nbsp;Ellos tienen un inter\u00e9s y un deseo de enfrentar a estos c\u00e1rteles, y nosotros queremos ayudarlos a equiparse y brindarles informaci\u00f3n\u00bb, dijo al informar que podr\u00eda finalmente, luego de m\u00e1s de 4 meses de haber llegado al poder visitar M\u00e9xico.<\/p>\n\n\n\n<p class=\"wp-block-paragraph\">Del gobierno de&nbsp;Claudia Sheinbaum, acot\u00f3:<\/p>\n\n\n\n<p class=\"wp-block-paragraph\">\u00abDe hecho, ha sido bastante positivo. Han respondido de manera muy favorable a nuestras preocupaciones en materia de seguridad. Han aumentado su cooperaci\u00f3n con nosotros en seguridad de formas que han resultado muy productivas\u00bb, agreg\u00f3.<\/p>\n\n\n\n<p class=\"wp-block-paragraph\"><strong>La doble ejecuci\u00f3n evidencia una ominosa imprudencia<\/strong><\/p>\n\n\n\n<p class=\"wp-block-paragraph\">A dos d\u00edas de la ejecuci\u00f3n de dos funcionarios cercanos a la jefa de Gobierno, Clara Brugada, la Administraci\u00f3n local \u201capenas\u201d eval\u00faa si se requiere incrementar la seguridad del Gabinete capitalino.<\/p>\n\n\n\n<p class=\"wp-block-paragraph\">En Palacio Nacional la presidenta&nbsp;Claudia Sheinbaum&nbsp;de plano desech\u00f3 la posibilidad de que los dos asesinatos deriven en un reforzamiento de los sistemas de protecci\u00f3n de funcionarios. &nbsp;<\/p>\n\n\n\n<p class=\"wp-block-paragraph\">Brugada&nbsp;a su vez afirm\u00f3 que con los protocolos establecidos es m\u00e1s que suficiente para enfrentar estas circunstancias.<\/p>\n\n\n\n<p class=\"wp-block-paragraph\">\u00abTenemos en la Ciudad de M\u00e9xico una estrategia de seguridad s\u00f3lida, que no es nueva, que ha dado resultados\u00bb, apunt\u00f3.<\/p>\n\n\n\n<p class=\"wp-block-paragraph\"><strong>Resultados de la investigaci\u00f3n<\/strong><\/p>\n\n\n\n<p class=\"wp-block-paragraph\">La indagatoria encontr\u00f3 que el sicario estuvo y analiz\u00f3 el sitio desde d\u00edas antes\u2026 vio llegar varias veces a&nbsp;Ximena&nbsp;y observ\u00f3 las rutinas de&nbsp;Jos\u00e9. Y vivi\u00f3, entendi\u00f3, se hizo parte del flujo de personas y autos del lugar donde deb\u00eda actuar.<\/p>\n\n\n\n<p class=\"wp-block-paragraph\">Supo d\u00f3nde se estacionaba&nbsp;Ximena&nbsp;y por cuanto tiempo deb\u00eda esperar a&nbsp;Jos\u00e9&nbsp;para luego ir a las oficinas centrales de la Jefatura de Gobierno de la CDMX.<\/p>\n\n\n\n<p class=\"wp-block-paragraph\">El martes escogido para dar el golpe, el sicario lleg\u00f3 tranquilo 20 minutos antes, conocedor del lugar, sabedor de la rutina y los tiempos de sus objetivos.<\/p>\n\n\n\n<p class=\"wp-block-paragraph\">El reparto de los 12 disparos del asesino define el nivel de importancia de sus objetivos: 4 fueron para&nbsp;Jos\u00e9&nbsp;y 8 para&nbsp;Ximena. Es obvio que la instrucci\u00f3n fue asegurarse que&nbsp;Ximena&nbsp;no pudiera sobrevivir.<\/p>\n\n\n\n<p class=\"wp-block-paragraph\">El sicario huy\u00f3 a pie para subir a una motocicleta negra conducida por un segundo delincuente que abandonaron tres cuadras despu\u00e9s para subir a un auto azul y conducirse a la alcald\u00eda de Iztacalco y subir a un tercer veh\u00edculo, una camioneta gris, para huir finalmente hacia el Estado de M\u00e9xico.<\/p>\n\n\n\n<p class=\"wp-block-paragraph\">El an\u00e1lisis de las balas indic\u00f3 que la pistola 9 mil\u00edmetros utilizada para la ejecuci\u00f3n no hab\u00eda sido utilizada en ning\u00fan otro delito. Lo dem\u00e1s deja en claro que tanto el sicario como sus c\u00f3mplices utilizaron guantes, y cascos y que los dos autos utilizados son robados y con los n\u00fameros de serie borrados.<\/p>\n\n\n\n<p class=\"wp-block-paragraph\">En nada de eso se han encontrado huellas dactilares, y solo se analizan los rastros de ADN para intentar identificarlos.<\/p>\n\n\n\n<p class=\"wp-block-paragraph\">Todo un operativo planeado con rigor para evitar ser identificados\u2026 y que no se pueda llegar al autor intelectual. Y sin autor intelectual no hay causa visible.<\/p>\n\n\n\n<p class=\"wp-block-paragraph\">Unos y otros hechos revelan que las c\u00fapulas de la 4T -Brugada y Sheinbaum- caen en la irresponsabilidad de no entender que, si sus decisiones afectan intereses delincuenciales y de otra \u00edndole, deben protegerse, blindarse, establecer equipos de an\u00e1lisis de riesgos y protocolos para resguardarse.<\/p>\n\n\n\n<p class=\"wp-block-paragraph\">La doble ejecuci\u00f3n advierte que las agendas de la Jefatura de Gobierno est\u00e1n vulneradas. Que hay delincuentes que saben lo que cada uno dentro del c\u00edrculo del poder capitalino hace y cu\u00e1les son sus rutinas personales y profesionales.<\/p>\n\n\n\n<p class=\"wp-block-paragraph\"><strong>Siguen los conversatorios de telecomunicaciones<\/strong><\/p>\n\n\n\n<p class=\"wp-block-paragraph\">Durante la primera mesa del quinto y \u00faltimo conversatorio sobre la Ley en Materia de Telecomunicaciones y Radiodifusi\u00f3n, senadoras, senadores, representantes y especialistas del sector abordaron ayer la importancia de garantizar los derechos de las audiencias y de los usuarios de los servicios de telecomunicaciones, as\u00ed como las atribuciones de las defensor\u00edas y del Registro Nacional de Usuarios.<\/p>\n\n\n\n<p class=\"wp-block-paragraph\">Las animadversiones partidarias y las confrontaciones, no el debate t\u00e9cnico ni de derechos ciudadanos, dominaron esta mesa.<\/p>\n\n\n\n<p class=\"wp-block-paragraph\">\u2026 \/ Twitter: @_Vizcaino \/ Facebook<\/p>\n\n\n\n<p class=\"wp-block-paragraph\">\/&nbsp;<a href=\"https:\/\/www.facebook.com\/rvizcainoa\" target=\"_blank\" rel=\"noreferrer noopener\">https:\/\/www.facebook.com\/rvizcainoa<\/a><\/p>\n\n\n\n<p class=\"wp-block-paragraph\"><\/p>\n","protected":false},"excerpt":{"rendered":"<p>Roberto Vizca\u00edno SemM\u00e9xico, Ciudad de M\u00e9xico, 23 de mayo, 2025.-&nbsp;El secretario de Estado de los Estados Unidos,&nbsp;Marco Rubio, es sin duda el \u201cgran\u201d brazo pol\u00edtico del presidente&nbsp;Donald Trump&nbsp;y, junto con el vicepresidente&nbsp;James David Vance, los dos m\u00e1s importantes prospectos para sucederlo en la Casa Blanca en las elecciones del 7 de noviembre de 2028. \u00bfPor [&hellip;]<\/p>\n","protected":false},"author":3,"featured_media":39589,"comment_status":"open","ping_status":"open","sticky":false,"template":"","format":"standard","meta":{"_monsterinsights_skip_tracking":false,"footnotes":""},"categories":[35,623,622],"tags":[],"class_list":["post-95528","post","type-post","status-publish","format-standard","has-post-thumbnail","category-opinion","category-roberto-vizcaino","category-tras-la-puerta-del-poder"],"_links":{"self":[{"href":"https:\/\/redsemlac.com\/semmexico\/wp-json\/wp\/v2\/posts\/95528","targetHints":{"allow":["GET"]}}],"collection":[{"href":"https:\/\/redsemlac.com\/semmexico\/wp-json\/wp\/v2\/posts"}],"about":[{"href":"https:\/\/redsemlac.com\/semmexico\/wp-json\/wp\/v2\/types\/post"}],"author":[{"embeddable":true,"href":"https:\/\/redsemlac.com\/semmexico\/wp-json\/wp\/v2\/users\/3"}],"replies":[{"embeddable":true,"href":"https:\/\/redsemlac.com\/semmexico\/wp-json\/wp\/v2\/comments?post=95528"}],"version-history":[{"count":0,"href":"https:\/\/redsemlac.com\/semmexico\/wp-json\/wp\/v2\/posts\/95528\/revisions"}],"wp:featuredmedia":[{"embeddable":true,"href":"https:\/\/redsemlac.com\/semmexico\/wp-json\/wp\/v2\/media\/39589"}],"wp:attachment":[{"href":"https:\/\/redsemlac.com\/semmexico\/wp-json\/wp\/v2\/media?parent=95528"}],"wp:term":[{"taxonomy":"category","embeddable":true,"href":"https:\/\/redsemlac.com\/semmexico\/wp-json\/wp\/v2\/categories?post=95528"},{"taxonomy":"post_tag","embeddable":true,"href":"https:\/\/redsemlac.com\/semmexico\/wp-json\/wp\/v2\/tags?post=95528"}],"curies":[{"name":"wp","href":"https:\/\/api.w.org\/{rel}","templated":true}]}}