{"id":95519,"date":"2025-05-23T17:56:05","date_gmt":"2025-05-23T23:56:05","guid":{"rendered":"https:\/\/redsemlac.com\/semmexico\/?p=95519"},"modified":"2025-05-23T17:56:06","modified_gmt":"2025-05-23T23:56:06","slug":"textura-violeta-lo-peor-de-cada-casa","status":"publish","type":"post","link":"https:\/\/redsemlac.com\/semmexico\/textura-violeta-lo-peor-de-cada-casa\/","title":{"rendered":"Textura Violeta| Lo peor de cada casa"},"content":{"rendered":"\n<p class=\"wp-block-paragraph\">Drina Ergueta<\/p>\n\n\n\n<p class=\"wp-block-paragraph\">SemM\u00e9xico, La Paz-Bolivia, 23 de mayo. 2025.- Parecer\u00eda que estamos viviendo una \u00e9poca de descaro, no en sentido positivo transgresor, aunque en algunos casos lo pretenda ser, sino en uno nefasto y peligroso en que no importa traspasar l\u00edmites. Se ignoran las consecuencias, que pueden ser da\u00f1inas para la sociedad, sus instituciones y las reglas con las que es posible una convivencia razonable, aunque no siempre justa. As\u00ed, las pr\u00f3ximas elecciones en Bolivia muestran lo peor de cada casa.<\/p>\n\n\n\n<p class=\"wp-block-paragraph\">El 17 de agosto se elegir\u00e1 a quienes gobernar\u00e1n y compondr\u00e1n el poder legislativo. El escenario pol\u00edtico, en l\u00edneas generales, se divide en las candidaturas de derecha y las de izquierda, aunque lo relevante es que el proceso electoral ha sido escenario de un sinf\u00edn de acciones vergonzosas en todos los \u00e1ngulos del escenario pol\u00edtico.<\/p>\n\n\n\n<p class=\"wp-block-paragraph\">En ambos bandos se ha planteado la necesidad de participar en \u201cunidad\u201d como \u00fanica forma de lograr la victoria frente al otro; pero se hizo o\u00eddos sordos, ya que hay seis postulaciones de la derecha y cuatro de la acera izquierda. En \u00e9sta, se han producido escisiones del gran partido de Evo Morales, que en su momento lleg\u00f3 a ganar con el 60 por ciento de los votos, y a \u00e9l finalmente no se le ha permitido participar.<\/p>\n\n\n\n<p class=\"wp-block-paragraph\">En la conformaci\u00f3n de frentes hubo un verdadero mercadeo de siglas partidarias vac\u00edas de militancia, conformando un escenario vomitivo en el que hasta \u00faltimo minuto se las \u201cquitoneaban\u201d agitando supuestos documentos acreditativos en mano.<\/p>\n\n\n\n<p class=\"wp-block-paragraph\">Muy en el estilo de los presidentes Donald Trump de Estados Unidos y Javier Milei de Argentina y del empresario Elon Musk, que tienden a ser referentes en la derecha boliviana, las postulaciones de este bando se muestran sin verg\u00fcenza alguna y ya no disimulan en lo que toca a su visi\u00f3n sobre el g\u00e9nero y las poblaciones ind\u00edgenas. En estas candidaturas s\u00f3lo hay hombres, entre candidatos a presidente y vicepresidente, y todos son blancos y de ciudad, en un pa\u00eds mayoritariamente ind\u00edgena.<\/p>\n\n\n\n<p class=\"wp-block-paragraph\">Es una vuelta descarada a un pasado que reivindican, donde el espacio de poder nacional ten\u00eda esas caracter\u00edsticas: hombres blancos de ciudad. Sus propuestas de gobierno tambi\u00e9n son una vuelta a la privatizaci\u00f3n y reducci\u00f3n del Estado, los temas sociales no son relevantes sino los econ\u00f3mico empresariales.<\/p>\n\n\n\n<p class=\"wp-block-paragraph\">Sin rubor, la derecha ha dejado de lado a las mujeres, menospreciando a postulantes como Amparo Ballivi\u00e1n, y ha obviado a las mayor\u00edas ind\u00edgenas y cholas a quienes, por defecto, consideran que votan al otro bando, pese a que hay una gran cantidad de ind\u00edgenas que, siendo comerciantes, tienen una mentalidad liberal capitalista. Ni as\u00ed.<\/p>\n\n\n\n<p class=\"wp-block-paragraph\">En la izquierda (aunque m\u00e1s bien es centro), adem\u00e1s de contar con representaci\u00f3n ind\u00edgena, hay una \u00fanica candidata a la presidencia, la alcaldesa Eva Copa. Tambi\u00e9n hay una candidata a la vicepresidencia, Mariana Prado, quien es furiosamente cuestionada por sectores feministas ya que ella hizo una penosa defensa de su exnovio en un juicio por feminicidio por el que \u00e9l finalmente fue sentenciado.<\/p>\n\n\n\n<p class=\"wp-block-paragraph\">No es casual la nominaci\u00f3n de Prado ya que en el espacio de la izquierda o popular hay gran participaci\u00f3n ind\u00edgena y tambi\u00e9n presencia femenina; sin embargo, las reivindicaciones de las mujeres siempre quedan a un lado, no se mencionan e incluso las conquistas se amenazan (como cuando uno de los candidatos, Andr\u00f3nico Rodr\u00edguez, dijo que habr\u00eda que modificar la ley contra las violencias hacia las mujeres por ser \u201cuna ley antihombres\u201d).<\/p>\n\n\n\n<p class=\"wp-block-paragraph\">En la izquierda, la pugna por ser la \u00fanica representaci\u00f3n popular ha sido un proceso descarnado y decepcionante.<\/p>\n\n\n\n<p class=\"wp-block-paragraph\">Otra caracter\u00edstica lamentable de este proceso electoral es su judicializaci\u00f3n por motivaciones pol\u00edticas, lo que ha derivado en que el num\u00e9ricamente importante bloque de Evo Morales no pueda presentarse y que se haya intentado tambi\u00e9n evitar, a \u00faltima hora, la presencia de otras candidaturas. As\u00ed, se busc\u00f3 que una gran parte de la poblaci\u00f3n no tenga a sus candidatos, en beneficio de otras opciones pol\u00edticas, y eso es un ataque directo a la democracia.<\/p>\n\n\n\n<p class=\"wp-block-paragraph\">En suma, en esta \u00faltima semana se ha puesto en riesgo la ya dif\u00edcil estabilidad social del pa\u00eds (agobiada por incremento de precios, falta de d\u00f3lares y de combustible) y, de forma peligros\u00edsima y tambi\u00e9n pat\u00e9tica, se han cruzado l\u00edmites entre los poderes del Estado y tambi\u00e9n l\u00edmites morales, poniendo en riesgo las elecciones. Se mostr\u00f3 lo peor de cada casa y, ya que este proceso no ha acabado, seguramente habr\u00e1 consecuencias. &nbsp;&nbsp;<\/p>\n","protected":false},"excerpt":{"rendered":"<p>Drina Ergueta SemM\u00e9xico, La Paz-Bolivia, 23 de mayo. 2025.- Parecer\u00eda que estamos viviendo una \u00e9poca de descaro, no en sentido positivo transgresor, aunque en algunos casos lo pretenda ser, sino en uno nefasto y peligroso en que no importa traspasar l\u00edmites. Se ignoran las consecuencias, que pueden ser da\u00f1inas para la sociedad, sus instituciones y [&hellip;]<\/p>\n","protected":false},"author":3,"featured_media":8467,"comment_status":"open","ping_status":"open","sticky":false,"template":"","format":"standard","meta":{"_monsterinsights_skip_tracking":false,"footnotes":""},"categories":[77,35,102],"tags":[],"class_list":["post-95519","post","type-post","status-publish","format-standard","has-post-thumbnail","category-drina-ergueta","category-opinion","category-textura-violeta"],"_links":{"self":[{"href":"https:\/\/redsemlac.com\/semmexico\/wp-json\/wp\/v2\/posts\/95519","targetHints":{"allow":["GET"]}}],"collection":[{"href":"https:\/\/redsemlac.com\/semmexico\/wp-json\/wp\/v2\/posts"}],"about":[{"href":"https:\/\/redsemlac.com\/semmexico\/wp-json\/wp\/v2\/types\/post"}],"author":[{"embeddable":true,"href":"https:\/\/redsemlac.com\/semmexico\/wp-json\/wp\/v2\/users\/3"}],"replies":[{"embeddable":true,"href":"https:\/\/redsemlac.com\/semmexico\/wp-json\/wp\/v2\/comments?post=95519"}],"version-history":[{"count":0,"href":"https:\/\/redsemlac.com\/semmexico\/wp-json\/wp\/v2\/posts\/95519\/revisions"}],"wp:featuredmedia":[{"embeddable":true,"href":"https:\/\/redsemlac.com\/semmexico\/wp-json\/wp\/v2\/media\/8467"}],"wp:attachment":[{"href":"https:\/\/redsemlac.com\/semmexico\/wp-json\/wp\/v2\/media?parent=95519"}],"wp:term":[{"taxonomy":"category","embeddable":true,"href":"https:\/\/redsemlac.com\/semmexico\/wp-json\/wp\/v2\/categories?post=95519"},{"taxonomy":"post_tag","embeddable":true,"href":"https:\/\/redsemlac.com\/semmexico\/wp-json\/wp\/v2\/tags?post=95519"}],"curies":[{"name":"wp","href":"https:\/\/api.w.org\/{rel}","templated":true}]}}