{"id":95515,"date":"2025-05-23T16:42:51","date_gmt":"2025-05-23T22:42:51","guid":{"rendered":"https:\/\/redsemlac.com\/semmexico\/?p=95515"},"modified":"2025-05-23T16:43:13","modified_gmt":"2025-05-23T22:43:13","slug":"cecilia-toussaint-y-jorge-garcia-montemayor-rinden-homenaje-a-rosario-castellanos","status":"publish","type":"post","link":"https:\/\/redsemlac.com\/semmexico\/cecilia-toussaint-y-jorge-garcia-montemayor-rinden-homenaje-a-rosario-castellanos\/","title":{"rendered":"Cecilia Toussaint\u00a0y Jorge Garc\u00eda Montemayor rinden homenaje a Rosario Castellanos"},"content":{"rendered":"\n<p class=\"wp-block-paragraph\">&nbsp;&nbsp;Presentan en Antigua Casona de Xicot\u00e9ncatl \u201cMatamos lo que amamos\u201d, espect\u00e1culo de lectura en voz alta y canciones de Jos\u00e9 G. Elorza, basadas en la obra de la escritora<\/p>\n\n\n\n<p class=\"wp-block-paragraph\">&nbsp;Libertad L\u00f3pez<\/p>\n\n\n\n<p class=\"wp-block-paragraph\">SemM\u00e9xico, Cd. de M\u00e9xico, 23 de mayo, 2025.-Con una trayectoria de casi 50 a\u00f1os, Cecilia Toussaint&nbsp;impregn\u00f3 de nostalgia la Antigua Casona de Xicot\u00e9ncatl durante casi una hora, tiempo en el que present\u00f3 al p\u00fablico que asisti\u00f3 al recinto hist\u00f3rico del Senado, fragmentos de la obra de Rosario Castellanos, con las canciones del compositor chiapaneco Jos\u00e9 G. Elorza.<\/p>\n\n\n\n<p class=\"wp-block-paragraph\">Y es que, en este lugar, donde se han discutido y aprobado las leyes de nuestro pa\u00eds, y que ahora lleva por nombre \u201cXico. Senado es cultura\u201d, se present\u00f3 \u201cMatamos lo que amamos\u201d, un espect\u00e1culo de lectura en voz alta y canciones, basadas en la literatura de la escritora, con la cantante y actriz Cecilia Toussaint&nbsp;y el guitarrista Jorge Garc\u00eda Montemayor.<\/p>\n\n\n\n<p class=\"wp-block-paragraph\">La velada incluy\u00f3 una compilaci\u00f3n de nueve canciones que, en una suerte de conjunci\u00f3n, acerc\u00f3 a Toussaint, la rockera&nbsp;urbana de los a\u00f1os 80, vocalista de bandas como \u201cArp\u00eda\u201d, con una de las mejores literatas de Am\u00e9rica Latina.<\/p>\n\n\n\n<p class=\"wp-block-paragraph\">La antigua sede del Senado logr\u00f3 conjuntar el talento, la nostalgia y el amor a las letras, en una franca y nost\u00e1lgica evocaci\u00f3n de Rosario Castellanos, en el centenario de su natalicio, y es que como dijo Toussaint, Castellanos no s\u00f3lo fue escritora, sino feminista, luchadora de los derechos humanos \u201cy una sanaci\u00f3n para muchas mujeres que toman su vida como una inspiraci\u00f3n\u201d.<\/p>\n\n\n\n<figure class=\"wp-block-image size-large\"><a href=\"https:\/\/redsemlac.com\/semmexico\/wp-content\/uploads\/2025\/05\/homenaje-rosario-castellanos-02.jpg\"><img loading=\"lazy\" decoding=\"async\" width=\"1024\" height=\"682\" src=\"https:\/\/redsemlac.com\/semmexico\/wp-content\/uploads\/2025\/05\/homenaje-rosario-castellanos-02-1024x682.jpg\" alt=\"\" class=\"wp-image-95516\" srcset=\"https:\/\/redsemlac.com\/semmexico\/wp-content\/uploads\/2025\/05\/homenaje-rosario-castellanos-02-1024x682.jpg 1024w, https:\/\/redsemlac.com\/semmexico\/wp-content\/uploads\/2025\/05\/homenaje-rosario-castellanos-02-300x200.jpg 300w, https:\/\/redsemlac.com\/semmexico\/wp-content\/uploads\/2025\/05\/homenaje-rosario-castellanos-02-768x512.jpg 768w, https:\/\/redsemlac.com\/semmexico\/wp-content\/uploads\/2025\/05\/homenaje-rosario-castellanos-02-150x100.jpg 150w, https:\/\/redsemlac.com\/semmexico\/wp-content\/uploads\/2025\/05\/homenaje-rosario-castellanos-02-696x464.jpg 696w, https:\/\/redsemlac.com\/semmexico\/wp-content\/uploads\/2025\/05\/homenaje-rosario-castellanos-02-1068x712.jpg 1068w, https:\/\/redsemlac.com\/semmexico\/wp-content\/uploads\/2025\/05\/homenaje-rosario-castellanos-02.jpg 1454w\" sizes=\"auto, (max-width: 1024px) 100vw, 1024px\" \/><\/a><\/figure>\n\n\n\n<p class=\"wp-block-paragraph\">Fue as\u00ed como la obra de la escritora chiapaneca, periodista y diplom\u00e1tica mexicana, quien falleci\u00f3 en 1974, retumb\u00f3 en el patio central de Xicot\u00e9ncatl, para entusiasmar a las y los escuchas, quienes disfrutaron de una noche m\u00e1gica, con sabor a Chiapas.<\/p>\n\n\n\n<p class=\"wp-block-paragraph\">En el evento, organizado por la Junta de Coordinaci\u00f3n Pol\u00edtica a trav\u00e9s de Coordinaci\u00f3n de Eventos Culturales del Senado, se dejaron escuchar las canciones \u201cEscogedoras del caf\u00e9 del Soconusco\u201d; \u201cUna palmera\u201d; \u201cNostalgia\u201d; \u201cMatamos lo que amamos\u201d y \u201cLavander\u00eda del Grijalva\u201d, as\u00ed como los poemas \u201cAutorretrato\u201d; \u201cAmor\u201d; \u201cDestino\u201d; \u201cPresencia\u201d, \u201cApelaci\u00f3n al solitario\u201d y \u201cLos adioses\u201d, entre otras.<\/p>\n\n\n\n<p class=\"wp-block-paragraph\">En su oportunidad, la coordinadora de Eventos Culturales del Senado, Martha L\u00f3pez Castillo, refiri\u00f3 que \u201cMatamos lo que amamos\u201d es el t\u00edtulo de uno de los poemas emblem\u00e1ticos de la literata mexicana, y que junto con Cecilia Toussaint&nbsp;y el guitarrista Montemayor, se rinde homenaje a la autora a cien a\u00f1os de su natalicio.<\/p>\n\n\n\n<p class=\"wp-block-paragraph\">Ante una nutrida asistencia, afirm\u00f3 que Toussaint&nbsp;es una destacada artista mexicana, cuyo talento abarca desde la m\u00fasica hasta la actuaci\u00f3n, lo que ha dejado una \u201chuella indeleble\u201d en la industria del entretenimiento.<\/p>\n\n\n\n<p class=\"wp-block-paragraph\">Este espect\u00e1culo, que busca promover la lectura -dijo Toussaint-, surge de las adaptaciones de los textos de Rosario Castellanos, \u201cun trabajo fundamental para la cultura del pa\u00eds y para las mujeres\u201d, coment\u00f3 la actriz.<\/p>\n\n\n\n<p class=\"wp-block-paragraph\">Trabajo que dio como resultado final, un retrato poderoso de la obra de la escritora, un homenaje a una grande de las letras mexicanas, llevado de la mano de otra mujer que ya forma parte de la historia de la m\u00fasica contempor\u00e1nea mexicana.<\/p>\n\n\n\n<p class=\"wp-block-paragraph\">\u201cMatamos lo que amamos\u201d qued\u00f3 en la memoria del p\u00fablico de la Antigua Casona de Xicot\u00e9ncatl, mientras Cecilia y Rosario, juntas, poderosas, emblem\u00e1ticas, se tomaban una foto en este hist\u00f3rico recinto legislativo, ahora cultural.<\/p>\n\n\n\n<p class=\"wp-block-paragraph\"><\/p>\n","protected":false},"excerpt":{"rendered":"<p>&nbsp;&nbsp;Presentan en Antigua Casona de Xicot\u00e9ncatl \u201cMatamos lo que amamos\u201d, espect\u00e1culo de lectura en voz alta y canciones de Jos\u00e9 G. Elorza, basadas en la obra de la escritora &nbsp;Libertad L\u00f3pez SemM\u00e9xico, Cd. de M\u00e9xico, 23 de mayo, 2025.-Con una trayectoria de casi 50 a\u00f1os, Cecilia Toussaint&nbsp;impregn\u00f3 de nostalgia la Antigua Casona de Xicot\u00e9ncatl durante [&hellip;]<\/p>\n","protected":false},"author":3,"featured_media":95517,"comment_status":"open","ping_status":"open","sticky":false,"template":"","format":"standard","meta":{"_monsterinsights_skip_tracking":false,"footnotes":""},"categories":[748],"tags":[],"class_list":["post-95515","post","type-post","status-publish","format-standard","has-post-thumbnail","category-cultura-feminista"],"_links":{"self":[{"href":"https:\/\/redsemlac.com\/semmexico\/wp-json\/wp\/v2\/posts\/95515","targetHints":{"allow":["GET"]}}],"collection":[{"href":"https:\/\/redsemlac.com\/semmexico\/wp-json\/wp\/v2\/posts"}],"about":[{"href":"https:\/\/redsemlac.com\/semmexico\/wp-json\/wp\/v2\/types\/post"}],"author":[{"embeddable":true,"href":"https:\/\/redsemlac.com\/semmexico\/wp-json\/wp\/v2\/users\/3"}],"replies":[{"embeddable":true,"href":"https:\/\/redsemlac.com\/semmexico\/wp-json\/wp\/v2\/comments?post=95515"}],"version-history":[{"count":0,"href":"https:\/\/redsemlac.com\/semmexico\/wp-json\/wp\/v2\/posts\/95515\/revisions"}],"wp:featuredmedia":[{"embeddable":true,"href":"https:\/\/redsemlac.com\/semmexico\/wp-json\/wp\/v2\/media\/95517"}],"wp:attachment":[{"href":"https:\/\/redsemlac.com\/semmexico\/wp-json\/wp\/v2\/media?parent=95515"}],"wp:term":[{"taxonomy":"category","embeddable":true,"href":"https:\/\/redsemlac.com\/semmexico\/wp-json\/wp\/v2\/categories?post=95515"},{"taxonomy":"post_tag","embeddable":true,"href":"https:\/\/redsemlac.com\/semmexico\/wp-json\/wp\/v2\/tags?post=95515"}],"curies":[{"name":"wp","href":"https:\/\/api.w.org\/{rel}","templated":true}]}}