{"id":95505,"date":"2025-05-23T15:34:56","date_gmt":"2025-05-23T21:34:56","guid":{"rendered":"https:\/\/redsemlac.com\/semmexico\/?p=95505"},"modified":"2025-05-23T16:06:11","modified_gmt":"2025-05-23T22:06:11","slug":"con-valor-de-mujer-ni-mas-ni-menos-que-les-cuesta","status":"publish","type":"post","link":"https:\/\/redsemlac.com\/semmexico\/con-valor-de-mujer-ni-mas-ni-menos-que-les-cuesta\/","title":{"rendered":"Con valor de mujer Ni m\u00e1s ni menos| Que les cuesta"},"content":{"rendered":"\n<p class=\"wp-block-paragraph\">&nbsp;Candelaria Rodr\u00edguez<\/p>\n\n\n\n<p class=\"wp-block-paragraph\">SemM\u00e9xico, Tuxtla Guti\u00e9rrez, Chiapas., 23 de mayo, &nbsp;2025.- Que le cuesta, al gobierno garantizar y vigilar la paridad en Chiapas&nbsp; plante\u00f3 la investigadora Araceli Burguete<\/p>\n\n\n\n<p class=\"wp-block-paragraph\">Con un serio y contundente&nbsp; mensaje al poder legislativo y ejecutivo, la investigadora y acad\u00e9mica, Araceli Burguete Cal y Mayor, llam\u00f3 a garantizar y vigilar, que los cargos administrativos en cada municipio se ocupen en paridad. Ambas medidas est\u00e1n en el \u00e1mbito de las competencias de gobierno, <strong>que les cuesta,<\/strong> se\u00f1al\u00f3.<\/p>\n\n\n\n<p class=\"wp-block-paragraph\">Participante en el evento que conmemor\u00f3 el <strong>Centenario del Derecho al Voto de las Mujeres Chiapanecas<\/strong>, convocado de manera conjunta entre el Congreso del Estado y organizaciones de la Agenda Feminista, Burguete Cal y Mayor, har\u00eda un amplio repaso historio de la lucha de las mujeres por la conquista del sufragio femenino, reconociendo el avance paritario; estas y otras medidas, dijo, son posibles.<\/p>\n\n\n\n<p class=\"wp-block-paragraph\">&nbsp;<strong>Que les cuesta,<\/strong> dijo, por ejemplo: que las autoridades auxiliares municipales y los consejos de participaci\u00f3n ciudadana, se integren en paridad. As\u00ed como garantizar y vigilar, que los cargos administrativos en cada municipio se ocupen en paridad. Ambas medidas est\u00e1n en el \u00e1mbito de las competencias de gobierno. <strong>Que les cuesta<\/strong>, insistir\u00eda.<\/p>\n\n\n\n<p class=\"wp-block-paragraph\"><strong>Que les cuesta<\/strong>, una frase cuestionadora que le sali\u00f3 del alma, est\u00e1 cargada de significado profundo, \u00bfpor qu\u00e9 no hacen algo? \u00bfpor qu\u00e9 no&nbsp; hacen un esfuerzo o voluntad para hacer valer la paridad en todo, libre de violencia, sin simulaci\u00f3n, sin usurpaci\u00f3n de funciones.<\/p>\n\n\n\n<p class=\"wp-block-paragraph\">Es una frase que cuestiona el actuar de quienes integran las instituciones, ante la falta de acciones concretas y reales, es especial el poder legislativo y ejecutivo, ante la evidencia de la usurpaci\u00f3n de funciones de las presidentas municipales, violencia que Burguete Cal y Mayor, detalla en su libro: <strong>Paridad y Violencia Pol\u00edtica contra las mujeres en raz\u00f3n de g\u00e9nero: simulaci\u00f3n tolerada-usurpaci\u00f3n permitida en Chiapas<\/strong>.<\/p>\n\n\n\n<p class=\"wp-block-paragraph\"><strong>La historia<\/strong><\/p>\n\n\n\n<p class=\"wp-block-paragraph\">El 11 de mayo de 1925, el gobernador interino C\u00e9sar C\u00f3rdova, promulg\u00f3 el Decreto n\u00famero ocho, que entr\u00f3 en vigor en ese mismo a\u00f1o, en el que se reconocieron los derechos pol\u00edticos de las chiapanecas, para votar y ser electa, a partir de los 18 a\u00f1os. La profesora Florinda Lazos Le\u00f3n, oriunda de San Crist\u00f3bal de Las Casas, fue elegida diputada local en 1926.<\/p>\n\n\n\n<p class=\"wp-block-paragraph\">Despu\u00e9s que la diputada Florinda Lazos Le\u00f3n asumi\u00f3 el cargo como diputada local en 1926, fueron pocas las mujeres que ocupar\u00edan una curul en el Congreso del Estado, durante todo el siglo XX. Este d\u00e9ficit era compartido en el resto de las entidades del pa\u00eds. Era un problema estructural, del orden patriarcal.<\/p>\n\n\n\n<p class=\"wp-block-paragraph\">Para avanzar, en la d\u00e9cada de 1990, se crean las primeras cuotas de g\u00e9nero. Esta medida exig\u00eda a los partidos pol\u00edticos incluir un porcentaje de mujeres en sus listas electorales (primero 70\/30 y luego 60\/40). Pero hubo resistencias desde los institutos pol\u00edticos (Burguete, 2014).<\/p>\n\n\n\n<p class=\"wp-block-paragraph\">Por ello, desde el a\u00f1o 2009 hubo que ir al Tribunal para obligar a los partidos pol\u00edticos a garantizar la incorporaci\u00f3n de las mujeres en las candidaturas a los espacios legislativos, y su permanencia en aquellos a los que hab\u00edan sido electas. Hubo que judicializar la lucha para garantizar derechos. As\u00ed se llega al a\u00f1o 2014.&nbsp;<\/p>\n\n\n\n<p class=\"wp-block-paragraph\">En su repaso hist\u00f3rico, dijo que el 31 de enero de 2014, M\u00e9xico introdujo la paridad de g\u00e9nero como principio constitucional a trav\u00e9s de una reforma electoral. Esta reforma sustituy\u00f3 las cuotas de g\u00e9nero y oblig\u00f3 a los partidos pol\u00edticos a garantizar que las listas de candidaturas a legisladores federales y locales estuvieran integradas por un 50% de mujeres y un 50% de hombres. Esta medida favoreci\u00f3 de manera significativa a que el Congreso local se integrara hoy de forma paritaria.&nbsp;<\/p>\n\n\n\n<p class=\"wp-block-paragraph\">Pero estos avances,&nbsp; no han favorecido al \u00e1mbito municipal, en donde se observa un rezago; que demanda una urgente intervenci\u00f3n desde el poder legislativo; desde los partidos pol\u00edticos; desde los \u00f3rganos electorales, y por supuesto desde el poder ejecutivo.<\/p>\n\n\n\n<p class=\"wp-block-paragraph\">Y que les cuesta, repet\u00eda, porque que la sociedad debe acostumbrarse a ver mujeres gobernando, administrando los municipios. Ver mujeres en las oficinas municipales y tener confianza en ellas. Esto tendr\u00eda relevancia simb\u00f3lica; adem\u00e1s que contribuir\u00eda a fortalecer el liderazgo de las mujeres en el espacio local.&nbsp;<\/p>\n\n\n\n<p class=\"wp-block-paragraph\">Aunque&nbsp; Simone de Beauvoir es la creadora de la frase plasmado en su libro: la mujer no nace, se hace\u201d, Burguete, alude&nbsp; a la m\u00e1xima de una cl\u00e1sica: <strong>los liderazgos no nacen, se hacen<\/strong>. Y, mucho se puede hacer desde los poderes del Estado, para contribuir a ello. &nbsp;<\/p>\n\n\n\n<p class=\"wp-block-paragraph\">Fue en la celebraci\u00f3n del <strong>Centenario del Derecho al Voto de las Mujeres Chiapanecas (1925-2025), <\/strong>y Burguete cal y Mayor destac\u00f3 algunos aciertos: Que la actual LXIX Legislatura del Congreso de Chiapas se integre con 24 diputadas, que representan la mitad de las personas legisladoras, de un total de 40 legisladores, y para lograrlo, dijo, hubo que remontar un camino largo, sinuoso y con muchos obst\u00e1culos.<\/p>\n","protected":false},"excerpt":{"rendered":"<p>&nbsp;Candelaria Rodr\u00edguez SemM\u00e9xico, Tuxtla Guti\u00e9rrez, Chiapas., 23 de mayo, &nbsp;2025.- Que le cuesta, al gobierno garantizar y vigilar la paridad en Chiapas&nbsp; plante\u00f3 la investigadora Araceli Burguete Con un serio y contundente&nbsp; mensaje al poder legislativo y ejecutivo, la investigadora y acad\u00e9mica, Araceli Burguete Cal y Mayor, llam\u00f3 a garantizar y vigilar, que los cargos [&hellip;]<\/p>\n","protected":false},"author":3,"featured_media":95507,"comment_status":"open","ping_status":"open","sticky":false,"template":"","format":"standard","meta":{"_monsterinsights_skip_tracking":false,"footnotes":""},"categories":[700,82,110,35],"tags":[],"class_list":["post-95505","post","type-post","status-publish","format-standard","has-post-thumbnail","category-estados","category-la-opinion","category-la-opinion-columnas","category-opinion"],"_links":{"self":[{"href":"https:\/\/redsemlac.com\/semmexico\/wp-json\/wp\/v2\/posts\/95505","targetHints":{"allow":["GET"]}}],"collection":[{"href":"https:\/\/redsemlac.com\/semmexico\/wp-json\/wp\/v2\/posts"}],"about":[{"href":"https:\/\/redsemlac.com\/semmexico\/wp-json\/wp\/v2\/types\/post"}],"author":[{"embeddable":true,"href":"https:\/\/redsemlac.com\/semmexico\/wp-json\/wp\/v2\/users\/3"}],"replies":[{"embeddable":true,"href":"https:\/\/redsemlac.com\/semmexico\/wp-json\/wp\/v2\/comments?post=95505"}],"version-history":[{"count":0,"href":"https:\/\/redsemlac.com\/semmexico\/wp-json\/wp\/v2\/posts\/95505\/revisions"}],"wp:featuredmedia":[{"embeddable":true,"href":"https:\/\/redsemlac.com\/semmexico\/wp-json\/wp\/v2\/media\/95507"}],"wp:attachment":[{"href":"https:\/\/redsemlac.com\/semmexico\/wp-json\/wp\/v2\/media?parent=95505"}],"wp:term":[{"taxonomy":"category","embeddable":true,"href":"https:\/\/redsemlac.com\/semmexico\/wp-json\/wp\/v2\/categories?post=95505"},{"taxonomy":"post_tag","embeddable":true,"href":"https:\/\/redsemlac.com\/semmexico\/wp-json\/wp\/v2\/tags?post=95505"}],"curies":[{"name":"wp","href":"https:\/\/api.w.org\/{rel}","templated":true}]}}