{"id":95434,"date":"2025-05-21T09:57:39","date_gmt":"2025-05-21T15:57:39","guid":{"rendered":"https:\/\/redsemlac.com\/semmexico\/?p=95434"},"modified":"2025-05-21T09:57:41","modified_gmt":"2025-05-21T15:57:41","slug":"quienes-eran-ximena-guzman-y-jose-munoz-funcionarios-de-la-cdmx-asesinados-en-tlalpan","status":"publish","type":"post","link":"https:\/\/redsemlac.com\/semmexico\/quienes-eran-ximena-guzman-y-jose-munoz-funcionarios-de-la-cdmx-asesinados-en-tlalpan\/","title":{"rendered":"\u00bfQui\u00e9nes eran Ximena Guzm\u00e1n y Jos\u00e9 Mu\u00f1oz, funcionarios de la CDMX asesinados en Tlalpan?"},"content":{"rendered":"\n<p class=\"wp-block-paragraph\">Ximena Guzm\u00e1n y Jos\u00e9 Mu\u00f1oz colaboraban con Clara Brugada desde que era alcaldesa de Iztapalapa<br>Maleny Navarro \/ El Sol de M\u00e9xico<\/p>\n\n\n\n<p class=\"wp-block-paragraph\">SemM\u00e9xico\/El Sol de M\u00e9xico, 21 mayo 2025.-Ximena Guzm\u00e1n, secretaria particular de\u00a0Clara Brugada, y\u00a0Jos\u00e9 Mu\u00f1oz, funcionario de gobierno, fueron\u00a0asesinados\u00a0la ma\u00f1ana de este martes sobre\u00a0Calzada de Tlalpan.<\/p>\n\n\n\n<p class=\"wp-block-paragraph\">Ambos eran cercanos a la actual mandataria capitalina y la acompa\u00f1aron desde antes de su candidatura por la jefatura de Gobierno; sin embargo, ambos murieron luego de un ataque directo el cual ya est\u00e1 siendo investigado por la Secretar\u00eda de Seguridad Ciudadana y la Fiscal\u00eda de la CDMX.<\/p>\n\n\n\n<h5 class=\"wp-block-heading\">\u00bfQui\u00e9n era Ximena Guzm\u00e1n?<\/h5>\n\n\n\n<p class=\"wp-block-paragraph\">Ximena Josefina Guzm\u00e1n Cuevas\u00a0se desempe\u00f1aba como\u00a0secretaria particular de la jefa de Gobierno, Clara Brugada. Tambi\u00e9n ocup\u00f3 el mismo cargo cuando Brugada fue\u00a0alcaldesa de Iztapalapa, trabaj\u00f3 en la alcald\u00eda de\u00a02018 a 2023.<\/p>\n\n\n\n<p class=\"wp-block-paragraph\">\u201cSoci\u00f3loga del deporte, corredora de ida y de regreso, experimentando en la bici, viajera y amante del precipicio\u201d, as\u00ed aparec\u00eda su biograf\u00eda en redes sociales.\u00a0<a href=\"https:\/\/oem.com.mx\/la-prensa\/metropoli\/no-dejaremos-que-este-cobarde-hecho-quede-impune-condenan-autoridades-capitalinas-doble-homicidio-en-calzada-de-tlalpan-23408327\"><\/a><a href=\"https:\/\/oem.com.mx\/la-prensa\/metropoli\/no-dejaremos-que-este-cobarde-hecho-quede-impune-condenan-autoridades-capitalinas-doble-homicidio-en-calzada-de-tlalpan-23408327\"><\/a><\/p>\n\n\n\n<h5 class=\"wp-block-heading\">\u201cNo dejaremos que este cobarde hecho quede impune\u201d, condenan autoridades ataque en Calzada de Tlalpan<\/h5>\n\n\n\n<p class=\"wp-block-paragraph\">El titular de la SSC, Pablo V\u00e1zquez, se\u00f1al\u00f3 que todas las \u00e1reas integrantes de esa Instituci\u00f3n trabajan para dar con los responsables<\/p>\n\n\n\n<p class=\"wp-block-paragraph\">En redes sociales hay fotograf\u00edas del\u00a0trabajo que Guzm\u00e1n realizaba en Iztapalapa, sobre todo durante la pandemia por Covid-19.<\/p>\n\n\n\n<p class=\"wp-block-paragraph\">En junio del a\u00f1o pasado acompa\u00f1\u00f3 a Brugada a Nueva York a la\u00a0ONU\u00a0a presentar el proyecto de las\u00a0Utop\u00edas.\u00a0<\/p>\n\n\n\n<figure class=\"wp-block-embed is-type-video is-provider-youtube wp-block-embed-youtube wp-embed-aspect-16-9 wp-has-aspect-ratio\"><div class=\"wp-block-embed__wrapper\">\n<iframe loading=\"lazy\" title=\"Fiscal\u00eda de CDMX investiga homicidio de Ximena Guzm\u00e1n y Jos\u00e9 Mu\u00f1oz, asesores de Brugada\" width=\"696\" height=\"392\" src=\"https:\/\/www.youtube.com\/embed\/ihQfeiYLZ4Q?feature=oembed\" frameborder=\"0\" allow=\"accelerometer; autoplay; clipboard-write; encrypted-media; gyroscope; picture-in-picture; web-share\" referrerpolicy=\"strict-origin-when-cross-origin\" allowfullscreen><\/iframe>\n<\/div><\/figure>\n\n\n\n<p class=\"wp-block-paragraph\">Ximena Guzm\u00e1n Cuevas tiene una amplia trayectoria en el\u00a0servicio p\u00fablico. De acuerdo con la trayectoria p\u00fablica a trav\u00e9s del portal de transparencia, era\u00a0Licenciada en Sociolog\u00eda\u00a0egresada de la\u00a0UAM Xochimilco\u00a0y\u00a0Maestra en Sociolog\u00eda\u00a0por la\u00a0\u00c9cole des Hautes \u00c9tudes en Sciences Sociales, de Par\u00eds.<\/p>\n\n\n\n<p class=\"wp-block-paragraph\">De 2008 a 2010 fue enlace y\u00a0coordinadora de desarrollo educativo\u00a0en la entonces delegaci\u00f3n Iztapalapa, y en 2012 fungi\u00f3 como enlace administrativo en la entonces delegaci\u00f3n Miguel Hidalgo.<\/p>\n\n\n\n<figure class=\"wp-block-image\"><img loading=\"lazy\" decoding=\"async\" width=\"1200\" height=\"674\" src=\"https:\/\/redsemlac.com\/semmexico\/wp-content\/uploads\/2025\/05\/image-1.webp\" alt=\"ximena guzman cuevas secretaria particular clara brugada\" class=\"wp-image-95436\" srcset=\"https:\/\/redsemlac.com\/semmexico\/wp-content\/uploads\/2025\/05\/image-1.webp 1200w, https:\/\/redsemlac.com\/semmexico\/wp-content\/uploads\/2025\/05\/image-1-300x169.webp 300w, https:\/\/redsemlac.com\/semmexico\/wp-content\/uploads\/2025\/05\/image-1-1024x575.webp 1024w, https:\/\/redsemlac.com\/semmexico\/wp-content\/uploads\/2025\/05\/image-1-768x431.webp 768w, https:\/\/redsemlac.com\/semmexico\/wp-content\/uploads\/2025\/05\/image-1-150x84.webp 150w, https:\/\/redsemlac.com\/semmexico\/wp-content\/uploads\/2025\/05\/image-1-696x391.webp 696w, https:\/\/redsemlac.com\/semmexico\/wp-content\/uploads\/2025\/05\/image-1-1068x600.webp 1068w\" sizes=\"auto, (max-width: 1200px) 100vw, 1200px\" \/><figcaption class=\"wp-element-caption\">Ximena, a la izquierda, en un d\u00eda de trabajo como asesora de Brugada cuando ella era alcaldesa de Iztapalapa.&nbsp;\/&nbsp;Foto: Facebook Mar\u00eda Antonieta P\u00e9rez Orozco<\/figcaption><\/figure>\n\n\n\n<p class=\"wp-block-paragraph\">En 2013 fue Subdirectora De Seguimiento y\u00a0An\u00e1lisis De Los Compromisos\u00a0del entonces jefe de Gobierno,\u00a0Miguel \u00c1ngel Mancera.<\/p>\n\n\n\n<p class=\"wp-block-paragraph\">En 2015 pas\u00f3 a la Secretar\u00eda de Gobierno capitalina como\u00a0Subdirectora De Giras Y Reuniones De Trabajo.<\/p>\n\n\n\n<h3 class=\"wp-block-heading\">\u00bfQui\u00e9n era Jos\u00e9 Mu\u00f1oz?<\/h3>\n\n\n\n<p class=\"wp-block-paragraph\">Jos\u00e9 Mu\u00f1oz Vega\u00a0estaba\u00a0especializado en asuntos legislativos\u00a0y\u00a0procesos parlamentarios. Estudi\u00f3 la\u00a0Licenciatura en Ciencia Pol\u00edtica y Administraci\u00f3n P\u00fablica\u00a0e hizo carrera en las c\u00e1maras legislativas.<\/p>\n\n\n\n<p class=\"wp-block-paragraph\">Fue asesor de la\u00a0Procuradur\u00eda Social de 2006 a 2008, periodo en el que estaba\u00a0Mart\u00ed Batres\u00a0en ese cargo.<\/p>\n\n\n\n<figure class=\"wp-block-embed\"><div class=\"wp-block-embed__wrapper\">\nhttps:\/\/www.instagram.com\/p\/CsdAxXrO7rM\/?utm_source=ig_embed&#038;ig_rid=49ec5dc3-8929-4b55-b2ae-e5682ec7fc08\n<\/div><\/figure>\n\n\n\n<h5 class=\"wp-block-heading\">Se desempe\u00f1\u00f3 como asesor en el\u00a0Congreso de la Uni\u00f3n, en la entonces\u00a0Asamblea Legislativa del Distrito Federal\u00a0y tambi\u00e9n fue asesor en la Asamblea Constituyente de la Ciudad de M\u00e9xico.<\/h5>\n\n\n\n<p class=\"wp-block-paragraph\"><\/p>\n","protected":false},"excerpt":{"rendered":"<p>Ximena Guzm\u00e1n y Jos\u00e9 Mu\u00f1oz colaboraban con Clara Brugada desde que era alcaldesa de IztapalapaMaleny Navarro \/ El Sol de M\u00e9xico SemM\u00e9xico\/El Sol de M\u00e9xico, 21 mayo 2025.-Ximena Guzm\u00e1n, secretaria particular de\u00a0Clara Brugada, y\u00a0Jos\u00e9 Mu\u00f1oz, funcionario de gobierno, fueron\u00a0asesinados\u00a0la ma\u00f1ana de este martes sobre\u00a0Calzada de Tlalpan. Ambos eran cercanos a la actual mandataria capitalina y [&hellip;]<\/p>\n","protected":false},"author":3,"featured_media":95435,"comment_status":"open","ping_status":"open","sticky":false,"template":"","format":"standard","meta":{"_monsterinsights_skip_tracking":false,"footnotes":""},"categories":[682],"tags":[],"class_list":["post-95434","post","type-post","status-publish","format-standard","has-post-thumbnail","category-noticias"],"_links":{"self":[{"href":"https:\/\/redsemlac.com\/semmexico\/wp-json\/wp\/v2\/posts\/95434","targetHints":{"allow":["GET"]}}],"collection":[{"href":"https:\/\/redsemlac.com\/semmexico\/wp-json\/wp\/v2\/posts"}],"about":[{"href":"https:\/\/redsemlac.com\/semmexico\/wp-json\/wp\/v2\/types\/post"}],"author":[{"embeddable":true,"href":"https:\/\/redsemlac.com\/semmexico\/wp-json\/wp\/v2\/users\/3"}],"replies":[{"embeddable":true,"href":"https:\/\/redsemlac.com\/semmexico\/wp-json\/wp\/v2\/comments?post=95434"}],"version-history":[{"count":0,"href":"https:\/\/redsemlac.com\/semmexico\/wp-json\/wp\/v2\/posts\/95434\/revisions"}],"wp:featuredmedia":[{"embeddable":true,"href":"https:\/\/redsemlac.com\/semmexico\/wp-json\/wp\/v2\/media\/95435"}],"wp:attachment":[{"href":"https:\/\/redsemlac.com\/semmexico\/wp-json\/wp\/v2\/media?parent=95434"}],"wp:term":[{"taxonomy":"category","embeddable":true,"href":"https:\/\/redsemlac.com\/semmexico\/wp-json\/wp\/v2\/categories?post=95434"},{"taxonomy":"post_tag","embeddable":true,"href":"https:\/\/redsemlac.com\/semmexico\/wp-json\/wp\/v2\/tags?post=95434"}],"curies":[{"name":"wp","href":"https:\/\/api.w.org\/{rel}","templated":true}]}}