{"id":95410,"date":"2025-05-19T16:35:07","date_gmt":"2025-05-19T22:35:07","guid":{"rendered":"https:\/\/redsemlac.com\/semmexico\/?p=95410"},"modified":"2025-05-19T16:35:08","modified_gmt":"2025-05-19T22:35:08","slug":"opinion-el-ajusticiamiento-en-vivo-de-valeria","status":"publish","type":"post","link":"https:\/\/redsemlac.com\/semmexico\/opinion-el-ajusticiamiento-en-vivo-de-valeria\/","title":{"rendered":"Opini\u00f3n| El ajusticiamiento en vivo de Valeria"},"content":{"rendered":"\n<p class=\"wp-block-paragraph\">Ang\u00e9lica de la Pe\u00f1a<\/p>\n\n\n\n<p class=\"wp-block-paragraph\">SemM\u00e9xico, Ciudad de M\u00e9xico, 19 de mayo, 2025.- No se puede tapar el sol con un dedo, dice un sabio dicho popular; M\u00e9xico ha venido transitando hacia un contexto de violencia generalizada. Ups, este calificativo que no le gusta al gobierno.<\/p>\n\n\n\n<p class=\"wp-block-paragraph\">Pero hay decisiones y descuidos que han contribuido: fiscal\u00edas cuyo funcionamiento est\u00e1 muy lejos de cumplir con el objeto inscrito en su autonom\u00eda; corporaciones policiales mal pagadas y sin profesionalizaci\u00f3n; un poder judicial desaparecido para ser sustituido por nombres que la c\u00fapula de Morena ha puesto en acordeones para orientar por quienes votar, nombres de impresentables que se les fueron en la integraci\u00f3n de las boletas; ninguna pol\u00edtica de prevenci\u00f3n social del delito; y lo que faltaba: asesinatos en tiempo real ante los medios de comunicaci\u00f3n.<\/p>\n\n\n\n<p class=\"wp-block-paragraph\">Y quiz\u00e1 el hecho m\u00e1s espeluznante fue el asesinato de Valeria M\u00e1rquez de 23 a\u00f1os porque ella estaba en vivo desde su cuenta de TikTok en el momento de su asesinato. Las redes sociales tambi\u00e9n constataron en tiempo real el asesinato de la candidata Yesenia Lara de Veracruz en pleno proselitismo acompa\u00f1ada de su equipo de campa\u00f1a quienes tambi\u00e9n algunos resultaron asesinados y otros heridos.<\/p>\n\n\n\n<p class=\"wp-block-paragraph\">En el caso de Valeria adem\u00e1s motiv\u00f3 en comentarios incluso de que ella se lo busc\u00f3 por andar con gente peligrosa, cuando el Ministerio P\u00fablico no ha concluido la investigaci\u00f3n y un juez determinar lo que deriva del caso.<\/p>\n\n\n\n<p class=\"wp-block-paragraph\">Pero este asesinato le dio vuelta al mundo, la reproducci\u00f3n del video fue implacable, y le acompa\u00f1\u00f3 la aseveraci\u00f3n de que M\u00e9xico est\u00e1 sumido en la violencia, y desde luego, se anticipa quedar\u00e1 en la impunidad como ha sido el desenlace de otros. \u201cEste tipo de ataques suelen quedar impunes\u201d, mencion\u00f3 The New York Times, y la BBC se\u00f1al\u00f3 algo incuestionable por desgracia: la violencia de g\u00e9nero es muy com\u00fan en M\u00e9xico. Los noticieros de EU, Inglaterra, India, Canad\u00e1, Espa\u00f1a y muchos m\u00e1s, evidenciaron el feminicidio.<\/p>\n\n\n\n<p class=\"wp-block-paragraph\">No se equivocan estos medios extranjeros. Los delitos de alto impacto y otros feminicidios est\u00e1n esperando justicia, no hay manera de no evidenciar la falta de credibilidad en la autoridad.<\/p>\n\n\n\n<p class=\"wp-block-paragraph\">Y para quienes han promovido, redactado y concretado un marco jur\u00eddico y de pol\u00edticas p\u00fablicas para prevenir este horror, es muy frustrante ver que lo ganado, hoy, por decisi\u00f3n de quienes gobiernan, ha desaparecido o minimizado con la reducci\u00f3n de recursos presupuestales y de programas.<\/p>\n\n\n\n<p class=\"wp-block-paragraph\">Hab\u00edamos confiado que con la definici\u00f3n del tipo penal de feminicidio en todos los c\u00f3digos penales se lograr\u00eda justicia para las mujeres. Optimistas cre\u00edmos que al concretar una legislaci\u00f3n espec\u00edfica y especializada para el acceso de las mujeres a una vida libre de violencia y as\u00ed como tambi\u00e9n al establecer la paridad para la presencia igualitaria de mujeres y hombres en todos los congresos, instituciones y organismos, avanzar\u00edamos en garantizar un estadio de igualdad y libertad para las mujeres.<\/p>\n\n\n\n<p class=\"wp-block-paragraph\">Sin embargo, las mujeres quienes est\u00e1n hoy en el poder, han permitido la desaparici\u00f3n de las instituciones y pol\u00edticas para la prevenci\u00f3n y sanci\u00f3n de la violencia contra mujeres y ni\u00f1as. La consigna de Ni Una M\u00e1s solo es un grito desesperado que se pierde en las calles y en las plazas por la indiferencia, y peor, la normalizaci\u00f3n de los cr\u00edmenes. Sab\u00edamos que las mujeres que llegar\u00edan a los espacios de poder, no todas ser\u00edan feministas. Pero hoy ya es necesario que hagan valer su voz, todas, sin excusa.<\/p>\n\n\n\n<p class=\"wp-block-paragraph\">Defensora de derechos humanos<\/p>\n","protected":false},"excerpt":{"rendered":"<p>Ang\u00e9lica de la Pe\u00f1a SemM\u00e9xico, Ciudad de M\u00e9xico, 19 de mayo, 2025.- No se puede tapar el sol con un dedo, dice un sabio dicho popular; M\u00e9xico ha venido transitando hacia un contexto de violencia generalizada. Ups, este calificativo que no le gusta al gobierno. Pero hay decisiones y descuidos que han contribuido: fiscal\u00edas cuyo [&hellip;]<\/p>\n","protected":false},"author":3,"featured_media":86539,"comment_status":"open","ping_status":"open","sticky":false,"template":"","format":"standard","meta":{"_monsterinsights_skip_tracking":false,"footnotes":""},"categories":[725,110,35],"tags":[],"class_list":["post-95410","post","type-post","status-publish","format-standard","has-post-thumbnail","category-angelica-de-la-pena","category-la-opinion-columnas","category-opinion"],"_links":{"self":[{"href":"https:\/\/redsemlac.com\/semmexico\/wp-json\/wp\/v2\/posts\/95410","targetHints":{"allow":["GET"]}}],"collection":[{"href":"https:\/\/redsemlac.com\/semmexico\/wp-json\/wp\/v2\/posts"}],"about":[{"href":"https:\/\/redsemlac.com\/semmexico\/wp-json\/wp\/v2\/types\/post"}],"author":[{"embeddable":true,"href":"https:\/\/redsemlac.com\/semmexico\/wp-json\/wp\/v2\/users\/3"}],"replies":[{"embeddable":true,"href":"https:\/\/redsemlac.com\/semmexico\/wp-json\/wp\/v2\/comments?post=95410"}],"version-history":[{"count":0,"href":"https:\/\/redsemlac.com\/semmexico\/wp-json\/wp\/v2\/posts\/95410\/revisions"}],"wp:featuredmedia":[{"embeddable":true,"href":"https:\/\/redsemlac.com\/semmexico\/wp-json\/wp\/v2\/media\/86539"}],"wp:attachment":[{"href":"https:\/\/redsemlac.com\/semmexico\/wp-json\/wp\/v2\/media?parent=95410"}],"wp:term":[{"taxonomy":"category","embeddable":true,"href":"https:\/\/redsemlac.com\/semmexico\/wp-json\/wp\/v2\/categories?post=95410"},{"taxonomy":"post_tag","embeddable":true,"href":"https:\/\/redsemlac.com\/semmexico\/wp-json\/wp\/v2\/tags?post=95410"}],"curies":[{"name":"wp","href":"https:\/\/api.w.org\/{rel}","templated":true}]}}