{"id":9541,"date":"2019-07-08T17:14:12","date_gmt":"2019-07-08T17:14:12","guid":{"rendered":"https:\/\/redsemlac.com\/semmexico\/?p=9541"},"modified":"2023-07-21T14:50:10","modified_gmt":"2023-07-21T19:50:10","slug":"derechos-humanos-no-son-una-potestad-son-obligaciones","status":"publish","type":"post","link":"https:\/\/redsemlac.com\/semmexico\/derechos-humanos-no-son-una-potestad-son-obligaciones\/","title":{"rendered":"Derechos humanos no son una potestad, son obligaciones"},"content":{"rendered":"\n<p class=\"wp-block-paragraph\"><strong><em>Enfrenta la CNDH al gobierno federal por rechazo a la recomendaci\u00f3n sobre estancias infantiles. <\/em><\/strong><\/p>\n\n\n\n<p class=\"wp-block-paragraph\">* Rechaza descalificaci\u00f3n\np\u00fablica a las actividades de la CNDH<\/p>\n\n\n\n<p class=\"wp-block-paragraph\"><strong>Elda Montiel<\/strong> <\/p>\n\n\n\n<p class=\"wp-block-paragraph\">SemM\u00e9xico, Cd. de M\u00e9xico,\n8 julio 2019.- Ra\u00fal Gonz\u00e1lez P\u00e9rez lament\u00f3 que el gobierno de Andr\u00e9s Manuel\nL\u00f3pez quiera manejar los derechos humanos como una potestad y no como una\nobligaci\u00f3n constitucional de todas las autoridades, empezando por el Ejecutivo.<\/p>\n\n\n\n<p class=\"wp-block-paragraph\">Ante el rechazo a acatar\nla Recomendaci\u00f3n 29\/2019 de la Comisi\u00f3n Nacional de los Derechos Humanos (CNDH)\nrelacionada con las estancias infantiles, por el DIF Nacional, al se\u00f1alar que el\norganismo nacional se excede en la interpretaci\u00f3n de sus facultades y pretende\ndictar la pol\u00edtica p\u00fablica que el Estado mexicano debe seguir para dar\ncumplimiento a los derechos humanos.<\/p>\n\n\n\n<p class=\"wp-block-paragraph\">Advirti\u00f3, el presidente\nde la CNDH, que el desconocimiento de los derechos humanos, su vulneraci\u00f3n\nintencional o la simulaci\u00f3n pactada sobre su observancia y respeto, son\nelementos propios de reg\u00edmenes autoritarios en los que las personas y sus\nderechos no constituyen prioridades.<\/p>\n\n\n\n<p class=\"wp-block-paragraph\">En conferencia de prensa,\nel ombudsperson nacional, calific\u00f3 de \u201checho sin precedentes\u201d el rechazo\nconcertado, directo, altisonante, desde\u00f1oso e infundado, de la primera de sus\nrecomendaciones a la actual administraci\u00f3n referida a la cancelaci\u00f3n de las\nestancias infantiles. <\/p>\n\n\n\n<p class=\"wp-block-paragraph\">Aun cuando este gobierno se\nhab\u00eda comprometido expl\u00edcitamente a respetar la autonom\u00eda, funciones y a\ncumplir las recomendaciones de la CNDH. <\/p>\n\n\n\n<p class=\"wp-block-paragraph\">Las principales v\u00edctimas\nque se\u00f1ala la Recomendaci\u00f3n 29\/2019, son las ni\u00f1as y ni\u00f1os, madres y padres,\nresponsables y trabajadoras de estancias infantiles, y el rechazo las revictimiza\ny vulnera, adem\u00e1s de se\u00f1alar que la verdad, la legalidad y el respeto a la\ninstitucionalidad democr\u00e1tica que deber\u00edan imperar en nuestro pa\u00eds.<\/p>\n\n\n\n<p class=\"wp-block-paragraph\">Precis\u00f3\nque el pronunciamiento de la CNDH es consecuencia de las 204 quejas presentadas\npor 5 mil 340 personas agraviadas y aclar\u00f3 que nadie se opone a que se\ninvestiguen los casos de corrupci\u00f3n o las irregularidades que, eventualmente,\nse hayan presentado en la administraci\u00f3n u operaci\u00f3n de las estancias\ninfantiles.<\/p>\n\n\n\n<p class=\"wp-block-paragraph\">Por lo que la CNDH\nacudir\u00e1 al Senado para que convoque a las Secretar\u00edas de Hacienda y Cr\u00e9dito P\u00fablico,\nla Comisi\u00f3n Nacional de Mejora Regulatoria y el Sistema Nacional para el\nDesarrollo Integral de la Familia para que den las explicaciones correspondientes<strong>.<\/strong><\/p>\n\n\n\n<p class=\"wp-block-paragraph\">Tambi\u00e9n para que se\u00f1alen\nla perspectiva que las autoridades de nuestro pa\u00eds tienen sobre los derechos\nhumanos, en general, y sobre el respeto a la institucionalidad democr\u00e1tica,\nante los sistemas regional y universal de derechos humanos, y otras instancias\ninternacionales.<\/p>\n\n\n\n<p class=\"wp-block-paragraph\">Gonz\u00e1lez P\u00e9rez lament\u00f3\nque los argumentos se hayan basado en elementos de car\u00e1cter preminentemente\nideol\u00f3gico o pol\u00edtico, as\u00ed como por afirmar hechos que no corresponden a la\nrealidad de las cosas, para desinformar y generar en la sociedad una percepci\u00f3n\nequivocada sobre el caso, desviando y confundiendo la atenci\u00f3n p\u00fablica de las\ncuestiones realmente importantes y de fondo.<\/p>\n\n\n\n<p class=\"wp-block-paragraph\">Al se\u00f1alar falsamente la\nno existencia de pronunciamientos de este Organismo Nacional en casos tan\ngraves como Tlatlaya, Tanhuato, Iguala o la Guarder\u00eda ABC, para pretender\njustificar el rechazo a la Recomendaci\u00f3n 29\/2019, cuestiones que no tienen\nrelaci\u00f3n o v\u00ednculo alguno.<\/p>\n\n\n\n<p class=\"wp-block-paragraph\">Pretender silenciar el\ntrabajo de los organismos de protecci\u00f3n y defensa de los derechos humanos\nmediante calumnias e infundios, lo que no es digno de una autoridad que ostente\no presuma vocaci\u00f3n democr\u00e1tica.<\/p>\n\n\n\n<p class=\"wp-block-paragraph\">Respecto a la\nRecomendaci\u00f3n 29\/2019 advirti\u00f3 que argumentar casos de corrupci\u00f3n o\nirregularidades no justifican negar la posibilidad de acceder a servicios\nespecializados, profesionales y confiables, con la entrega de&nbsp;800&nbsp;pesos al mes, a los padres y madres\ncabezas de familias, cantidad que tampoco garantiza que sea efectivamente\nutilizada para el objetivo que se plantea. <\/p>\n\n\n\n<p class=\"wp-block-paragraph\">\u201cLos\nderechos humanos deben garantizarse, no monetizarse\u201d, dijo al cuestionar que las personas mayores o las mujeres que integran\nlas familias asuman las tareas relativas al cuidado de ni\u00f1as y ni\u00f1os, conlleva m\u00faltiples estigmas y\nprejuicios sobre lo que debe considerarse una familia, el papel y\nresponsabilidades de las personas mayores y de las mujeres, basados en su\ng\u00e9nero y condici\u00f3n, que claramente violentan sus derechos. <\/p>\n\n\n\n<p class=\"wp-block-paragraph\">Adem\u00e1s de desconocer la\nobligaci\u00f3n que tiene el Estado mexicano por velar y cumplir, en todas sus\ndecisiones y actuaciones, por el inter\u00e9s superior de la ni\u00f1ez. <\/p>\n\n\n\n<p class=\"wp-block-paragraph\">El Gobierno de la\nRep\u00fablica podr\u00eda demostrar su compromiso con la verdad y los derechos humanos\ndando cumplimiento a las Recomendaciones emitidas por la CNDH.<\/p>\n\n\n\n<p class=\"wp-block-paragraph\">Reafirm\u00f3 que la CNDH como\nuna instituci\u00f3n\naut\u00f3noma del Estado, independiente de gobiernos, partidos e intereses,\ncontinuar\u00e1 como un contrapeso institucional ayudando a todas las personas para\nque sus derechos se defiendan y protejan.<\/p>\n\n\n\n<p class=\"wp-block-paragraph\">SEM\/em\/sj<\/p>\n","protected":false},"excerpt":{"rendered":"<p>Enfrenta la CNDH al gobierno federal por rechazo a la recomendaci\u00f3n sobre estancias infantiles. <\/p>\n","protected":false},"author":3,"featured_media":9542,"comment_status":"open","ping_status":"open","sticky":false,"template":"","format":"standard","meta":{"_monsterinsights_skip_tracking":false,"footnotes":""},"categories":[690,51],"tags":[],"class_list":["post-9541","post","type-post","status-publish","format-standard","has-post-thumbnail","category-690","category-ejecutivo"],"_links":{"self":[{"href":"https:\/\/redsemlac.com\/semmexico\/wp-json\/wp\/v2\/posts\/9541","targetHints":{"allow":["GET"]}}],"collection":[{"href":"https:\/\/redsemlac.com\/semmexico\/wp-json\/wp\/v2\/posts"}],"about":[{"href":"https:\/\/redsemlac.com\/semmexico\/wp-json\/wp\/v2\/types\/post"}],"author":[{"embeddable":true,"href":"https:\/\/redsemlac.com\/semmexico\/wp-json\/wp\/v2\/users\/3"}],"replies":[{"embeddable":true,"href":"https:\/\/redsemlac.com\/semmexico\/wp-json\/wp\/v2\/comments?post=9541"}],"version-history":[{"count":0,"href":"https:\/\/redsemlac.com\/semmexico\/wp-json\/wp\/v2\/posts\/9541\/revisions"}],"wp:featuredmedia":[{"embeddable":true,"href":"https:\/\/redsemlac.com\/semmexico\/wp-json\/wp\/v2\/media\/9542"}],"wp:attachment":[{"href":"https:\/\/redsemlac.com\/semmexico\/wp-json\/wp\/v2\/media?parent=9541"}],"wp:term":[{"taxonomy":"category","embeddable":true,"href":"https:\/\/redsemlac.com\/semmexico\/wp-json\/wp\/v2\/categories?post=9541"},{"taxonomy":"post_tag","embeddable":true,"href":"https:\/\/redsemlac.com\/semmexico\/wp-json\/wp\/v2\/tags?post=9541"}],"curies":[{"name":"wp","href":"https:\/\/api.w.org\/{rel}","templated":true}]}}