{"id":95408,"date":"2025-05-19T16:16:47","date_gmt":"2025-05-19T22:16:47","guid":{"rendered":"https:\/\/redsemlac.com\/semmexico\/?p=95408"},"modified":"2025-05-19T16:16:48","modified_gmt":"2025-05-19T22:16:48","slug":"violeta-del-anahuac-el-caballero-de-los-mares-herido","status":"publish","type":"post","link":"https:\/\/redsemlac.com\/semmexico\/violeta-del-anahuac-el-caballero-de-los-mares-herido\/","title":{"rendered":"Violeta del An\u00e1huac| El caballero de los mares, herido"},"content":{"rendered":"\n<p class=\"wp-block-paragraph\">Isabel Ortega Morales<\/p>\n\n\n\n<p class=\"wp-block-paragraph\">SemM\u00e9xico, Chilpancingo, 19 de mayo, 2025.- Era el 29 de julio de 1982 cuando el gobernador de Guerrero, Alejandro Cervantes Delgado, acompa\u00f1aba a la Armada de M\u00e9xico dese\u00f3 \u201cbuenos vientos\u201d al Buque Escuela Cuauht\u00e9moc que zarpaba por primera vez desde el puerto de Acapulco para recorrer los mares en trabajos de formaci\u00f3n e instrucci\u00f3n de nuevos cadetes navales.<\/p>\n\n\n\n<p class=\"wp-block-paragraph\">En el mascar\u00f3n de proa, el \u00faltimo rey de los aztecas, Cuauht\u00e9moc, encabeza el camino de los marinos, que en sus inicios no aceptaba a mujeres; durante 42 a\u00f1os hasta la fecha, form\u00f3 generaciones que en su recorrido no solo conocieron de astronom\u00eda n\u00e1utica o derecho mar\u00edtimo internacional, tambi\u00e9n se convirtieron en embajadores de M\u00e9xico y de Acapulco en sus recorridos mar\u00edtimos donde siempre han sido bien recibidos.<\/p>\n\n\n\n<p class=\"wp-block-paragraph\">En el a\u00f1o 2011, en el Crucero de Instrucci\u00f3n Mediterr\u00e1neo, el Buque Escuela Cuauht\u00e9moc incorpor\u00f3 por primera vez en su tripulaci\u00f3n a mujeres, desde entonces su presencia fue creciendo no solo como un avance en la equidad de g\u00e9nero, sino tambi\u00e9n en la actividad de las Fuerzas Armadas Mexicanas. De hecho, en este viaje, en la traves\u00eda estaba incorporado el mayor n\u00famero de mujeres en su historia, de 213 hombres y 64 mujeres.<\/p>\n\n\n\n<p class=\"wp-block-paragraph\">Tuve el privilegio de embarcarme en esta ic\u00f3nica nave, de realizar un recorrido por diversas \u00e1reas del buque, desde la zona de m\u00e1quinas, hasta la zona de relajamiento, conoc\u00ed los camarotes, la cocina, el comedor, donde junto con otra periodista que dirig\u00eda el Sol de Acapulco, degustamos una deliciosa comida y charlar con la tripulaci\u00f3n y mandos y, por supuesto, ver el mar desde la perspectiva del Caballero de los Mares.<\/p>\n\n\n\n<p class=\"wp-block-paragraph\">Ahora que la noticia de que el buque choc\u00f3 con el puente Brooklyn de Nueva York, de escuchar los gritos de ayuda desde el muelle, las maniobras de rescate desde el exterior, me imagino la gran tensi\u00f3n y movimiento que desde el interior del buque se vivi\u00f3, as\u00ed como la sensaci\u00f3n de tristeza y amargura ante este accidente.<\/p>\n\n\n\n<p class=\"wp-block-paragraph\">EL 6 de abril de este 2025, el Buque Escuela Cuauht\u00e9moc iniciaba su viaje n\u00famero 45, el crucero de instrucci\u00f3n era llamado \u201cConsolidaci\u00f3n de la Independencia de M\u00e9xico 2025\u201d, para estar en el contexto de los 200 a\u00f1os de este hecho en noviembre 23.<\/p>\n\n\n\n<p class=\"wp-block-paragraph\">En el mensaje antes de zarpar, la voz de Angie Arlette Cruz Monroy, se\u00f1alaba \u201cm\u00e1s all\u00e1 de los triunfos alcanzados, sabemos que el verdadero desaf\u00edo comienza ahora\u201d. Parec\u00eda una frase que d\u00edas despu\u00e9s se habr\u00eda de convertir en el gran desaf\u00edo de la historia del buque querido y representante de M\u00e9xico y de Guerrero.<\/p>\n\n\n\n<p class=\"wp-block-paragraph\">Pero el viaje de instrucci\u00f3n sufri\u00f3 el s\u00e1bado 17 de mayo un accidente al colisionar contra el puente Brooklyn. Este hecho dej\u00f3 22 v\u00edctimas, catalogadas con estado delicado 11, de ellas nueve estables y hay, lamentablemente, dos v\u00edctimas que perdieron la vida, una mujer y un hombre, Am\u00e9rica Yamilet S\u00e1nchez y Adail Jair Marcos, ambos cadetes de la Escuela Armada de M\u00e9xico.<\/p>\n\n\n\n<p class=\"wp-block-paragraph\">Am\u00e9rica es la segunda mujer que pierde la vida en la historia de este Velero. En el a\u00f1o 2017, el 11 de junio, la cadete Eva Lidia Nava Guzm\u00e1n, en una maniobra de velas en el mar de Mumbai, India, cay\u00f3 por la borda sin que las b\u00fasquedas realizadas por ambos pa\u00edses permitieron su localizaci\u00f3n. Este era el primer hecho fatal.<\/p>\n\n\n\n<p class=\"wp-block-paragraph\">El Caballero de los Mares es mucho m\u00e1s que un Velero, es m\u00e1s que una escuela, es un embajador y est\u00e1 herido. No alcanzar\u00e1n las palabras para alentar a sus familias, sin embargo, sus nombres est\u00e1n ya en el registro de la historia de este buque que un d\u00eda, no s\u00e9 cu\u00e1ndo, volver\u00e1 a zarpar y se dir\u00e1 por sus ocupantes \u201cque el viento siempre te acompa\u00f1e, el sol te d\u00e9 en la cara y los vientos del destino te eleven para que bailes con las estrellas\u201d (George Jung).<\/p>\n","protected":false},"excerpt":{"rendered":"<p>Isabel Ortega Morales SemM\u00e9xico, Chilpancingo, 19 de mayo, 2025.- Era el 29 de julio de 1982 cuando el gobernador de Guerrero, Alejandro Cervantes Delgado, acompa\u00f1aba a la Armada de M\u00e9xico dese\u00f3 \u201cbuenos vientos\u201d al Buque Escuela Cuauht\u00e9moc que zarpaba por primera vez desde el puerto de Acapulco para recorrer los mares en trabajos de formaci\u00f3n [&hellip;]<\/p>\n","protected":false},"author":3,"featured_media":38576,"comment_status":"open","ping_status":"open","sticky":false,"template":"","format":"standard","meta":{"_monsterinsights_skip_tracking":false,"footnotes":""},"categories":[198,35,197],"tags":[],"class_list":["post-95408","post","type-post","status-publish","format-standard","has-post-thumbnail","category-isabel-ortega-morales","category-opinion","category-violeta-del-anahuac"],"_links":{"self":[{"href":"https:\/\/redsemlac.com\/semmexico\/wp-json\/wp\/v2\/posts\/95408","targetHints":{"allow":["GET"]}}],"collection":[{"href":"https:\/\/redsemlac.com\/semmexico\/wp-json\/wp\/v2\/posts"}],"about":[{"href":"https:\/\/redsemlac.com\/semmexico\/wp-json\/wp\/v2\/types\/post"}],"author":[{"embeddable":true,"href":"https:\/\/redsemlac.com\/semmexico\/wp-json\/wp\/v2\/users\/3"}],"replies":[{"embeddable":true,"href":"https:\/\/redsemlac.com\/semmexico\/wp-json\/wp\/v2\/comments?post=95408"}],"version-history":[{"count":0,"href":"https:\/\/redsemlac.com\/semmexico\/wp-json\/wp\/v2\/posts\/95408\/revisions"}],"wp:featuredmedia":[{"embeddable":true,"href":"https:\/\/redsemlac.com\/semmexico\/wp-json\/wp\/v2\/media\/38576"}],"wp:attachment":[{"href":"https:\/\/redsemlac.com\/semmexico\/wp-json\/wp\/v2\/media?parent=95408"}],"wp:term":[{"taxonomy":"category","embeddable":true,"href":"https:\/\/redsemlac.com\/semmexico\/wp-json\/wp\/v2\/categories?post=95408"},{"taxonomy":"post_tag","embeddable":true,"href":"https:\/\/redsemlac.com\/semmexico\/wp-json\/wp\/v2\/tags?post=95408"}],"curies":[{"name":"wp","href":"https:\/\/api.w.org\/{rel}","templated":true}]}}