{"id":9538,"date":"2019-07-08T17:02:04","date_gmt":"2019-07-08T17:02:04","guid":{"rendered":"https:\/\/redsemlac.com\/semmexico\/?p=9538"},"modified":"2023-07-21T14:50:10","modified_gmt":"2023-07-21T19:50:10","slug":"alfa-omega-14","status":"publish","type":"post","link":"https:\/\/redsemlac.com\/semmexico\/alfa-omega-14\/","title":{"rendered":"Alfa Omega"},"content":{"rendered":"\n<h2 class=\"wp-block-heading\"> Los Hermanos Mayo, Mar\u00eda Idalia, Gualberto y \u201cEl Perro\u201d Aguayo <\/h2>\n\n\n\n<p class=\"wp-block-paragraph\"><strong>Un descanso mental, aunque sea corto<\/strong><\/p>\n\n\n\n<p class=\"wp-block-paragraph\"><strong>Jorge Herrera Valenzuela<\/strong><\/p>\n\n\n\n<p class=\"wp-block-paragraph\">SemM\u00e9xico, 7 julio 2019.- En la vida de este hermoso\nM\u00e9xico, siempre encontraremos una interesante historia protagonizada por\nhumanos. En el acontecer diario, hombres y mujeres, individual o colectivamente,\nrealizan trabajos e investigaciones, as\u00ed como revelan y proyectan sus\nfacultades creativas. Dejan huella de su paso por este mundo y nos transportan\na momentos felices del pasado, permiti\u00e9ndonos deambular por rumbos que\ndesconocemos. Desde antes de entrar a la inmediatez en las comunicaciones, de\nla televisi\u00f3n, de las computadoras y de los tel\u00e9fonos inteligentes, impulsados\npor las circunstancias, la capacidad humana nos leg\u00f3 un voluminoso expediente\npara estudiarlo, entenderlo y perfilar el futuro.<\/p>\n\n\n\n<p class=\"wp-block-paragraph\">Considero que necesitamos un descanso mental, aunque\nsea corto. Por ello hoy comentar\u00e9 sobre aspectos cotidianos, no ligados a la\nvida violenta e insegura que vivimos. Encamino mis pasos hacia el medio\nperiod\u00edstico mexicano y concretamente al de los reporteros y fot\u00f3grafos del\ndiarismo, precisando que desde los a\u00f1os 70 a los ases de la lente los conocemos\ncomo reporteros gr\u00e1ficos y de un grupo de ellos escribir\u00e9 algunos pasajes.<\/p>\n\n\n\n<p class=\"wp-block-paragraph\">Terminada la Guerra Civil Espa\u00f1ola, M\u00e9xico mantuvo\nabierta las puertas hospitalarias para los espa\u00f1oles. Recordemos que desde 1937\nel presidente <strong>L\u00e1zaro C\u00e1rdenas del R\u00edo <\/strong>brind\u00f3\nel asilo primero para \u201cLos Ni\u00f1os de Morelia\u201d y dos a\u00f1os despu\u00e9s arribaron\nescritores, artistas, intelectuales y hombres que se abrieron camino como\ncomerciantes, industriales. En los a\u00f1os siguientes recibimos a otros m\u00e1s, entre\nellos cinco originarios de Vigo, Espa\u00f1a, que estaban dedicados a otorgar\nservicios fotogr\u00e1ficos de prensa, a peri\u00f3dicos y revistas, y que nos dejaron cinco\nmillones de negativos, blanco-negro y color, que desde 1994 &nbsp;se encuentran en el Archivo General de la\nNaci\u00f3n y son el testimonio de m\u00faltiples sucesos registrados en el pa\u00eds. Sus\nautores, <strong>Los Hermanos Mayo<\/strong>.<\/p>\n\n\n\n<p class=\"wp-block-paragraph\">All\u00e1 por los a\u00f1os cuarenta, despu\u00e9s de la Guerra\nCivil Espa\u00f1ola, se establecieron en el Distrito Federal, hoy Ciudad de M\u00e9xico,\ncinco fot\u00f3grafos que se iniciaron en esa actividad en su natal Espa\u00f1a y por\nd\u00e9cadas, en M\u00e9xico, prestaron sus servicios a diarios y revistas, as\u00ed como a\npublicaciones extranjeras. Siempre fueron independientes y ampliamente\nreconocidos por su eficiencia, adem\u00e1s por ser fotoperiodistas muy estimados. En\n2007 recibieron un Premio Nacional de Periodismo.<\/p>\n\n\n\n<p class=\"wp-block-paragraph\">Bueno, pues ellos fueron <strong>Francisco \u201cPaco\u201d, Julio y C\u00e1ndido Souza Fern\u00e1ndez<\/strong>, a quienes se\nunieron desde Madrid, <strong>Faustino y Pablo\ndel Castillo Cubillo<\/strong>. El primero de los cinco mencionados, Paco, en los\na\u00f1os 30 se inici\u00f3 como fot\u00f3grafo en la aviaci\u00f3n militar espa\u00f1ola y estuvo en\nmisiones peligrosas; despu\u00e9s decidi\u00f3 dedicarse al fotoperiodismo y a \u00e9l se unieron\nsus hermanos Julio y C\u00e1ndido. M\u00e1s adelante Faustino y Pablo quedaron integrados\na <strong>Fotos Souza<\/strong>, nombre que\nsustituyeron por el de <strong>Fotos Mayo<\/strong>,\nen virtud de que constantemente eran acosados por la polic\u00eda espa\u00f1ola, en\nvirtud de que Paco era anarquista.<\/p>\n\n\n\n<p class=\"wp-block-paragraph\">Despu\u00e9s del mediod\u00eda del 26 de septiembre de 1949,\ncuando regresaba de Oaxaca, muri\u00f3 <strong>Paco<\/strong>\nal desplomarse el avi\u00f3n en que viaja. El accidente ocurri\u00f3 en El Pico del\nFraile, precisamente en el volc\u00e1n Popocat\u00e9petl. Ah\u00ed tambi\u00e9n perdieron la vida\nel senador <strong>Gabriel Ramos Mill\u00e1n <\/strong>y la\nactriz de cine <strong>Blanca <\/strong>Estela<strong> Pav\u00f3n Vasconcelos<\/strong>. \u00c9l fue conocido como\n\u201cEl Ap\u00f3stol del Ma\u00edz\u201d y ella era una artista muy popular, ten\u00eda 23 a\u00f1os de\nedad, por las pel\u00edculas que film\u00f3 al lado de otro \u00eddolo, <strong>Pedro Infante<\/strong>, quien 8 a\u00f1os despu\u00e9s tambi\u00e9n morir\u00eda en accidente\na\u00e9reo.<\/p>\n\n\n\n<p class=\"wp-block-paragraph\"><strong>Los Hermanos Mayo<\/strong> cubrieron\nperiod\u00edsticamente los desastres provocados por la naturaleza, eventos\ndeportivos, las corridas de toros en las plazas ya desaparecidas de La Condesa\ny El Toreo; Faustino era asiduo al burladero de los fot\u00f3grafos, perd\u00f3n de los\nreporteros gr\u00e1ficos, en la Monumental Plaza M\u00e9xico donde se encontraba con mis\namigos <strong>Jaime A. Arroyo Ol\u00edn y Agust\u00edn\n\u201cEl Chino\u201d P\u00e9rez, <\/strong>tambi\u00e9n extraodinarios reporteros gr\u00e1ficos del diarismo\nmexicano. <\/p>\n\n\n\n<p class=\"wp-block-paragraph\">En lo personal con Faustino y con Pablo me toc\u00f3\ncubrir muchas noticias; un hijo de Pablo fue mi compa\u00f1ero en los Noticieros de\nCanal 11 IPN.<\/p>\n\n\n\n<p class=\"wp-block-paragraph\"><strong>C\u00e1ndido<\/strong> fue el primero de\nlos cuatro, en dejar este mundo; en 1984, a los 63 a\u00f1os. <strong>Faustino<\/strong> se acerc\u00f3 al siglo, pues muri\u00f3 en 1996 a los 93. El que s\u00ed\ncompleto los 100 a\u00f1os fue <strong>Julio<\/strong>,\nquien falleci\u00f3 el 26 de junio de 2018. El pasado 27 de junio, a los 97, se fue <strong>Pablo<\/strong>.<\/p>\n\n\n\n<p class=\"wp-block-paragraph\"><strong>LA PRIMERA TELENOVELA, EN 1958<\/strong><\/p>\n\n\n\n<p class=\"wp-block-paragraph\">Apenas el lunes pasado, el primer d\u00eda de julio,\nmuri\u00f3 la actriz <strong>Mar\u00eda Idalia (Mar\u00eda\nIdalia Garc\u00eda Rub\u00ed) <\/strong>que era la pen\u00faltima sobreviviente del reparto estelar\nde la a telenovela, <strong>Senda Prohibida<\/strong>,\nque apareci\u00f3 en las pantallas de televisi\u00f3n, naturalmente en blanco y negro, de\nTelesistema Mexicano, hoy Televisa. Fue en junio de 1958, a las 19:30 horas,\nCanal 4 (hoy Foro TV), con duraci\u00f3n de media hora de transmisi\u00f3n cada uno de\nlos 50 cap\u00edtulos, con <strong>Jes\u00fas G\u00f3mez\nObreg\u00f3n<\/strong> como productor.<\/p>\n\n\n\n<p class=\"wp-block-paragraph\">Ent\u00e9rense quienes fueron los actores y las actrices,\npero antes les comento que hubo dos debutantes: la ni\u00f1a de 8 a\u00f1os, <strong>Mar\u00eda Antonieta de las Nieves (s\u00ed, La\nChilindrina) <\/strong>y el joven coahuilense<strong>\nH\u00e9ctor G\u00f3mez Sotomayor. <\/strong>En orden de aparici\u00f3n, como dicen, anote: <strong>Silvia Derbez, Dalia I\u00f1iguez, B\u00e1rbara Gil,\nMar\u00eda Idalia, Alicia Montoya y Mar\u00eda Antonieta de las Nieves. <\/strong>Los galanes\nencabezados por <strong>Paco Jambrina, H\u00e9ctor\nG\u00f3mez, Julio Alem\u00e1n, Augusto Benedico, Luis Berista\u00edn, Jorge Lavat, Miguel\nSu\u00e1rez y Rafael Banquels<\/strong>, quien tambi\u00e9n fue el director de la telenovela,\npionera en su ramo.<\/p>\n\n\n\n<p class=\"wp-block-paragraph\">Bien, de todos los mencionados la que sigue en este\nmundo, es la famosa \u201c<strong>Chilindrina<\/strong>\u201d,\ncuyo nombre real es Mar\u00eda Antonieta G\u00f3mez Rodr\u00edguez, esposa de Gabriel\nFern\u00e1ndez y madre de Gabriel y Ver\u00f3nica Fern\u00e1ndez G\u00f3mez. Esta mujer originaria\nde Santiago Ixcuintla, Nayarit, alcanz\u00f3 la fama internacional con su personaje\nque formaba parte de la serie El Chavo del 8, ideada, producida, actuada y\ndirigida por <strong>Roberto G\u00f3mez Bola\u00f1os,\nChespirito<\/strong>. <\/p>\n\n\n\n<p class=\"wp-block-paragraph\"><strong>GUALBERTO Y \u201cEL PERRO\u201d AGUAYO<\/strong><\/p>\n\n\n\n<p class=\"wp-block-paragraph\">Con variaci\u00f3n de unos d\u00edas, otros dos personajes\nfallecieron. El jueves 27 de junio <strong>Gualberto\nCastro <\/strong>(Gualberto Antonio Castro Levario) y el mi\u00e9rcoles 3 de julio, <strong>Pedro \u201cEl Perro\u201d Aguayo Dami\u00e1n. <\/strong>Ambos\nacapararon la atenci\u00f3n del p\u00fablico y \u00e9ste los coloc\u00f3 en el primer plano del\nambiente art\u00edstico y de la controvertida lucha libre, respectivamente. <\/p>\n\n\n\n<p class=\"wp-block-paragraph\"><strong>Gualberto<\/strong> desde muy\njovencito encamino sus pasos como int\u00e9rprete de canciones rom\u00e1nticas,\ntriunfando como parte del grupo que formaron sus primos hermanos <strong>Jorge, Javier y Arturo Castro Mu\u00f1oz<\/strong>,\nconocidos en los a\u00f1os 50 como \u201c<strong>Los\nPanchitos<\/strong>\u201d y a\u00f1os despu\u00e9s como <strong>Los\nHermanos Castro<\/strong>. Pero Gualberto tambi\u00e9n fue un solista victorioso y en los\nFestivales de la OTI (Organizaci\u00f3n de Televisi\u00f3n Iberoamericana)obtuvo primeros lugares. Aplaudido en\nM\u00e9xico, en el Sur de los Estados Unidos, en pa\u00edses latinoamericanos y europeos,\nel actor y cantante vivi\u00f3 casi 85 a\u00f1os.<\/p>\n\n\n\n<p class=\"wp-block-paragraph\">Gualberto Antonio estuvo casado, nada m\u00e1s seis veces\ny sus esposas fueron: <strong>Altia Michel Herrera,\nSuzanna Edwars, Mariana Castro, Alejandra Walliser, Alexis C\u00f3rdova y Gudran\nBecker. <\/strong>Deja dos hijos, bueno una hija, <strong>Altia Castro Herrera<\/strong> y un hijo, <strong>Juan Antonio Castro de la Cruz.<\/strong><\/p>\n\n\n\n<p class=\"wp-block-paragraph\">Don Jos\u00e9 Santana Aguayo y do\u00f1a Gabina Galv\u00e1n Puentes\nprocrearon \u00a116 hijos!, uno de ellos fue el ahora legendario \u201c<strong>Perro Aguayo\u201d<\/strong>, originario de\nNochixtl\u00e1n, Zacatecas, que comenz\u00f3 en su juventud a trabajar en un amasijo de\npan, despu\u00e9s incursion\u00f3 en las tareas de zapatero, practic\u00f3 el futbol y batall\u00f3\ncomo boxeador, para finalmente definirse como luchador, el deporte de las\nmaromas y costalazos. Adem\u00e1s particip\u00f3 en algunas pel\u00edculas de largo metraje.<\/p>\n\n\n\n<p class=\"wp-block-paragraph\">Durante una \u00e9poca la familia vivi\u00f3 en Tala, Jalisco,\ndonde el pasado mi\u00e9rcoles dej\u00f3 de existir \u201c<strong>El\nCan Zacatecano\u201d<\/strong>; de ese bonito municipio se fueron a Guadalajara. El 10 de mayo\nde 1970 Pedro debut\u00f3 como luchador haciendo pareja con \u201cEl Indio Jer\u00f3nimo\u201d y se\nenfrentaron al dueto de Alfonso Dant\u00e9s y Red Terror, logrando su primera\nvictoria en el cuadril\u00e1tero. Siguieron los triunfos, se internacionaliz\u00f3 y\nfund\u00f3, con otros compa\u00f1eros luchadores, la famosa Triple A, la AAA,\n(Asistencia, Asesor\u00eda y Administraci\u00f3n). <\/p>\n\n\n\n<p class=\"wp-block-paragraph\">Antes de su retiro en marzo de 2001, \u201cEl Perro\u201d fue\nentrevistado, en diferentes fechas, por mis colegas <strong>Ricardo Rocha, Guillermo Ochoa y Cristina Pacheco.<\/strong> El luchado de\nNochixtl\u00e1n fue un hombre carism\u00e1tico y lamentablemente fue v\u00edctima del\nalzh\u00e9imer. En su \u00faltima aparici\u00f3n, se enfrent\u00f3 a Universo 2000, en \u201cuna m\u00e1scara\ncontra cabellera\u201d y Pedro perdi\u00f3 su melena. <\/p>\n\n\n\n<p class=\"wp-block-paragraph\">Hace cuatro a\u00f1os en el ring, cuando estaba en plena\nacci\u00f3n, en Tijuana, Baja California, perdi\u00f3 la vida su hijo del mismo nombre y\napodo <strong>Pedro \u201cPerro\u201d Aguayo &nbsp;Jr.<\/strong> y este fue el golpe m\u00e1s duro que\nsufri\u00f3 quien hoy, a sus 73 a\u00f1os, emprendi\u00f3 el viaje sin regreso. El v\u00e1stago del\nzacatecano fund\u00f3 su empresa denominada \u201cLos Perros del Mal\u201d, tambi\u00e9n contando\ncon la participaci\u00f3n de varios de sus compa\u00f1eros.<\/p>\n\n\n\n<p class=\"wp-block-paragraph\">P.D. Pues bien hoy cierro mis comentarios refiriendo\nel homenaje p\u00f3stumo que aut\u00e9nticos reporteros diaristas, columnistas,\narticulistas y comentaristas, sin la presencia de pol\u00edticos, rendimos a nuestro\nsiempre recordado <strong>Adri\u00e1n Ojeda Rom\u00e1n<\/strong>,\npionero del periodismo radiof\u00f3nico, apasionado realizador de audiosintesis\nperiod\u00edstica, locutor y excelente amigo y compa\u00f1ero. El Auditorio Octavio Paz,\nen el Senado de la Rep\u00fablica, estuvo abarrotado y ah\u00ed o\u00edmos una muy completa y\ncari\u00f1osa semblanza de Adri\u00e1n, elaborada y le\u00edda por <strong>Javier L\u00f3pez Gonz\u00e1lez<\/strong>. Escuchamos pensamientos y reflexiones en\ntorno a la vida profesional y privada del homenajeado. Hablaron, entre otros: <strong>Abelardo Mart\u00edn Miranda, Demetrio Bilbat\u00faa,\nArnulfo Dom\u00ednguez Cordero<\/strong> y la presidenta de la Asociaci\u00f3n Nacional de\nLocutores, <strong>Rosal\u00eda Bua\u00fan S\u00e1nchez<\/strong>. El\nevento fue organizado por dos periodistas, <strong>Patricia\nSol\u00eds <\/strong>y <strong>Erasmo Calder\u00f3n<\/strong>; por\nsupuesto estuvieron presentes sus familiares. Uno de sus hijos y uno de sus\nnietos pronunciaron sentidas palabras.<\/p>\n\n\n\n<p class=\"wp-block-paragraph\"><strong>jherrerav@live.com.mx<\/strong><\/p>\n","protected":false},"excerpt":{"rendered":"<p>Los Hermanos Mayo, Mar\u00eda Idalia, Gualberto y \u201cEl Perro\u201d Aguayo<\/p>\n","protected":false},"author":3,"featured_media":9539,"comment_status":"open","ping_status":"open","sticky":false,"template":"","format":"standard","meta":{"_monsterinsights_skip_tracking":false,"footnotes":""},"categories":[690,94,107],"tags":[],"class_list":["post-9538","post","type-post","status-publish","format-standard","has-post-thumbnail","category-690","category-jorge-herrera-valenzuela","category-rafaga"],"_links":{"self":[{"href":"https:\/\/redsemlac.com\/semmexico\/wp-json\/wp\/v2\/posts\/9538","targetHints":{"allow":["GET"]}}],"collection":[{"href":"https:\/\/redsemlac.com\/semmexico\/wp-json\/wp\/v2\/posts"}],"about":[{"href":"https:\/\/redsemlac.com\/semmexico\/wp-json\/wp\/v2\/types\/post"}],"author":[{"embeddable":true,"href":"https:\/\/redsemlac.com\/semmexico\/wp-json\/wp\/v2\/users\/3"}],"replies":[{"embeddable":true,"href":"https:\/\/redsemlac.com\/semmexico\/wp-json\/wp\/v2\/comments?post=9538"}],"version-history":[{"count":0,"href":"https:\/\/redsemlac.com\/semmexico\/wp-json\/wp\/v2\/posts\/9538\/revisions"}],"wp:featuredmedia":[{"embeddable":true,"href":"https:\/\/redsemlac.com\/semmexico\/wp-json\/wp\/v2\/media\/9539"}],"wp:attachment":[{"href":"https:\/\/redsemlac.com\/semmexico\/wp-json\/wp\/v2\/media?parent=9538"}],"wp:term":[{"taxonomy":"category","embeddable":true,"href":"https:\/\/redsemlac.com\/semmexico\/wp-json\/wp\/v2\/categories?post=9538"},{"taxonomy":"post_tag","embeddable":true,"href":"https:\/\/redsemlac.com\/semmexico\/wp-json\/wp\/v2\/tags?post=9538"}],"curies":[{"name":"wp","href":"https:\/\/api.w.org\/{rel}","templated":true}]}}