{"id":9533,"date":"2019-07-05T19:33:21","date_gmt":"2019-07-05T19:33:21","guid":{"rendered":"https:\/\/redsemlac.com\/semmexico\/?p=9533"},"modified":"2023-07-21T14:50:10","modified_gmt":"2023-07-21T19:50:10","slug":"diputados-dejan-de-lado-matrimonio-igualitario-en-veracruz-pero-se-reunen-con-arquidiocesis","status":"publish","type":"post","link":"https:\/\/redsemlac.com\/semmexico\/diputados-dejan-de-lado-matrimonio-igualitario-en-veracruz-pero-se-reunen-con-arquidiocesis\/","title":{"rendered":"Diputados dejan de lado matrimonio igualitario en Veracruz, pero se re\u00fanen con Arquidi\u00f3cesis"},"content":{"rendered":"\n<p class=\"wp-block-paragraph\"><strong>Ana Alicia Osorio<\/strong><\/p>\n\n\n\n<p class=\"wp-block-paragraph\">SemM\u00e9xico. Veracruz. 5 de julio de 2019.- Luego de que el Congreso del Estado no incluyera en la sesi\u00f3n del jueves el dictamen sobre matrimonio igualitario, los colectivos LGBTTI se\u00f1alaron que se debe a cuestiones religiosas.&nbsp;<\/p>\n\n\n\n<p class=\"wp-block-paragraph\">Por medio de un comunicado indicaron que el presidente de la Junta de Coordinaci\u00f3n Pol\u00edtica, Juan Javier G\u00f3mez Cazar\u00edn, y el de la Mesa Directiva, Manuel Pozos Castro, se reunieron a puerta cerrada con los representantes de la Arquidi\u00f3cesis de Xalapa lo que viola el estado laico.&nbsp;<\/p>\n\n\n\n<p class=\"wp-block-paragraph\">\u201cVa en contra de la imparcialidad, laicidad y probidad que deben tener las diputadas y diputados\u201d, asegura el documento firmado por la Coalici\u00f3n estatal LGBTTI+ Veracruz, Soy Humano, Gayud, Manos en Rosa, Observatorio Nacional Contra los Cr\u00edmenes de Odio y Contigo M\u00e9xico.&nbsp;<\/p>\n\n\n\n<p class=\"wp-block-paragraph\">Sostuvo que por ello buscar\u00e1n que el partido pol\u00edtico Morena, al cual pertenecen ambos diputados, los sancione.&nbsp;<\/p>\n\n\n\n<p class=\"wp-block-paragraph\">Ello luego de que ya se encuentre listo el dictamen para aprobar el matrimonio igualitario en Veracruz, pero tras anunciarse, se hayan realizado dos sesiones sin que se vote al respecto.&nbsp;<\/p>\n\n\n\n<p class=\"wp-block-paragraph\">\u201cNos congregamos varios colectivos y activistas para mostrar nuestro desacuerdo en que la bancada de Morena por segunda ocasi\u00f3n bajara de orden del d\u00eda la iniciativa de reforma integral del C\u00f3digo Civil donde est\u00e1 incluido en el art\u00edculo 75 del C\u00f3digo Civil para garantizar el matrimonio igualitario entre parejas del mismo sexo\u201d, se\u00f1ala el comunicado.&nbsp;<\/p>\n","protected":false},"excerpt":{"rendered":"<p>Luego de que el Congreso del Estado no incluyera en la sesi\u00f3n del jueves el dictamen sobre matrimonio igualitario, los colectivos LGBTTI se\u00f1alaron que se debe a cuestiones religiosas. <\/p>\n","protected":false},"author":3,"featured_media":9534,"comment_status":"open","ping_status":"open","sticky":false,"template":"","format":"standard","meta":{"_monsterinsights_skip_tracking":false,"footnotes":""},"categories":[690,50],"tags":[],"class_list":["post-9533","post","type-post","status-publish","format-standard","has-post-thumbnail","category-690","category-congreso"],"_links":{"self":[{"href":"https:\/\/redsemlac.com\/semmexico\/wp-json\/wp\/v2\/posts\/9533","targetHints":{"allow":["GET"]}}],"collection":[{"href":"https:\/\/redsemlac.com\/semmexico\/wp-json\/wp\/v2\/posts"}],"about":[{"href":"https:\/\/redsemlac.com\/semmexico\/wp-json\/wp\/v2\/types\/post"}],"author":[{"embeddable":true,"href":"https:\/\/redsemlac.com\/semmexico\/wp-json\/wp\/v2\/users\/3"}],"replies":[{"embeddable":true,"href":"https:\/\/redsemlac.com\/semmexico\/wp-json\/wp\/v2\/comments?post=9533"}],"version-history":[{"count":0,"href":"https:\/\/redsemlac.com\/semmexico\/wp-json\/wp\/v2\/posts\/9533\/revisions"}],"wp:featuredmedia":[{"embeddable":true,"href":"https:\/\/redsemlac.com\/semmexico\/wp-json\/wp\/v2\/media\/9534"}],"wp:attachment":[{"href":"https:\/\/redsemlac.com\/semmexico\/wp-json\/wp\/v2\/media?parent=9533"}],"wp:term":[{"taxonomy":"category","embeddable":true,"href":"https:\/\/redsemlac.com\/semmexico\/wp-json\/wp\/v2\/categories?post=9533"},{"taxonomy":"post_tag","embeddable":true,"href":"https:\/\/redsemlac.com\/semmexico\/wp-json\/wp\/v2\/tags?post=9533"}],"curies":[{"name":"wp","href":"https:\/\/api.w.org\/{rel}","templated":true}]}}