{"id":9530,"date":"2019-07-05T19:27:07","date_gmt":"2019-07-05T19:27:07","guid":{"rendered":"https:\/\/redsemlac.com\/semmexico\/?p=9530"},"modified":"2023-07-21T14:50:10","modified_gmt":"2023-07-21T19:50:10","slug":"realizaran-censo-de-menores-en-orfandad-por-feminicidios","status":"publish","type":"post","link":"https:\/\/redsemlac.com\/semmexico\/realizaran-censo-de-menores-en-orfandad-por-feminicidios\/","title":{"rendered":"Realizar\u00e1n censo de menores en orfandad por feminicidios"},"content":{"rendered":"\n<p class=\"wp-block-paragraph\"><strong>Ana Alicia Osorio<\/strong><\/p>\n\n\n\n<p class=\"wp-block-paragraph\">SemM\u00e9xico. Veracruz. 5 de julio de 2019.- Antes de abril el Gobierno Federal realizar\u00e1 un censo de los ni\u00f1os, ni\u00f1as y adolescentes que est\u00e1n en orfandad porque su mam\u00e1 fue v\u00edctima de feminicidio, inform\u00f3 Fabiola Alan\u00eds S\u00e1mano, directora General para una Vida Libre de Violencia y para la Igualdad Pol\u00edtica y Social del Instituto Nacional de las Mujeres.<\/p>\n\n\n\n<p class=\"wp-block-paragraph\">Coment\u00f3 que al momento no tienen un dato exacto de la cantidad de menores que se encuentran en esta situaci\u00f3n, pero que calculan que tan solo en este a\u00f1o son m\u00e1s de 3 mil 400 en todo el pa\u00eds.<\/p>\n\n\n\n<p class=\"wp-block-paragraph\">\u201cA m\u00e1s tardar en el mes de abril de todo el pa\u00eds, a m\u00e1s tardar, estamos calculando que se trata de 3 mil 400 ni\u00f1as, ni\u00f1os y adolescentes que se han quedado en orfandad en los \u00faltimos ocho meses\u201d, asegur\u00f3.<\/p>\n\n\n\n<p class=\"wp-block-paragraph\">Dijo que el gobierno debe garantizar la protecci\u00f3n y los servicios b\u00e1sicos al haber sido v\u00edctimas de violencia.<\/p>\n\n\n\n<p class=\"wp-block-paragraph\">Sin embargo, se\u00f1al\u00f3 que a\u00fan no tienen ning\u00fan menor en este tipo de programas por lo que apenas est\u00e1n iniciando desde el estado de Veracruz.&nbsp;<\/p>\n","protected":false},"excerpt":{"rendered":"<p>Calculan que tan s\u00f3lo en este a\u00f1o son m\u00e1s de 3 mil 400 en todo el pa\u00eds.<\/p>\n","protected":false},"author":3,"featured_media":9531,"comment_status":"open","ping_status":"open","sticky":false,"template":"","format":"standard","meta":{"_monsterinsights_skip_tracking":false,"footnotes":""},"categories":[690,51],"tags":[],"class_list":["post-9530","post","type-post","status-publish","format-standard","has-post-thumbnail","category-690","category-ejecutivo"],"_links":{"self":[{"href":"https:\/\/redsemlac.com\/semmexico\/wp-json\/wp\/v2\/posts\/9530","targetHints":{"allow":["GET"]}}],"collection":[{"href":"https:\/\/redsemlac.com\/semmexico\/wp-json\/wp\/v2\/posts"}],"about":[{"href":"https:\/\/redsemlac.com\/semmexico\/wp-json\/wp\/v2\/types\/post"}],"author":[{"embeddable":true,"href":"https:\/\/redsemlac.com\/semmexico\/wp-json\/wp\/v2\/users\/3"}],"replies":[{"embeddable":true,"href":"https:\/\/redsemlac.com\/semmexico\/wp-json\/wp\/v2\/comments?post=9530"}],"version-history":[{"count":0,"href":"https:\/\/redsemlac.com\/semmexico\/wp-json\/wp\/v2\/posts\/9530\/revisions"}],"wp:featuredmedia":[{"embeddable":true,"href":"https:\/\/redsemlac.com\/semmexico\/wp-json\/wp\/v2\/media\/9531"}],"wp:attachment":[{"href":"https:\/\/redsemlac.com\/semmexico\/wp-json\/wp\/v2\/media?parent=9530"}],"wp:term":[{"taxonomy":"category","embeddable":true,"href":"https:\/\/redsemlac.com\/semmexico\/wp-json\/wp\/v2\/categories?post=9530"},{"taxonomy":"post_tag","embeddable":true,"href":"https:\/\/redsemlac.com\/semmexico\/wp-json\/wp\/v2\/tags?post=9530"}],"curies":[{"name":"wp","href":"https:\/\/api.w.org\/{rel}","templated":true}]}}