{"id":9527,"date":"2019-07-05T19:18:35","date_gmt":"2019-07-05T19:18:35","guid":{"rendered":"https:\/\/redsemlac.com\/semmexico\/?p=9527"},"modified":"2023-07-21T14:50:10","modified_gmt":"2023-07-21T19:50:10","slug":"sin-tercera-avg-en-veracruz","status":"publish","type":"post","link":"https:\/\/redsemlac.com\/semmexico\/sin-tercera-avg-en-veracruz\/","title":{"rendered":"Sin tercera AVG en Veracruz"},"content":{"rendered":"\n<p class=\"wp-block-paragraph\"><strong>Ana Alicia Osorio<\/strong><\/p>\n\n\n\n<p class=\"wp-block-paragraph\">SemM\u00e9xico. Veracruz. 5 de julio de 2019.- El estado de Veracruz no tendr\u00e1 una tercera Alerta de Violencia de G\u00e9nero como fue solicitado por la sociedad civil, afirm\u00f3 la encargada de despacho del Instituto Veracruzano de las Mujeres, Mar\u00eda Roc\u00edo Villafuerte Mart\u00ednez.<\/p>\n\n\n\n<p class=\"wp-block-paragraph\">Se\u00f1al\u00f3 que, aunque se recibi\u00f3 una tercera solicitud, \u00fanicamente se acumularon las peticiones a la primera declaratoria debido a que el problema que se expon\u00eda era similar.&nbsp;<\/p>\n\n\n\n<p class=\"wp-block-paragraph\">\u201cHubo una moci\u00f3n para una tercera que s\u00ed se tom\u00f3 en cuenta, pero se acumul\u00f3 a la primera (\u2026) es el mismo problema, la llamada de atenci\u00f3n es de la violencia y se acumul\u00f3 y se est\u00e1 tratando conforme a la primera\u201d, afirm\u00f3.&nbsp;<\/p>\n\n\n\n<p class=\"wp-block-paragraph\">El 15 de mayo algunas asociaciones civiles anunciaron que presentaron una solicitud para que se declarara una tercera Alerta en el estado, debido a los altos \u00edndices de feminicidios que contin\u00faan existiendo, las desapariciones de mujeres y la falta de acciones que existen respecto a la primera.&nbsp;<\/p>\n\n\n\n<p class=\"wp-block-paragraph\">En la p\u00e1gina de internet de la Comisi\u00f3n Nacional para Prevenir y Erradicar la Violencia contra las Mujeres (CONAVIM) a\u00fan no se encuentra la solicitud de la tercera Alerta, ni la determinaci\u00f3n oficial de acumularla a las existentes.&nbsp;<\/p>\n\n\n\n<p class=\"wp-block-paragraph\">Por otro lado, cuestionada sobre los casos de feminicidios en que las corporaciones policiacas fueron llamadas, pero se retiraron, la encargada de despacho lo calific\u00f3 como \u201ccasos aislados\u201d.&nbsp;<\/p>\n\n\n\n<p class=\"wp-block-paragraph\">\u201cEs una situaci\u00f3n compleja, evidentemente ha habido casos, pero son aislados (\u2026) si est\u00e1n reportados (los elementos) deben de tener un inicio de sanci\u00f3n\u201d, afirm\u00f3.&nbsp;<\/p>\n\n\n\n<p class=\"wp-block-paragraph\">Sin embargo, sostuvo que no tienen un reporte por parte de la Secretar\u00eda de Seguridad P\u00fablica si ha habido sanciones por estas situaciones.&nbsp;<\/p>\n\n\n\n<p class=\"wp-block-paragraph\">Ello luego de que en el Puerto de Veracruz se han registrado al menos dos casos en que la Polic\u00eda llega por reportes de violencia de g\u00e9nero, se retira y a los pocos minutos la mujer es asesinada.<\/p>\n","protected":false},"excerpt":{"rendered":"<p>El estado de Veracruz no tendr\u00e1 una tercera Alerta de Violencia de G\u00e9nero como fue solicitado por la sociedad civil<\/p>\n","protected":false},"author":3,"featured_media":9528,"comment_status":"open","ping_status":"open","sticky":false,"template":"","format":"standard","meta":{"_monsterinsights_skip_tracking":false,"footnotes":""},"categories":[690,51],"tags":[],"class_list":["post-9527","post","type-post","status-publish","format-standard","has-post-thumbnail","category-690","category-ejecutivo"],"_links":{"self":[{"href":"https:\/\/redsemlac.com\/semmexico\/wp-json\/wp\/v2\/posts\/9527","targetHints":{"allow":["GET"]}}],"collection":[{"href":"https:\/\/redsemlac.com\/semmexico\/wp-json\/wp\/v2\/posts"}],"about":[{"href":"https:\/\/redsemlac.com\/semmexico\/wp-json\/wp\/v2\/types\/post"}],"author":[{"embeddable":true,"href":"https:\/\/redsemlac.com\/semmexico\/wp-json\/wp\/v2\/users\/3"}],"replies":[{"embeddable":true,"href":"https:\/\/redsemlac.com\/semmexico\/wp-json\/wp\/v2\/comments?post=9527"}],"version-history":[{"count":0,"href":"https:\/\/redsemlac.com\/semmexico\/wp-json\/wp\/v2\/posts\/9527\/revisions"}],"wp:featuredmedia":[{"embeddable":true,"href":"https:\/\/redsemlac.com\/semmexico\/wp-json\/wp\/v2\/media\/9528"}],"wp:attachment":[{"href":"https:\/\/redsemlac.com\/semmexico\/wp-json\/wp\/v2\/media?parent=9527"}],"wp:term":[{"taxonomy":"category","embeddable":true,"href":"https:\/\/redsemlac.com\/semmexico\/wp-json\/wp\/v2\/categories?post=9527"},{"taxonomy":"post_tag","embeddable":true,"href":"https:\/\/redsemlac.com\/semmexico\/wp-json\/wp\/v2\/tags?post=9527"}],"curies":[{"name":"wp","href":"https:\/\/api.w.org\/{rel}","templated":true}]}}