{"id":95266,"date":"2025-05-12T18:50:48","date_gmt":"2025-05-13T00:50:48","guid":{"rendered":"https:\/\/redsemlac.com\/semmexico\/?p=95266"},"modified":"2025-05-12T18:50:50","modified_gmt":"2025-05-13T00:50:50","slug":"revisan-los-avances-y-brechas-en-derechos-igualdad-y-empoderamiento","status":"publish","type":"post","link":"https:\/\/redsemlac.com\/semmexico\/revisan-los-avances-y-brechas-en-derechos-igualdad-y-empoderamiento\/","title":{"rendered":"Revisan los avances y brechas en derechos, igualdad y empoderamiento"},"content":{"rendered":"\n<ul class=\"wp-block-list\">\n<li>Realizan Foro en el Senado de la Rep\u00fablica<\/li>\n\n\n\n<li>Inamap llama a revisar el contenido de medios de comunicaci\u00f3n<\/li>\n<\/ul>\n\n\n\n<p class=\"wp-block-paragraph\">Redacci\u00f3n<\/p>\n\n\n\n<p class=\"wp-block-paragraph\">SemM\u00e9xico, Ciudad de M\u00e9xico, 12 de mayo, 2025.- En el Senado de la Rep\u00fablica se realiz\u00f3 el \u201cForo para todas las mujeres y ni\u00f1as: derechos, igualdad y empoderamiento\u201d, por invitaci\u00f3n de la senadora Cynthia Iliana L\u00f3pez Castro, cuyo objetivo de revisar los avances y las brechas que a\u00fan existen en M\u00e9xico para lograr el desarrollo sostenible en materia de igualdad de g\u00e9nero.<\/p>\n\n\n\n<p class=\"wp-block-paragraph\">Lorena Rubio, presidenta y fundadora del Instituto Nacional de Mujeres y Madres profesionistas (Inamap), llam\u00f3 a analizar el contenido que se consume en los medios de comunicaci\u00f3n, puesto que se requiere la responsabilidad de todos para construir narrativas que dignifiquen a las mujeres, que reconozcan su lucha e inspiren a otras generaciones a romper las barreras que no permiten la paridad.<\/p>\n\n\n\n<p class=\"wp-block-paragraph\">Record\u00f3 que se debe trabajar para garantizar la igualdad sustantiva, el empoderamiento y los derechos de este sector de la poblaci\u00f3n, porque se trata de una exigencia democr\u00e1tica e hist\u00f3rica, pues no se puede permitir ni normalizar la persistencia de los diferentes tipos de violencia en contra de las mujeres.<\/p>\n\n\n\n<p class=\"wp-block-paragraph\">De manera especial agradeci\u00f3 el apoyo de la senadora L\u00f3pez Castro para celebrar este encuentro y dijo que, al realizar este tipo de foros en lugares emblem\u00e1ticos, como la C\u00e1mara de Senadores, se demuestra que las mujeres son parte de la agenda legislativa en M\u00e9xico.<\/p>\n\n\n\n<p class=\"wp-block-paragraph\">Debora S\u00e1enz Zald\u00edvar, directora t\u00e9cnica del Fideicomiso para el Desarrollo del Deporte, FIDEIMSS, subray\u00f3 que la paridad no es una competencia, sino un equilibro en la ocupaci\u00f3n y desempe\u00f1o de cargos en distintas \u00e1reas de la sociedad, con el objetivo de sumar a los resultados, pero principalmente para que ellas puedan ejercer sus derechos.<\/p>\n\n\n\n<p class=\"wp-block-paragraph\">Refiri\u00f3 que cuando una mujer desarrolla alguna actividad deportiva o cultural, estos espacios se convierten en ambientes de empoderamiento, crecimiento, desarrollo personal, pero, sobre todo, de libertad, por lo que es importante que puedan destinar tiempo para dedicarse a ello.<\/p>\n\n\n\n<p class=\"wp-block-paragraph\">En el encuentro, Emilia Reyes Ag\u00fcero, presidenta del Consejo Coordinador Empresarial de Mujeres, afirm\u00f3 que hombres y mujeres deben trabajar en conjunto en todos los \u00e1mbitos para alcanzar mejores resultados; consider\u00f3 un error crear barreras para la igualdad de oportunidades y el empoderamiento de ellas.<\/p>\n\n\n\n<p class=\"wp-block-paragraph\">Agreg\u00f3 que M\u00e9xico vive una etapa importante, ya que el Gobierno federal y el de la Ciudad de M\u00e9xico son encabezados por Claudia Sheinbaum Pardo y Clara Brugada; es decir, el pa\u00eds y la capital est\u00e1n a cargo de mujeres, lo que abre oportunidades para todas; adem\u00e1s, consider\u00f3 que este contexto permite una apertura cultural y de pensamiento en beneficio de las nuevas generaciones.<\/p>\n\n\n\n<p class=\"wp-block-paragraph\">Las especialistas tambi\u00e9n dialogaron sobre las mujeres en la democracia, el papel de ellas en las empresas, as\u00ed como la corresponsabilidad de la ciudadan\u00eda, entre otros temas.<\/p>\n\n\n\n<p class=\"wp-block-paragraph\">SEM\/sj<\/p>\n","protected":false},"excerpt":{"rendered":"<p>Redacci\u00f3n SemM\u00e9xico, Ciudad de M\u00e9xico, 12 de mayo, 2025.- En el Senado de la Rep\u00fablica se realiz\u00f3 el \u201cForo para todas las mujeres y ni\u00f1as: derechos, igualdad y empoderamiento\u201d, por invitaci\u00f3n de la senadora Cynthia Iliana L\u00f3pez Castro, cuyo objetivo de revisar los avances y las brechas que a\u00fan existen en M\u00e9xico para lograr el [&hellip;]<\/p>\n","protected":false},"author":3,"featured_media":95267,"comment_status":"open","ping_status":"open","sticky":false,"template":"","format":"standard","meta":{"_monsterinsights_skip_tracking":false,"footnotes":""},"categories":[50],"tags":[],"class_list":["post-95266","post","type-post","status-publish","format-standard","has-post-thumbnail","category-congreso"],"_links":{"self":[{"href":"https:\/\/redsemlac.com\/semmexico\/wp-json\/wp\/v2\/posts\/95266","targetHints":{"allow":["GET"]}}],"collection":[{"href":"https:\/\/redsemlac.com\/semmexico\/wp-json\/wp\/v2\/posts"}],"about":[{"href":"https:\/\/redsemlac.com\/semmexico\/wp-json\/wp\/v2\/types\/post"}],"author":[{"embeddable":true,"href":"https:\/\/redsemlac.com\/semmexico\/wp-json\/wp\/v2\/users\/3"}],"replies":[{"embeddable":true,"href":"https:\/\/redsemlac.com\/semmexico\/wp-json\/wp\/v2\/comments?post=95266"}],"version-history":[{"count":0,"href":"https:\/\/redsemlac.com\/semmexico\/wp-json\/wp\/v2\/posts\/95266\/revisions"}],"wp:featuredmedia":[{"embeddable":true,"href":"https:\/\/redsemlac.com\/semmexico\/wp-json\/wp\/v2\/media\/95267"}],"wp:attachment":[{"href":"https:\/\/redsemlac.com\/semmexico\/wp-json\/wp\/v2\/media?parent=95266"}],"wp:term":[{"taxonomy":"category","embeddable":true,"href":"https:\/\/redsemlac.com\/semmexico\/wp-json\/wp\/v2\/categories?post=95266"},{"taxonomy":"post_tag","embeddable":true,"href":"https:\/\/redsemlac.com\/semmexico\/wp-json\/wp\/v2\/tags?post=95266"}],"curies":[{"name":"wp","href":"https:\/\/api.w.org\/{rel}","templated":true}]}}