{"id":95263,"date":"2025-05-12T18:46:23","date_gmt":"2025-05-13T00:46:23","guid":{"rendered":"https:\/\/redsemlac.com\/semmexico\/?p=95263"},"modified":"2025-05-12T18:46:24","modified_gmt":"2025-05-13T00:46:24","slug":"respaldan-decision-de-la-uabjo-de-despedir-a-trabajador-por-violencia-de-genero","status":"publish","type":"post","link":"https:\/\/redsemlac.com\/semmexico\/respaldan-decision-de-la-uabjo-de-despedir-a-trabajador-por-violencia-de-genero\/","title":{"rendered":"Respaldan decisi\u00f3n de la UABJO de despedir a trabajador por violencia de g\u00e9nero"},"content":{"rendered":"\n<ul class=\"wp-block-list\">\n<li>En un pronunciamiento reconocen tambi\u00e9n el trabajo de Leticia Brise\u00f1o, directora del ICE<\/li>\n\n\n\n<li>Sientan un precedente a la\u00a0Cero Tolerancia a la violencia contra las mujeres y diversidades sexuales<\/li>\n<\/ul>\n\n\n\n<p class=\"wp-block-paragraph\">Redacci\u00f3n<\/p>\n\n\n\n<p class=\"wp-block-paragraph\">SemM\u00e9xico, Oaxaca, 12 de mayo, 2025.- Acad\u00e9micas, feministas, defensoras de derechos humanos y activistas e integrantes de la sociedad civil en general, respaldaron la hist\u00f3rica y resoluci\u00f3n emitida por el Abogado General de la UABJOen la que se rescinde el contrato laboral del Carlos Alberto N., por actos de hostigamiento sexual, acoso laboral, y\/o acoso sexual, violencia de g\u00e9nero en contra estudiantes, maestras, maestros y trabajadoras de esta instituci\u00f3n.<\/p>\n\n\n\n<p class=\"wp-block-paragraph\">En un comunicado difundido por Consorcio Oaxaca las feministas reconocieron y respaldan \u201cel hist\u00f3rico y comprometido trabajo de Mar\u00eda Leticia Brise\u00f1o Maas, directora del Instituto de Ciencias de la Educaci\u00f3n de la UABJO, en su acci\u00f3n como directora; desde que lleg\u00f3 ha mostrado una coherencia y acci\u00f3n a favor de los derechos humanos, derechos de las mujeres, as\u00ed como una gran aliada en la agenda feminista y de los movimientos sociales.<\/p>\n\n\n\n<p class=\"wp-block-paragraph\">Se\u00f1alan que desde diversas expresiones feministas \u201cque hemos luchado permanentemente en contra de las violencias hacia las mujeres, reconocemos el compromiso y la actuaci\u00f3n coherente de la Universidad Aut\u00f3noma \u201cBenito Ju\u00e1rez\u201d de Oaxaca, la cual marcar\u00e1 un buen precedente a nivel nacional e internacional de su apuesta por la&nbsp;Cero Tolerancia a la violencia contra las mujeres y diversidades sexuales\u201d.<\/p>\n\n\n\n<p class=\"wp-block-paragraph\">Con esta acci\u00f3n, agregan, se hace realidad el derecho a la verdad&nbsp;y la justicia de las mujeres, maestras, estudiantes y trabajadoras administrativas, diversidades sexuales que, con determinaci\u00f3n y coraje denunciaron actos que por a\u00f1os fueron silenciados.<\/p>\n\n\n\n<p class=\"wp-block-paragraph\">Por otra parte, se\u00f1alan que se abre la esperanza en la enorme lucha contra la impunidad que hist\u00f3ricamente ha prevalecido en diversos espacios acad\u00e9micos, dejando en la revictimizaci\u00f3n o en el olvido las denuncias hechas en el pasado.<\/p>\n\n\n\n<p class=\"wp-block-paragraph\">\u201cNo resulta menor, sobre todo, ante la exacerbada crisis de derechos humanos en Oaxaca en la que sobresale el incremento de agresiones y violencias hacia las mujeres y las ni\u00f1as, y que se traduce en los 241 feminicidios&nbsp;cometidos hasta hoy y las 915 mujeres desaparecidas, que la Plataforma de Violencia Feminicida de Consorcio Oaxaca ha registrado en el sexenio de Salom\u00f3n Jara Cruz\u201d.<\/p>\n\n\n\n<p class=\"wp-block-paragraph\">Tambi\u00e9n reconocen y respaldan&nbsp;a las personas que con determinaci\u00f3n y coraje, lograron a trav\u00e9s de sus testimonios y denuncias, este precedente, sin embargo, pedimos se tomen medidas de protecci\u00f3n frente a probables hechos de hostigamiento en su contra.<\/p>\n\n\n\n<p class=\"wp-block-paragraph\">Hoy m\u00e1s que nunca decimos: ninguna persona deber\u00eda sufrir ning\u00fan tipo de acoso en un espacio acad\u00e9mico. Es importante que, as\u00ed como en este caso, las personas a cargo de las instituciones educativas escuchen y atiendan, sin sesgos de ning\u00fan tipo, las denuncias hechas al interior de las instituciones, apunta el documento.<\/p>\n\n\n\n<p class=\"wp-block-paragraph\">Piden al actual rector, Cristian Eder Carre\u00f1o L\u00f3pez, siga sentando precedente a favor de los derechos de las mujeres, que sean efectivos al interior de los espacios educativos que integran la UABJO, y se otorguen las medidas necesarias para garantizar el derecho a la denuncia de las v\u00edctimas, adem\u00e1s de no tolerar agresores en la estructura administrativa ni acad\u00e9mica.<\/p>\n\n\n\n<p class=\"wp-block-paragraph\">El documento est\u00e1 firmado por 19 organizaciones de la sociedad civil, 65 defensoras y activistas, 37 trabajadoras y acad\u00e9micas de la UABJO, 12 estudiantes y egresadas, as\u00ed como 73 exalumnas.<\/p>\n\n\n\n<p class=\"wp-block-paragraph\">La semana pasada, la Coordinaci\u00f3n para la Atenci\u00f3n de los Derechos Humanos de Oaxaca reconoci\u00f3 la misma resoluci\u00f3n.<\/p>\n\n\n\n<p class=\"wp-block-paragraph\">SEM\/sj<\/p>\n","protected":false},"excerpt":{"rendered":"<p>Redacci\u00f3n SemM\u00e9xico, Oaxaca, 12 de mayo, 2025.- Acad\u00e9micas, feministas, defensoras de derechos humanos y activistas e integrantes de la sociedad civil en general, respaldaron la hist\u00f3rica y resoluci\u00f3n emitida por el Abogado General de la UABJOen la que se rescinde el contrato laboral del Carlos Alberto N., por actos de hostigamiento sexual, acoso laboral, y\/o [&hellip;]<\/p>\n","protected":false},"author":3,"featured_media":95264,"comment_status":"open","ping_status":"open","sticky":false,"template":"","format":"standard","meta":{"_monsterinsights_skip_tracking":false,"footnotes":""},"categories":[48],"tags":[],"class_list":["post-95263","post","type-post","status-publish","format-standard","has-post-thumbnail","category-no-mas-impunidad-no-mas-impunidad"],"_links":{"self":[{"href":"https:\/\/redsemlac.com\/semmexico\/wp-json\/wp\/v2\/posts\/95263","targetHints":{"allow":["GET"]}}],"collection":[{"href":"https:\/\/redsemlac.com\/semmexico\/wp-json\/wp\/v2\/posts"}],"about":[{"href":"https:\/\/redsemlac.com\/semmexico\/wp-json\/wp\/v2\/types\/post"}],"author":[{"embeddable":true,"href":"https:\/\/redsemlac.com\/semmexico\/wp-json\/wp\/v2\/users\/3"}],"replies":[{"embeddable":true,"href":"https:\/\/redsemlac.com\/semmexico\/wp-json\/wp\/v2\/comments?post=95263"}],"version-history":[{"count":0,"href":"https:\/\/redsemlac.com\/semmexico\/wp-json\/wp\/v2\/posts\/95263\/revisions"}],"wp:featuredmedia":[{"embeddable":true,"href":"https:\/\/redsemlac.com\/semmexico\/wp-json\/wp\/v2\/media\/95264"}],"wp:attachment":[{"href":"https:\/\/redsemlac.com\/semmexico\/wp-json\/wp\/v2\/media?parent=95263"}],"wp:term":[{"taxonomy":"category","embeddable":true,"href":"https:\/\/redsemlac.com\/semmexico\/wp-json\/wp\/v2\/categories?post=95263"},{"taxonomy":"post_tag","embeddable":true,"href":"https:\/\/redsemlac.com\/semmexico\/wp-json\/wp\/v2\/tags?post=95263"}],"curies":[{"name":"wp","href":"https:\/\/api.w.org\/{rel}","templated":true}]}}