{"id":95245,"date":"2025-05-12T15:53:57","date_gmt":"2025-05-12T21:53:57","guid":{"rendered":"https:\/\/redsemlac.com\/semmexico\/?p=95245"},"modified":"2025-05-12T15:53:58","modified_gmt":"2025-05-12T21:53:58","slug":"madres-buscadoras-y-de-victimas-de-feminicidio-testimonios-de-la-violencia-en-mexico","status":"publish","type":"post","link":"https:\/\/redsemlac.com\/semmexico\/madres-buscadoras-y-de-victimas-de-feminicidio-testimonios-de-la-violencia-en-mexico\/","title":{"rendered":"Madres buscadoras y de v\u00edctimas de feminicidio, testimonios de la violencia en M\u00e9xico"},"content":{"rendered":"\n<p class=\"wp-block-paragraph\">El 10 de mayo, D\u00eda de la Madre, exigieron al Estado mexicano dejar de ser indolente ante esos delitos<\/p>\n\n\n\n<p class=\"wp-block-paragraph\">Marchas por 127 mil personas desaparecidas, y una velada por los feminicidios de sus hijas<\/p>\n\n\n\n<p class=\"wp-block-paragraph\">Elda Montiel<\/p>\n\n\n\n<p class=\"wp-block-paragraph\">SemM\u00e9xico, Ciudad de M\u00e9xico, 12 de mayo, 2025.- En M\u00e9xico 127 mil personas han desaparecido, por ello, las madres y familiares exigieron este 10 de mayo poner un alto a esa violencia y tambi\u00e9n demandaron no m\u00e1s asesinatos de madres buscadoras.<\/p>\n\n\n\n<p class=\"wp-block-paragraph\">En la XIII Marcha de la Dignidad Nacional Madres Buscando a sus Hijos, Hijas, Verdad y Justicia. Gritaban \u00bfD\u00f3nde est\u00e1n?, \u00bfD\u00f3nde est\u00e1n?, \u00bfNuestros hijos d\u00f3nde est\u00e1n?, las colectivas recordaron el asesinato en abril pasado de Mar\u00eda del Carmen Morales y su hijo Daniel Ram\u00edrez, a las afueras de su casa en Tlajomulco de Z\u00fa\u00f1iga, Jalisco. Ella integrante del colectivo Guerreros Buscadores de Jalisco, quienes este mismo a\u00f1o hicieron p\u00fablico el hallazgo del Rancho Izaguirre en la regi\u00f3n agr\u00edcola de Teuchitl\u00e1n supuesto centro de adiestramiento del crimen organizado.<\/p>\n\n\n\n<p class=\"wp-block-paragraph\">Las colectivas salieron del Monumento a la Madre al \u00c1ngel de la Independencia, la mayor\u00eda con camisetas blancas con la frase impresa \u00bfD\u00f3nde est\u00e1n? y la fotograf\u00eda de sus hijas e hijos o pancartas con sus nombres y exigencias al Estado mexicano.<\/p>\n\n\n\n<p class=\"wp-block-paragraph\">Una noche antes, a prop\u00f3sito del 10 de mayo, el pasado s\u00e1bado, colectivas de buscadores y familiares de personas desaparecidas hicieron una marca, una noche antes, madres de feminicidio convocadas por Irinea Buend\u00eda hicieron una velada y vigilia para recordar que en M\u00e9xico \u201cno hay nada que celebrar\u201d.<\/p>\n\n\n\n<p class=\"wp-block-paragraph\">Las madres colocaron velas sint\u00e9ticas sobre la silueta de un \u00e1rbol e hicieron posicionamientos para que el gobierno federal reconozca la dimensi\u00f3n de las desapariciones en M\u00e9xico.&nbsp;&nbsp;<\/p>\n\n\n\n<p class=\"wp-block-paragraph\">La marcha<\/p>\n\n\n\n<p class=\"wp-block-paragraph\">Los colectivos de madres buscadoras caminan a lo largo de la&nbsp;avenida Paseo de la Reforma, desde el Monumento a la Madre hacia la&nbsp;glorieta del \u00c1ngel de la Independencia.<\/p>\n\n\n\n<p class=\"wp-block-paragraph\">Su principal exigencia al Estado mexicano fue combatir la desaparici\u00f3n forzada en este pa\u00eds y erradicar la&nbsp;criminalizaci\u00f3n, vigilancia, acoso y hostigamiento&nbsp;en su contra, presuntamente por parte de las autoridades.<\/p>\n\n\n\n<p class=\"wp-block-paragraph\">Este a\u00f1o bajo el lema \u201cLas Madres Llegar\u00e1n a la Verdad\u201d, exigieron al gobierno federal acciones concretas ante la crisis de desaparici\u00f3n forzada en M\u00e9xico; as\u00ed como en contra de la presunta criminalizaci\u00f3n, vigilancia, acoso y hostigamiento al que est\u00e1n expuestos por parte del Estado.<\/p>\n\n\n\n<p class=\"wp-block-paragraph\">Entre los diversos testimonios destac\u00f3 el de H\u00e9ctor y Teresa \u00c1guila, \u201cmuertos en vida\u201d desde hace dos a\u00f1os que buscan a su hijo de 27 a\u00f1os que desapareci\u00f3 en Jalisco. Por ello pidieron a las autoridades federales hagan algo en materia de la&nbsp;desaparici\u00f3n forzada, \u201cporque dicen que no existe\u201d.<\/p>\n\n\n\n<p class=\"wp-block-paragraph\">Gloria Carmona,&nbsp;del&nbsp;Colectivo Amor por los Desaparecidos en Tamaulipas, busca desde 2021 a su hijo, Bernardo Iv\u00e1n P\u00e9rez, pero ahora, dice, lo busca con miedo de ser asesinada.<\/p>\n\n\n\n<p class=\"wp-block-paragraph\">\u201cHe trabajado en campo con mis manos. Hemos tenido que sacar a muchas personas que, hasta el momento, no s\u00e9 qui\u00e9nes son. Tengo una frustraci\u00f3n muy grande, porque, a pesar de todo lo que hemos sacado en dos a\u00f1os, no tengo una respuesta\u201d. Menciona que ya van&nbsp;m\u00e1s de 29 personas buscadoras asesinadas en M\u00e9xico.<\/p>\n\n\n\n<p class=\"wp-block-paragraph\">Por otra parte, Edith Olivares Ferreto de Amnist\u00eda Internacional que acompa\u00f1\u00f3 a las madres buscadoras en la marcha dijo que ellas est\u00e1n buscando con sus manos, picos y palas, porque el Estado no busca a las personas desaparecidas.<\/p>\n\n\n\n<p class=\"wp-block-paragraph\">La b\u00fasqueda se pasa de generaci\u00f3n en generaci\u00f3n se\u00f1al\u00f3 Dan Fern\u00e1ndez, hijo de una madre buscadora y hermano de&nbsp;Dan Jeremeel, quien desapareci\u00f3 hace 17 a\u00f1os en Coahuila&nbsp;y despu\u00e9s de casi dos d\u00e9cadas de b\u00fasqueda sus hijos ya se est\u00e1n involucrando en las pesquisas. \u201cEmpezaron las madres, seguimos los hijos y ahora van los nietos\u201d, porque explica muchas madres y padres han fallecido en esa espera y lo hicieron sin saber la suerte de sus seres queridos.<\/p>\n\n\n\n<p class=\"wp-block-paragraph\">Cuando la b\u00fasqueda se vuelve causa&nbsp;&nbsp;&nbsp;<\/p>\n\n\n\n<p class=\"wp-block-paragraph\">Para Araceli Rodr\u00edguez, quien egres\u00f3 como maestra en Derecho Penal tras la&nbsp;desaparici\u00f3n de su hijo Luis \u00c1ngel hace 13 a\u00f1os en Michoac\u00e1n. Entonces solo hab\u00eda estudiado educaci\u00f3n primaria. Ella afirma que mientras las personas que buscan siguen vivas jam\u00e1s dejan de buscar ni de prepararse para encontrarles.<\/p>\n\n\n\n<p class=\"wp-block-paragraph\">Otro caso es de Antonia Montoya quien busca a su hijo Javier Regalado Montoya desaparecido en 2023 cuando iba con familiares de Jalisco a Zacatecas. Las autoridades se niegan a investigar a las personas que iban con \u00e9l, se\u00f1ala.<\/p>\n\n\n\n<p class=\"wp-block-paragraph\">Velada por las v\u00edctimas de feminicidio<\/p>\n\n\n\n<p class=\"wp-block-paragraph\">Previo a la marcha de las madres buscadores y de v\u00edctimas de feminicidio realizaron en el z\u00f3calo capitalino la vigilia por las madres v\u00edctimas de feminicidio, convocado por activista y defensora de derechos humanos Irinea Buend\u00eda Cort\u00e9s.<\/p>\n\n\n\n<p class=\"wp-block-paragraph\">La madre de Mariana Lima Buend\u00eda, asesinada en 2010 en el Estado de M\u00e9xico, no ha dejado de alzar la voz, exigiendo justicia para su hija y para todas las v\u00edctimas de feminicidio, su tarea ha sido recorrer el pa\u00eds mostrando la resoluci\u00f3n de la Suprema Corte de Justicia de la Naci\u00f3n que plantea que todos los asesinatos violentos de mujeres deben ser investigados como feminicidios.<\/p>\n\n\n\n<p class=\"wp-block-paragraph\">Frente a Palacio Nacional cercado por cientos de vallas met\u00e1licas, las madres colocaron docenas de veladoras, flores y cruces de madera pintadas de rosa sobre trozos de c\u00e9sped, para simular l\u00e1pidas, y de esta forma recordarle a las autoridades sus&nbsp;omisiones y negligencias&nbsp;en la investigaci\u00f3n de estos asesinatos&nbsp;y la obstrucci\u00f3n a la justicia.<\/p>\n\n\n\n<p class=\"wp-block-paragraph\">\u00a1No llegaron todas faltan nuestras hijas! fue el reclamo de las madres que a pesar de la lluvia y de que se estaba levantando el escenario para el evento popular del Dia de las Madres se fueron reuniendo.<\/p>\n\n\n\n<p class=\"wp-block-paragraph\">Ellas no festejan, no hay nada que celebrar, reclaman justicia. En sus manos fotograf\u00edas de sus hijas enmarcadas contin\u00faan en b\u00fasqueda de justicia.<\/p>\n\n\n\n<p class=\"wp-block-paragraph\">En Morelia y en Jalisco marchas de madres buscadoras<\/p>\n\n\n\n<p class=\"wp-block-paragraph\">Tambi\u00e9n se realizaron marchas de madres buscadoras en Guadalajara, Jalisco y en Morelia, Michoac\u00e1n y Oaxaca, entre otros estados del pa\u00eds.<\/p>\n\n\n\n<p class=\"wp-block-paragraph\">En Jalisco una de las protestas fue encabezada por Corazones Unidos en B\u00fasqueda de Nuestros Tesoros quienes se reunieron en la Glorieta de las y los Desaparecidos, quienes recibieron el apoyo de la ciudadan\u00eda.<\/p>\n\n\n\n<p class=\"wp-block-paragraph\">En&nbsp;Michoac\u00e1n, madres de personas desaparecidas&nbsp;marcharon este 10 de mayo en la ciudad de Morelia, para exigir un alto en las desapariciones y una ley estatal en materia de desaparici\u00f3n forzada.<\/p>\n\n\n\n<p class=\"wp-block-paragraph\">Integrantes de diversos colectivos y madres buscadoras independientes, partieron del&nbsp;Centro Deportivo Ej\u00e9rcito de la Revoluci\u00f3n, conocido como \u201cEl Venustiano\u201d, hicieron una parada en la 21 Zona Militar, donde fueron colocados los rostros de sus familiares desaparecidos para culminar en el Congreso del Estado donde exigir\u00e1n una ley estatal en materia de desaparici\u00f3n forzada.<\/p>\n\n\n\n<p class=\"wp-block-paragraph\">SEM\/em\/sj<\/p>\n","protected":false},"excerpt":{"rendered":"<p>El 10 de mayo, D\u00eda de la Madre, exigieron al Estado mexicano dejar de ser indolente ante esos delitos Marchas por 127 mil personas desaparecidas, y una velada por los feminicidios de sus hijas Elda Montiel SemM\u00e9xico, Ciudad de M\u00e9xico, 12 de mayo, 2025.- En M\u00e9xico 127 mil personas han desaparecido, por ello, las madres [&hellip;]<\/p>\n","protected":false},"author":3,"featured_media":95246,"comment_status":"open","ping_status":"open","sticky":false,"template":"","format":"standard","meta":{"_monsterinsights_skip_tracking":false,"footnotes":""},"categories":[48],"tags":[],"class_list":["post-95245","post","type-post","status-publish","format-standard","has-post-thumbnail","category-no-mas-impunidad-no-mas-impunidad"],"_links":{"self":[{"href":"https:\/\/redsemlac.com\/semmexico\/wp-json\/wp\/v2\/posts\/95245","targetHints":{"allow":["GET"]}}],"collection":[{"href":"https:\/\/redsemlac.com\/semmexico\/wp-json\/wp\/v2\/posts"}],"about":[{"href":"https:\/\/redsemlac.com\/semmexico\/wp-json\/wp\/v2\/types\/post"}],"author":[{"embeddable":true,"href":"https:\/\/redsemlac.com\/semmexico\/wp-json\/wp\/v2\/users\/3"}],"replies":[{"embeddable":true,"href":"https:\/\/redsemlac.com\/semmexico\/wp-json\/wp\/v2\/comments?post=95245"}],"version-history":[{"count":0,"href":"https:\/\/redsemlac.com\/semmexico\/wp-json\/wp\/v2\/posts\/95245\/revisions"}],"wp:featuredmedia":[{"embeddable":true,"href":"https:\/\/redsemlac.com\/semmexico\/wp-json\/wp\/v2\/media\/95246"}],"wp:attachment":[{"href":"https:\/\/redsemlac.com\/semmexico\/wp-json\/wp\/v2\/media?parent=95245"}],"wp:term":[{"taxonomy":"category","embeddable":true,"href":"https:\/\/redsemlac.com\/semmexico\/wp-json\/wp\/v2\/categories?post=95245"},{"taxonomy":"post_tag","embeddable":true,"href":"https:\/\/redsemlac.com\/semmexico\/wp-json\/wp\/v2\/tags?post=95245"}],"curies":[{"name":"wp","href":"https:\/\/api.w.org\/{rel}","templated":true}]}}