{"id":95231,"date":"2025-05-12T14:32:15","date_gmt":"2025-05-12T20:32:15","guid":{"rendered":"https:\/\/redsemlac.com\/semmexico\/?p=95231"},"modified":"2025-05-12T14:38:52","modified_gmt":"2025-05-12T20:38:52","slug":"por-proceso-viciado-piden-renuncia-de-las-candidatas-a-rectoria-de-la-uaemex","status":"publish","type":"post","link":"https:\/\/redsemlac.com\/semmexico\/por-proceso-viciado-piden-renuncia-de-las-candidatas-a-rectoria-de-la-uaemex\/","title":{"rendered":"Mi\u00e9rcoles 14, nombraran a la persona interina al frente de la UAEMex"},"content":{"rendered":"\n<ul class=\"wp-block-list\">\n<li>Estudiantes pidieron que se renunciaran las candidatas, solo lo hizo<\/li>\n\n\n\n<li>No hay condiciones, dice el rector<\/li>\n<\/ul>\n\n\n\n<p class=\"wp-block-paragraph\">Redacci\u00f3n<\/p>\n\n\n\n<p class=\"wp-block-paragraph\">SemM\u00e9xico, Ciudad de M\u00e9xico, 12 de mayo, 2025.- La rector\u00eda de la Universidad Aut\u00f3noma del Estado de M\u00e9xico (UAEMex) inform\u00f3 que el proceso de elecci\u00f3n de Rector\u00eda para el periodo 2025-2029 se pospuso y se\u00f1al\u00f3 que, a partir del 14 de mayo, habr\u00e1 un encargado del despacho hasta que pueda realizarse el proceso la elecci\u00f3n.<\/p>\n\n\n\n<p class=\"wp-block-paragraph\">En tanto, estudiantes, que mantienen tomada las instalaciones de la rector\u00eda y 16 espacios universitarios m\u00e1s, hab\u00edan solicitado este fin de semana, que las seis candidatas a sustituir al rector Carlos Eduardo Barrera D\u00edaz, pidieron que renuncien debido a los vicios del proceso electoral.<\/p>\n\n\n\n<p class=\"wp-block-paragraph\">En un comunicado, firmado por el rector Barrera D\u00edaz y difundido esta ma\u00f1ana, se\u00f1ala que la Comisi\u00f3n Especial Electoral entrar\u00e1 en receso y el proceso ser\u00e1 retomado cuando los espacios acad\u00e9micos presenten condiciones para la elecci\u00f3n.<\/p>\n\n\n\n<p class=\"wp-block-paragraph\">El pr\u00f3ximo mi\u00e9rcoles se realizar\u00e1 el cambio de la persona titular de la rector\u00eda, considerando las condiciones y circunstancias en que se ha desarrollado el proceso de elecci\u00f3n, se realizar\u00e1 bajo la figura de una Encargada o Encargado del Despacho\u2019,&nbsp;se lee en el comunicado oficial.<\/p>\n\n\n\n<p class=\"wp-block-paragraph\">Los y las estudiantes, as\u00ed como personas egresadas de la m\u00e1xima casa de estudios, solicitaron la dimisi\u00f3n de las candidatas Laura Benhumea Gonz\u00e1lez, Mar\u00eda Jos\u00e9 Bern\u00e1ldez Aguilar, Mar\u00eda Dolores Dur\u00e1n Garc\u00eda, Maricruz Moreno Zagal, Marta Patricia Zarza Delgado, a quienes piden no legitimar un proceso viciado de origen.<\/p>\n\n\n\n<p class=\"wp-block-paragraph\">Este s\u00e1bado 10 de mayo, la candidata Er\u00e9ndira Fierro Moreno el pasado s\u00e1bado 10 de mayo, anunciada en medio de las protestas, fue celebrada parcialmente por las y los estudiantes y personas egresadas, quienes la vieron como un reconocimiento a sus demandas. Fierro justific\u00f3 su declinaci\u00f3n priorizando el \u201cbienestar com\u00fan\u201d y en respuesta a las movilizaciones estudiantiles.<\/p>\n\n\n\n<p class=\"wp-block-paragraph\">Sin embargo,&nbsp;los estudiantes insisten en que las cinco candidatas restantes tambi\u00e9n deben retirarse para presionar por la cancelaci\u00f3n total del proceso y la apertura de uno nuevo, m\u00e1s transparente y participativo.<\/p>\n\n\n\n<p class=\"wp-block-paragraph\">No hay registros al 11 de mayo de respuestas espec\u00edficas de las candidatas a la demanda de renuncia colectiva, aunque el precedente de Fierro podr\u00eda influir en futuras decisiones.<\/p>\n\n\n\n<p class=\"wp-block-paragraph\">Se\u00f1alan que el rector Carlos Eduardo Barrera D\u00edaz ha evadido el di\u00e1logo directo, delegando al secretario de Rector\u00eda, Marco Aurelio Cienfuegos, quien insiste en canales formales de comunicaci\u00f3n y lamenta la falta de un pliego petitorio formal.<\/p>\n\n\n\n<p class=\"wp-block-paragraph\">La administraci\u00f3n asegura que el proceso electoral sigue vigente, con la elecci\u00f3n programada para el 14 de mayo, aunque la toma de Rector\u00eda y los paros complican su continuidad.<\/p>\n\n\n\n<p class=\"wp-block-paragraph\">SEM-AM<\/p>\n\n\n\n<figure class=\"wp-block-image size-large\"><a href=\"https:\/\/redsemlac.com\/semmexico\/wp-content\/uploads\/2025\/05\/UAEMEX.webp\"><img loading=\"lazy\" decoding=\"async\" width=\"1024\" height=\"575\" src=\"https:\/\/redsemlac.com\/semmexico\/wp-content\/uploads\/2025\/05\/UAEMEX-1024x575.webp\" alt=\"\" class=\"wp-image-95235\" srcset=\"https:\/\/redsemlac.com\/semmexico\/wp-content\/uploads\/2025\/05\/UAEMEX-1024x575.webp 1024w, https:\/\/redsemlac.com\/semmexico\/wp-content\/uploads\/2025\/05\/UAEMEX-300x169.webp 300w, https:\/\/redsemlac.com\/semmexico\/wp-content\/uploads\/2025\/05\/UAEMEX-768x431.webp 768w, https:\/\/redsemlac.com\/semmexico\/wp-content\/uploads\/2025\/05\/UAEMEX-150x84.webp 150w, https:\/\/redsemlac.com\/semmexico\/wp-content\/uploads\/2025\/05\/UAEMEX-696x391.webp 696w, https:\/\/redsemlac.com\/semmexico\/wp-content\/uploads\/2025\/05\/UAEMEX-1068x600.webp 1068w, https:\/\/redsemlac.com\/semmexico\/wp-content\/uploads\/2025\/05\/UAEMEX.webp 1200w\" sizes=\"auto, (max-width: 1024px) 100vw, 1024px\" \/><\/a><\/figure>\n","protected":false},"excerpt":{"rendered":"<p>Redacci\u00f3n SemM\u00e9xico, Ciudad de M\u00e9xico, 12 de mayo, 2025.- La rector\u00eda de la Universidad Aut\u00f3noma del Estado de M\u00e9xico (UAEMex) inform\u00f3 que el proceso de elecci\u00f3n de Rector\u00eda para el periodo 2025-2029 se pospuso y se\u00f1al\u00f3 que, a partir del 14 de mayo, habr\u00e1 un encargado del despacho hasta que pueda realizarse el proceso la [&hellip;]<\/p>\n","protected":false},"author":3,"featured_media":95232,"comment_status":"open","ping_status":"open","sticky":false,"template":"","format":"standard","meta":{"_monsterinsights_skip_tracking":false,"footnotes":""},"categories":[748],"tags":[],"class_list":["post-95231","post","type-post","status-publish","format-standard","has-post-thumbnail","category-cultura-feminista"],"_links":{"self":[{"href":"https:\/\/redsemlac.com\/semmexico\/wp-json\/wp\/v2\/posts\/95231","targetHints":{"allow":["GET"]}}],"collection":[{"href":"https:\/\/redsemlac.com\/semmexico\/wp-json\/wp\/v2\/posts"}],"about":[{"href":"https:\/\/redsemlac.com\/semmexico\/wp-json\/wp\/v2\/types\/post"}],"author":[{"embeddable":true,"href":"https:\/\/redsemlac.com\/semmexico\/wp-json\/wp\/v2\/users\/3"}],"replies":[{"embeddable":true,"href":"https:\/\/redsemlac.com\/semmexico\/wp-json\/wp\/v2\/comments?post=95231"}],"version-history":[{"count":0,"href":"https:\/\/redsemlac.com\/semmexico\/wp-json\/wp\/v2\/posts\/95231\/revisions"}],"wp:featuredmedia":[{"embeddable":true,"href":"https:\/\/redsemlac.com\/semmexico\/wp-json\/wp\/v2\/media\/95232"}],"wp:attachment":[{"href":"https:\/\/redsemlac.com\/semmexico\/wp-json\/wp\/v2\/media?parent=95231"}],"wp:term":[{"taxonomy":"category","embeddable":true,"href":"https:\/\/redsemlac.com\/semmexico\/wp-json\/wp\/v2\/categories?post=95231"},{"taxonomy":"post_tag","embeddable":true,"href":"https:\/\/redsemlac.com\/semmexico\/wp-json\/wp\/v2\/tags?post=95231"}],"curies":[{"name":"wp","href":"https:\/\/api.w.org\/{rel}","templated":true}]}}