{"id":9523,"date":"2019-07-05T00:40:40","date_gmt":"2019-07-05T00:40:40","guid":{"rendered":"https:\/\/redsemlac.com\/semmexico\/?p=9523"},"modified":"2023-07-21T14:50:10","modified_gmt":"2023-07-21T19:50:10","slug":"siguen-sin-recursos-refugios-de-la-red-intercultural-y-los-autonomos","status":"publish","type":"post","link":"https:\/\/redsemlac.com\/semmexico\/siguen-sin-recursos-refugios-de-la-red-intercultural-y-los-autonomos\/","title":{"rendered":"Siguen sin recursos refugios de la Red Intercultural y los Aut\u00f3nomos"},"content":{"rendered":"\n<p class=\"wp-block-paragraph\"><strong><em>* Pese a que no cuentan con financiamiento siguen brindando atenci\u00f3n.<\/em><\/strong><\/p>\n\n\n\n<p class=\"wp-block-paragraph\"><strong>* En Juchit\u00e1n se sostienen con la venta de productos tradicionales.<\/strong><\/p>\n\n\n\n<p class=\"wp-block-paragraph\"><strong>Patricia Brise\u00f1o<\/strong><\/p>\n\n\n\n<p class=\"wp-block-paragraph\">SemM\u00e9xico,\nOaxaca, 4 julio 2019.- Integrantes de la Red Intercultural de Refugios y de la Red\nde Refugios Aut\u00f3nomos cumplieron seis meses de prestar su servicio sin el\nrecurso federal asignado, pero aun as\u00ed siguen brindando la atenci\u00f3n integral a\nmujeres que se recuperan de la violencia de g\u00e9nero.<\/p>\n\n\n\n<p class=\"wp-block-paragraph\">\u201cPrimero\n(el gobierno federal) anunci\u00f3 que nos iba a quitar la partida presupuestal,\ndespu\u00e9s que siempre no, pero aun as\u00ed seguimos brindando la atenci\u00f3n y un techo\nseguro para las mujeres v\u00edctimas de violencia extrema\u201d, dijo Natalia Sicar\u00fa\nTorres Gonz\u00e1lez, presidenta del refugio del Grupo de Mujeres 8 de Marzo, en el\nmunicipio de Juchit\u00e1n de Zaragoza, en la regi\u00f3n del Istmo.<\/p>\n\n\n\n<p class=\"wp-block-paragraph\">Sostuvo\nque en tiempo y forma cumplieron con la convocatoria p\u00fablica para la\n\u201cAsignaci\u00f3n de Subsidios para la Prestaci\u00f3n de Servicios de Refugio para\nMujeres, sus hijas e hijos que viven violencia extrema, y en su caso, sus centros\nde atenci\u00f3n extrema 2019\u201d, sin embargo, \u201cla transferencia de la primera\nministraci\u00f3n de presupuesto asignado y aprobado en abril pasado, todav\u00eda no ha\nsido liberado\u201d.<\/p>\n\n\n\n<p class=\"wp-block-paragraph\">Debido\nal incumplimiento del gobierno federal, a trav\u00e9s de la Secretaria Hacienda, en\nla asignaci\u00f3n de recursos, Sicar\u00fa Torres coment\u00f3 que la organizaci\u00f3n civil\nresiste con la venta de huipiles, dulces regionales, hamacas, bordados y\npreparaci\u00f3n de platillos regionales.<\/p>\n\n\n\n<p class=\"wp-block-paragraph\">Participan\nlos 50 trabajadores del refugio con voluntarios, familias recuperadas y amigas\nde comunidades vecinas, resalt\u00f3.<\/p>\n\n\n\n<p class=\"wp-block-paragraph\">En\nla Red Intercultural coinciden 72 refugios en distintos puntos del pa\u00eds donde\nse brinda el acompa\u00f1amiento a unas 20 mil mujeres y sus familias que se\nrecuperan de la violencia de g\u00e9nero.<\/p>\n\n\n\n<p class=\"wp-block-paragraph\">La\norganizaci\u00f3n civil, Grupo de Mujeres 8 de Marzo (Binni Za Gunaa Lu Xhono\nGubidxa Beu Riguibashigaa, en lengua zapoteca) se constituy\u00f3 legalmente en\n1999, posteriormente, fund\u00f3 el Centro de Apoyo de la Mujer Istme\u00f1a (Cami) y el\nrefugio \u201cChina Yodo\u201d. <\/p>\n\n\n\n<p class=\"wp-block-paragraph\">En\n20 a\u00f1os de trabajo han atendido a m\u00e1s de tres mil mujeres con sus hijos. Muchas\nson ind\u00edgenas que no hablan castellano, por lo que cuentan con traductores en\nlenguas zapoteca, mixe, chontal, zoque e ikoots (huave). <\/p>\n\n\n\n<p class=\"wp-block-paragraph\">En\nel transcurso de 2019, m\u00e1s de 40 mujeres han sido rescatadas de morir en manos\nde su agresor, a la vez que les ofrecen ayuda legal y sicol\u00f3gica, en un\nambiente seguro.<\/p>\n\n\n\n<p class=\"wp-block-paragraph\">La\nSecretar\u00eda de las Mujeres de Oaxaca tambi\u00e9n les dirige los casos de violencia\nfamiliar, a cambio les entrega una donaci\u00f3n simb\u00f3lica, insuficiente para los\ngastos de operaci\u00f3n y mantenimiento del lugar.<\/p>\n\n\n\n<p class=\"wp-block-paragraph\">La\nactivista detall\u00f3 que el pasado 10 de junio se convino la concertaci\u00f3n de\nacciones con el Centro Nacional de Equidad de G\u00e9nero y Salud Reproductiva&nbsp;&nbsp; referente al Anexo 13-A, \u201cErogaciones para\nla Igualdad de g\u00e9nero\u201d y a&nbsp; su vez se\nexpidieron las facturas correspondientes en relaci\u00f3n a los recursos asignados,\npero a la fecha no se ha logrado la transferencia.<\/p>\n\n\n\n<p class=\"wp-block-paragraph\">Explic\u00f3\nque la necesidad colectiva es que los recursos lleguen, pues ya se firm\u00f3 el\nacuerdo nacional pero no se ve ese apoyo que deber\u00edan otorgar las instituciones\npara que los 72 refugios no sigan padeciendo.<\/p>\n\n\n\n<p class=\"wp-block-paragraph\">Finalmente,\nhizo un llamado a la doctora Olga S\u00e1nchez Cordero, secretaria de Gobernaci\u00f3n,\ntambi\u00e9n a Hugo L\u00f3pez Gatell, subsecretario de Prevenci\u00f3n y Promoci\u00f3n a la Salud,\ny a la diputada y presidenta de la Comisi\u00f3n de Igualdad de G\u00e9nero, Wendy\nBrice\u00f1o Zuloaga, para que intervengan de forma inmediata.<\/p>\n\n\n\n<figure class=\"wp-block-image\"><img loading=\"lazy\" decoding=\"async\" width=\"960\" height=\"720\" src=\"https:\/\/redsemlac.com\/semmexico\/wp-content\/uploads\/2019\/07\/REFUGIO-1.jpeg\" alt=\"\" class=\"wp-image-9524\"\/><\/figure>\n\n\n\n<p class=\"wp-block-paragraph\">SEM\/pb\/sj<\/p>\n","protected":false},"excerpt":{"rendered":"<p>En Juchit\u00e1n se sostienen con la venta de productos tradicionales.<\/p>\n","protected":false},"author":3,"featured_media":9525,"comment_status":"open","ping_status":"open","sticky":false,"template":"","format":"standard","meta":{"_monsterinsights_skip_tracking":false,"footnotes":""},"categories":[690,54],"tags":[],"class_list":["post-9523","post","type-post","status-publish","format-standard","has-post-thumbnail","category-690","category-mujeres"],"_links":{"self":[{"href":"https:\/\/redsemlac.com\/semmexico\/wp-json\/wp\/v2\/posts\/9523","targetHints":{"allow":["GET"]}}],"collection":[{"href":"https:\/\/redsemlac.com\/semmexico\/wp-json\/wp\/v2\/posts"}],"about":[{"href":"https:\/\/redsemlac.com\/semmexico\/wp-json\/wp\/v2\/types\/post"}],"author":[{"embeddable":true,"href":"https:\/\/redsemlac.com\/semmexico\/wp-json\/wp\/v2\/users\/3"}],"replies":[{"embeddable":true,"href":"https:\/\/redsemlac.com\/semmexico\/wp-json\/wp\/v2\/comments?post=9523"}],"version-history":[{"count":0,"href":"https:\/\/redsemlac.com\/semmexico\/wp-json\/wp\/v2\/posts\/9523\/revisions"}],"wp:featuredmedia":[{"embeddable":true,"href":"https:\/\/redsemlac.com\/semmexico\/wp-json\/wp\/v2\/media\/9525"}],"wp:attachment":[{"href":"https:\/\/redsemlac.com\/semmexico\/wp-json\/wp\/v2\/media?parent=9523"}],"wp:term":[{"taxonomy":"category","embeddable":true,"href":"https:\/\/redsemlac.com\/semmexico\/wp-json\/wp\/v2\/categories?post=9523"},{"taxonomy":"post_tag","embeddable":true,"href":"https:\/\/redsemlac.com\/semmexico\/wp-json\/wp\/v2\/tags?post=9523"}],"curies":[{"name":"wp","href":"https:\/\/api.w.org\/{rel}","templated":true}]}}