{"id":95219,"date":"2025-05-12T10:37:56","date_gmt":"2025-05-12T16:37:56","guid":{"rendered":"https:\/\/redsemlac.com\/semmexico\/?p=95219"},"modified":"2025-05-12T10:37:58","modified_gmt":"2025-05-12T16:37:58","slug":"opinion-misterio-en-caracas-giro-en-venezuela","status":"publish","type":"post","link":"https:\/\/redsemlac.com\/semmexico\/opinion-misterio-en-caracas-giro-en-venezuela\/","title":{"rendered":"Opini\u00f3n| Misterio en Caracas, giro en Venezuela"},"content":{"rendered":"\n<p class=\"wp-block-paragraph\">Gerardo Arreola*<\/p>\n\n\n\n<p class=\"wp-block-paragraph\">SemM\u00e9xico. Cd. de M\u00e9xico, 12 de mayo, 2025.- Cuando gran parte del mundo esperaba un nuevo Papa y Nicol\u00e1s Maduro iba a firmar en Mosc\u00fa la mayor alianza entre Rusia y un pa\u00eds latinoamericano, un extra\u00f1o episodio culminaba en Venezuela.<\/p>\n\n\n\n<p class=\"wp-block-paragraph\">Poco se supo de inmediato sobre el suceso que involucr\u00f3, al menos, a cuatro gobiernos del continente y deriv\u00f3 en la salida del pa\u00eds de cuatro opositores que estaban varados hac\u00eda 14 meses en la embajada argentina en Caracas.<\/p>\n\n\n\n<p class=\"wp-block-paragraph\">Asilados en la embajada argentina en Caracas: Magalli Meda, Claudia Macero, Pedro Urruchurtu, Humberto Villalobos y Omar Gonz\u00e1lez. Foto Comando con Venezuela<\/p>\n\n\n\n<p class=\"wp-block-paragraph\">Maduro viol\u00f3 el derecho de asilo en ese tiempo. Si el desenlace fue mediante una acci\u00f3n de fuerza, hubo una violaci\u00f3n adicional a la inmunidad diplom\u00e1tica.<\/p>\n\n\n\n<p class=\"wp-block-paragraph\">Las versiones de los hechos son contradictorias y, hasta ahora, pueden resumirse as\u00ed:<\/p>\n\n\n\n<p class=\"wp-block-paragraph\"><strong>-Estados Unidos<\/strong>. Martes 6 de mayo de 2025. El secretario de Estado, Marco Rubio,&nbsp;<a href=\"https:\/\/www.blogger.com\/blog\/post\/edit\/5528200997837806301\/112490783468967107\" target=\"_blank\" rel=\"noreferrer noopener\">dice en X<\/a>&nbsp;que hubo un \u201cexitoso rescate\u201d, tras una \u201coperaci\u00f3n precisa\u201d y que todos los \u201crehenes\u201d estaban en territorio estadunidense. Agradece al \u201cpersonal\u201d y a \u201cnuestros socios\u201d que intervinieron.<\/p>\n\n\n\n<p class=\"wp-block-paragraph\"><strong>-Argentina<\/strong>. Martes 6. En un comunicado, la Oficina del Presidente Javier Milei dice que por una \u201cexitosa operaci\u00f3n\u201d (\u2026) \u201clos cinco (sic) venezolanos refugiados\u201d (\u2026) fueron \u201cextra\u00eddos exitosamente de Caracas y trasladados a suelo estadounidense\u201d. Agradece \u201ca todos los involucrados y especialmente\u201d a Rubio. El gobierno agradece \u201clos esfuerzos realizados para garantizar la seguridad y el bienestar\u201d de los ocupantes de la misi\u00f3n.<\/p>\n\n\n\n<p class=\"wp-block-paragraph\"><strong>-Brasil.<\/strong>&nbsp;Mi\u00e9rcoles 7. En una nota oficial, la canciller\u00eda, que estaba a cargo de los intereses argentinos desde agosto de 2024, dice que \u201ctuvo conocimiento, en la noche de ayer, de la salida\u201d de los opositores. Que \u201crealiz\u00f3 gestiones cotidianas ante el gobierno venezolano para asegurar que se atendieran las necesidades b\u00e1sicas\u201d en la sede. Que busc\u00f3 soluciones por v\u00edas diplom\u00e1ticas desde abril de 2024. Que hizo \u201cnumerosas gestiones, al m\u00e1s alto nivel\u201d para obtener salvoconductos, pero fueron desatendidas. Que \u201cel anuncio de la salida pone fin a este episodio\u201d.<\/p>\n\n\n\n<p class=\"wp-block-paragraph\"><strong>-Venezuela<\/strong>. Mi\u00e9rcoles 7. El ministro del Interior, Diosdado Cabello, dice en su&nbsp;programa semanal de televisi\u00f3n que hubo una \u201cnegociaci\u00f3n\u201d para que salieran los opositores y que incluy\u00f3 el viaje a Bogot\u00e1, el lunes 5, de Corina Parisca, madre de la ex candidata presidencial, Mar\u00eda Corina Machado. Informa que una de las asiladas originales, Claudia Macero, hab\u00eda salido en agosto de 2024.<\/p>\n\n\n\n<p class=\"wp-block-paragraph\"><strong>-Oposici\u00f3n<\/strong>. Mi\u00e9rcoles 7. El &nbsp;<a href=\"https:\/\/www.blogger.com\/blog\/post\/edit\/5528200997837806301\/112490783468967107\" target=\"_blank\" rel=\"noreferrer noopener\">Comando con Venezuela, de Machado, dice<\/a>&nbsp;que los asilados \u201chan llegado sanos y salvos a suelo estadunidense\u201d.<\/p>\n\n\n\n<p class=\"wp-block-paragraph\">Jueves 8. En una&nbsp;<a href=\"https:\/\/www.blogger.com\/blog\/post\/edit\/5528200997837806301\/112490783468967107\" target=\"_blank\" rel=\"noreferrer noopener\">entrevista por internet<\/a>, Machado dice que fue una \u201coperaci\u00f3n ejecutada a la perfecci\u00f3n\u201d. Confirma que su madre sali\u00f3 del pa\u00eds y que Macero se hab\u00eda ido de la embajada el a\u00f1o pasado.<\/p>\n\n\n\n<figure class=\"wp-block-image size-full\"><a href=\"https:\/\/redsemlac.com\/semmexico\/wp-content\/uploads\/2025\/05\/Misterio-en-caracas-02.png\"><img loading=\"lazy\" decoding=\"async\" width=\"700\" height=\"376\" src=\"https:\/\/redsemlac.com\/semmexico\/wp-content\/uploads\/2025\/05\/Misterio-en-caracas-02.png\" alt=\"\" class=\"wp-image-95222\" srcset=\"https:\/\/redsemlac.com\/semmexico\/wp-content\/uploads\/2025\/05\/Misterio-en-caracas-02.png 700w, https:\/\/redsemlac.com\/semmexico\/wp-content\/uploads\/2025\/05\/Misterio-en-caracas-02-300x161.png 300w, https:\/\/redsemlac.com\/semmexico\/wp-content\/uploads\/2025\/05\/Misterio-en-caracas-02-150x81.png 150w, https:\/\/redsemlac.com\/semmexico\/wp-content\/uploads\/2025\/05\/Misterio-en-caracas-02-696x374.png 696w\" sizes=\"auto, (max-width: 700px) 100vw, 700px\" \/><\/a><\/figure>\n\n\n\n<p class=\"wp-block-paragraph\"><strong>La bandera de Brasil ondea en la sede de la embajada de Argentina en Caracas. Foto tomada de&nbsp;<\/strong><a href=\"http:\/\/www.bbc.com\/\" target=\"_blank\" rel=\"noreferrer noopener\"><strong>www.bbc.com<\/strong><\/a><\/p>\n\n\n\n<p class=\"wp-block-paragraph\">El abanico de relatos s\u00f3lo coincide en un punto: los opositores est\u00e1n fuera de la embajada, que, hasta el momento de los hechos, era un lugar sumamente vigilado.<\/p>\n\n\n\n<p class=\"wp-block-paragraph\">El 20 de marzo de 2024, seis integrantes del primer c\u00edrculo de Machado, perseguidos por Maduro, entraron a la embajada a pedir asilo. Uno del grupo, Fernando Mart\u00ednez Mottola, sali\u00f3 en diciembre de ese a\u00f1o y muri\u00f3 en febrero pasado. Con la ahora confirmada salida de Macero, quedaron cuatro.<\/p>\n\n\n\n<p class=\"wp-block-paragraph\">El caso entr\u00f3 desde el principio en una imparable espiral de conflicto. Maduro rehus\u00f3 reconocer el asilo, Milei retir\u00f3 a su personal diplom\u00e1tico y las fuerzas de seguridad venezolanas montaron un cerco al edificio. Los asilados se quejaron de cortes en los servicios b\u00e1sicos.<\/p>\n\n\n\n<p class=\"wp-block-paragraph\">Parad\u00f3jicamente, fue en Caracas donde, en 1954, la Organizaci\u00f3n de Estados Americanos suscribi\u00f3 la vigente Convenci\u00f3n sobre Asilo Diplom\u00e1tico, que prev\u00e9 claramente que es el Estado asilante el que califica cada caso.<\/p>\n\n\n\n<p class=\"wp-block-paragraph\">Maduro viol\u00f3 la Convenci\u00f3n y el derecho de asilo al negarse a reconocer el beneficio ya otorgado por Argentina. En el fondo fue la misma decisi\u00f3n que tom\u00f3 Daniel Noboa, para despu\u00e9s ordenar el asalto a la embajada mexicana, el 5 de abril de 2024, y secuestrar al ex vicepresidente Jorge Glas, entonces asilado.<\/p>\n\n\n\n<p class=\"wp-block-paragraph\">Encima del atropello al asilo se produjo un giro inesperado en el caso -acci\u00f3n de fuerza o negociaci\u00f3n-, que ahora permite que Argentina pueda remontar la situaci\u00f3n en su embajada; que Brasil se quite un fardo de encima y que Venezuela liquide un foco de tensi\u00f3n que parec\u00eda irresoluble.<\/p>\n\n\n\n<p class=\"wp-block-paragraph\">Al mismo tiempo, Estados Unidos sugiere que ejecut\u00f3 una acci\u00f3n de fuerza en el pa\u00eds que acaba de suscribir con Rusia un pacto estrat\u00e9gico, con garant\u00edas mutuas de defensa, como parte de \u201cla seguridad regional y mundial\u201d.<\/p>\n\n\n\n<figure class=\"wp-block-image size-full\"><a href=\"https:\/\/redsemlac.com\/semmexico\/wp-content\/uploads\/2025\/05\/Gerardo-Arreola.jpg\"><img loading=\"lazy\" decoding=\"async\" width=\"48\" height=\"48\" src=\"https:\/\/redsemlac.com\/semmexico\/wp-content\/uploads\/2025\/05\/Gerardo-Arreola.jpg\" alt=\"\" class=\"wp-image-95220\"\/><\/a><\/figure>\n\n\n\n<p class=\"wp-block-paragraph\">Periodista mexicano. Autor de \u2018Cuba. El futuro a debate\u2019. M\u00e9xico, CA, Caribe y temas globales que pasan por este cruce de caminos. Twitter: @GerardoArreola<\/p>\n\n\n\n<p class=\"wp-block-paragraph\">*Publicado originalmente por La Jornada en l\u00ednea.<\/p>\n","protected":false},"excerpt":{"rendered":"<p>Gerardo Arreola* SemM\u00e9xico. Cd. de M\u00e9xico, 12 de mayo, 2025.- Cuando gran parte del mundo esperaba un nuevo Papa y Nicol\u00e1s Maduro iba a firmar en Mosc\u00fa la mayor alianza entre Rusia y un pa\u00eds latinoamericano, un extra\u00f1o episodio culminaba en Venezuela. Poco se supo de inmediato sobre el suceso que involucr\u00f3, al menos, a [&hellip;]<\/p>\n","protected":false},"author":3,"featured_media":95221,"comment_status":"open","ping_status":"open","sticky":false,"template":"","format":"standard","meta":{"_monsterinsights_skip_tracking":false,"footnotes":""},"categories":[82,110,35],"tags":[],"class_list":["post-95219","post","type-post","status-publish","format-standard","has-post-thumbnail","category-la-opinion","category-la-opinion-columnas","category-opinion"],"_links":{"self":[{"href":"https:\/\/redsemlac.com\/semmexico\/wp-json\/wp\/v2\/posts\/95219","targetHints":{"allow":["GET"]}}],"collection":[{"href":"https:\/\/redsemlac.com\/semmexico\/wp-json\/wp\/v2\/posts"}],"about":[{"href":"https:\/\/redsemlac.com\/semmexico\/wp-json\/wp\/v2\/types\/post"}],"author":[{"embeddable":true,"href":"https:\/\/redsemlac.com\/semmexico\/wp-json\/wp\/v2\/users\/3"}],"replies":[{"embeddable":true,"href":"https:\/\/redsemlac.com\/semmexico\/wp-json\/wp\/v2\/comments?post=95219"}],"version-history":[{"count":0,"href":"https:\/\/redsemlac.com\/semmexico\/wp-json\/wp\/v2\/posts\/95219\/revisions"}],"wp:featuredmedia":[{"embeddable":true,"href":"https:\/\/redsemlac.com\/semmexico\/wp-json\/wp\/v2\/media\/95221"}],"wp:attachment":[{"href":"https:\/\/redsemlac.com\/semmexico\/wp-json\/wp\/v2\/media?parent=95219"}],"wp:term":[{"taxonomy":"category","embeddable":true,"href":"https:\/\/redsemlac.com\/semmexico\/wp-json\/wp\/v2\/categories?post=95219"},{"taxonomy":"post_tag","embeddable":true,"href":"https:\/\/redsemlac.com\/semmexico\/wp-json\/wp\/v2\/tags?post=95219"}],"curies":[{"name":"wp","href":"https:\/\/api.w.org\/{rel}","templated":true}]}}