{"id":95201,"date":"2025-05-09T19:08:46","date_gmt":"2025-05-10T01:08:46","guid":{"rendered":"https:\/\/redsemlac.com\/semmexico\/?p=95201"},"modified":"2025-05-09T19:08:47","modified_gmt":"2025-05-10T01:08:47","slug":"marcha-este-10-de-mayo-de-las-madres-buscadoras-en-cdmx","status":"publish","type":"post","link":"https:\/\/redsemlac.com\/semmexico\/marcha-este-10-de-mayo-de-las-madres-buscadoras-en-cdmx\/","title":{"rendered":"Marcha este 10 de mayo de las Madres Buscadoras en CDMX"},"content":{"rendered":"\n<p class=\"wp-block-paragraph\"><strong>Reconoce ONUDH el esfuerzo y dedicaci\u00f3n de las buscadoras<\/strong><\/p>\n\n\n\n<p class=\"wp-block-paragraph\">Elda Montiel<\/p>\n\n\n\n<p class=\"wp-block-paragraph\">SemM\u00e9xico. Ciudad de M\u00e9xico. 9 de mayo 2025.- Las madres buscadoras no se rinden y este s\u00e1bado marchar\u00e1n, a partir de las 10 de la ma\u00f1ana&nbsp; del Monumento a la Madre al \u00c1ngel de la Independencia, que es la&nbsp; XIII Marcha de la Dignidad Nacional Madres Buscando a sus Hijos, Hijas, Verdad y Justicia y, una noche antes, este viernes har\u00e1n&nbsp; una velada en honor a las buscadoras que ya no est\u00e1n.<\/p>\n\n\n\n<p class=\"wp-block-paragraph\">De acuerdo con la convocatoria difundida en redes sociales, por los colectivos, familiares de personas desaparecidas y organizaciones convocaron a la marcha bajo el lema \u201clas madres llegar\u00e1n a la verdad\u201d para exigir la b\u00fasqueda y localizaci\u00f3n de sus seres queridos.<\/p>\n\n\n\n<p class=\"wp-block-paragraph\">Asimismo, Amnist\u00eda Internacional acompa\u00f1a a las madres para hacerse eco de sus demandas.<\/p>\n\n\n\n<p class=\"wp-block-paragraph\">Oficialmente el gobierno federal reconoce hasta mayo del 2024 a 127 mil 903 personas desaparecidas&nbsp; y no localizadas en el pa\u00eds de acuerdo con la Comisi\u00f3n Nacional de B\u00fasqueda (CNB).<\/p>\n\n\n\n<p class=\"wp-block-paragraph\">A partir del 17 de marzo la presidenta Claudia Sheinbaum Pardo anunci\u00f3 una serie de acciones para atender la crisis de desapariciones en M\u00e9xico, entre las que est\u00e1n fortalecer a la Comisi\u00f3n Nacional de B\u00fasqueda (CNB) y equiparar el delito de desaparici\u00f3n al de secuestro, as\u00ed como homologar las penas en una iniciativa de reformas a la Ley General en Materia de Desaparici\u00f3n Forzada de Personas.<\/p>\n\n\n\n<p class=\"wp-block-paragraph\">Llevan ocho mesas de di\u00e1logo entre la Secretaria de Gobernaci\u00f3n y algunos colectivos de madres de buscadoras, porque no a todos se est\u00e1 incluyendo denunci\u00f3 V\u00edctimas Unidas que representa a 40 colectivos de b\u00fasqueda de desaparecidos, pero no han contemplado&nbsp;&nbsp; una metodolog\u00eda clara para incorporar las observaciones de las familias a la iniciativa&nbsp; presidencial.<\/p>\n\n\n\n<figure class=\"wp-block-image size-large\"><a href=\"https:\/\/redsemlac.com\/semmexico\/wp-content\/uploads\/2025\/05\/marcha-madres-cdmx-02.png\"><img loading=\"lazy\" decoding=\"async\" width=\"819\" height=\"1024\" src=\"https:\/\/redsemlac.com\/semmexico\/wp-content\/uploads\/2025\/05\/marcha-madres-cdmx-02-819x1024.png\" alt=\"\" class=\"wp-image-95203\" srcset=\"https:\/\/redsemlac.com\/semmexico\/wp-content\/uploads\/2025\/05\/marcha-madres-cdmx-02-819x1024.png 819w, https:\/\/redsemlac.com\/semmexico\/wp-content\/uploads\/2025\/05\/marcha-madres-cdmx-02-240x300.png 240w, https:\/\/redsemlac.com\/semmexico\/wp-content\/uploads\/2025\/05\/marcha-madres-cdmx-02-768x961.png 768w, https:\/\/redsemlac.com\/semmexico\/wp-content\/uploads\/2025\/05\/marcha-madres-cdmx-02-150x188.png 150w, https:\/\/redsemlac.com\/semmexico\/wp-content\/uploads\/2025\/05\/marcha-madres-cdmx-02-300x375.png 300w, https:\/\/redsemlac.com\/semmexico\/wp-content\/uploads\/2025\/05\/marcha-madres-cdmx-02-696x871.png 696w, https:\/\/redsemlac.com\/semmexico\/wp-content\/uploads\/2025\/05\/marcha-madres-cdmx-02.png 929w\" sizes=\"auto, (max-width: 819px) 100vw, 819px\" \/><\/a><\/figure>\n\n\n\n<p class=\"wp-block-paragraph\"><strong>Reconocimiento de ONU DH<\/strong><\/p>\n\n\n\n<p class=\"wp-block-paragraph\">Por otra parte, la oficina en M\u00e9xico del Alto Comisionado de las Naciones Unidas para los Derechos Humanos (ONU-DH)&nbsp; reconoci\u00f3, en un comunicado,&nbsp; a las madres buscadoras&nbsp;&nbsp; por su fuerza y organizaci\u00f3n, que evidencia el amor que sienten hacia sus descendientes. Asimismo, reconoci\u00f3 a los hijos e hijas que buscan a sus madres desaparecidas.<\/p>\n\n\n\n<p class=\"wp-block-paragraph\">Adem\u00e1s anim\u00f3 a la sociedad a sumarse de forma activa, emp\u00e1tica y respetuosa a las distintas movilizaciones que se llevar\u00e1n a cabo a lo largo del pa\u00eds, pero sobre todo, a solidarizarse con la labor diaria de las madres buscadoras \u201cen pro de un pa\u00eds donde la desaparici\u00f3n de personas haya sido desterrada\u201d.<\/p>\n\n\n\n<p class=\"wp-block-paragraph\">\u201cDestacamos la fuerza de las madres buscadoras, quienes han enfrentado m\u00faltiples barreras y se han organizado para visibilizar el amor hacia sus hijos e hijas\u201d.\u201c En su incansable caminar, han realizado b\u00fasquedas, exigido justicia, reivindicado la verdad, preservado la memoria, propuesto agendas p\u00fablicas, entablado di\u00e1logos, tejido alianzas, reclamado sus leg\u00edtimos derechos y externado, con firmeza y esperanza, el deseo de que nadie m\u00e1s experimente su sufrimiento\u201d.<\/p>\n\n\n\n<p class=\"wp-block-paragraph\">El organismo record\u00f3 que esta fecha ha sido \u00abresignificada\u00bb por las personas que buscan a sus familiares desaparecidos, manifestando que \u00abes indispensable\u00bb que las autoridades \u00abescuchen y atiendan\u00bb la voz de quienes claman la verdad y justicia y que la sociedad se sensibilice y se solidarice con la causa de las madres buscadoras.<strong> <\/strong><strong><\/strong><\/p>\n\n\n\n<figure class=\"wp-block-image size-full\"><a href=\"https:\/\/redsemlac.com\/semmexico\/wp-content\/uploads\/2025\/05\/marcha-madres-cdmx-03.png\"><img loading=\"lazy\" decoding=\"async\" width=\"600\" height=\"750\" src=\"https:\/\/redsemlac.com\/semmexico\/wp-content\/uploads\/2025\/05\/marcha-madres-cdmx-03.png\" alt=\"\" class=\"wp-image-95204\" srcset=\"https:\/\/redsemlac.com\/semmexico\/wp-content\/uploads\/2025\/05\/marcha-madres-cdmx-03.png 600w, https:\/\/redsemlac.com\/semmexico\/wp-content\/uploads\/2025\/05\/marcha-madres-cdmx-03-240x300.png 240w, https:\/\/redsemlac.com\/semmexico\/wp-content\/uploads\/2025\/05\/marcha-madres-cdmx-03-150x188.png 150w, https:\/\/redsemlac.com\/semmexico\/wp-content\/uploads\/2025\/05\/marcha-madres-cdmx-03-300x375.png 300w\" sizes=\"auto, (max-width: 600px) 100vw, 600px\" \/><\/a><\/figure>\n\n\n\n<p class=\"wp-block-paragraph\">La ONU-DH destac\u00f3 que la presidenta de M\u00e9xico, Claudia Sheinbaum Pardo, haya calificado la problem\u00e1tica de la desaparici\u00f3n como una \u201cprioridad\u201d y se haya comprometido a fortalecer el marco normativo e institucional en la materia, adem\u00e1s de aperturar el di\u00e1logo entre las autoridades y las familias<strong>.<\/strong><\/p>\n\n\n\n<p class=\"wp-block-paragraph\"><strong>Colectivas que convocan<\/strong><\/p>\n\n\n\n<p class=\"wp-block-paragraph\">Colectivo de Familias de Guanajuato<\/p>\n\n\n\n<p class=\"wp-block-paragraph\">Colectivo Familias Unidas por la Verdad y la Justicia, en Ciudad Ju\u00e1rez<\/p>\n\n\n\n<p class=\"wp-block-paragraph\">Colectivo Justicia y Esperanza<\/p>\n\n\n\n<p class=\"wp-block-paragraph\">Desaparecidos Justicia de Quer\u00e9taro, A. C.<\/p>\n\n\n\n<p class=\"wp-block-paragraph\">Familiares acompa\u00f1ados por el CEDEHM, en Chihuahua<\/p>\n\n\n\n<p class=\"wp-block-paragraph\">Fuerzas Unidas por Nuestros Desaparecidos en Coahuila y en M\u00e9xico (FUNDEC-<\/p>\n\n\n\n<p class=\"wp-block-paragraph\">FUNDEM)<\/p>\n\n\n\n<p class=\"wp-block-paragraph\">Fuerzas Unidas por Nuestros Desaparecidos en Nuevo Le\u00f3n (FUNDENL)<\/p>\n\n\n\n<p class=\"wp-block-paragraph\">Hijos por la Identidad y la Justicia contra el Olvido y el Silencio, H.I.J.O.S. M\u00e9xico<\/p>\n\n\n\n<p class=\"wp-block-paragraph\">Casa del Migrante Saltillo<\/p>\n\n\n\n<p class=\"wp-block-paragraph\">Centro de Derechos Humanos de las Mujeres (CEDEHM), en Chihuahua<\/p>\n\n\n\n<p class=\"wp-block-paragraph\">Centro para los Derechos Humanos Fray Juan de Larios, en Saltillo<\/p>\n\n\n\n<p class=\"wp-block-paragraph\">Centro de Derechos Humanos Paso del Norte (CDHPN), en Ciudad Ju\u00e1rez<\/p>\n","protected":false},"excerpt":{"rendered":"<p>Reconoce ONUDH el esfuerzo y dedicaci\u00f3n de las buscadoras Elda Montiel SemM\u00e9xico. Ciudad de M\u00e9xico. 9 de mayo 2025.- Las madres buscadoras no se rinden y este s\u00e1bado marchar\u00e1n, a partir de las 10 de la ma\u00f1ana&nbsp; del Monumento a la Madre al \u00c1ngel de la Independencia, que es la&nbsp; XIII Marcha de la Dignidad [&hellip;]<\/p>\n","protected":false},"author":3,"featured_media":95202,"comment_status":"open","ping_status":"open","sticky":false,"template":"","format":"standard","meta":{"_monsterinsights_skip_tracking":false,"footnotes":""},"categories":[694,903],"tags":[],"class_list":["post-95201","post","type-post","status-publish","format-standard","has-post-thumbnail","category-destacadas","category-presidenta-y-mas"],"_links":{"self":[{"href":"https:\/\/redsemlac.com\/semmexico\/wp-json\/wp\/v2\/posts\/95201","targetHints":{"allow":["GET"]}}],"collection":[{"href":"https:\/\/redsemlac.com\/semmexico\/wp-json\/wp\/v2\/posts"}],"about":[{"href":"https:\/\/redsemlac.com\/semmexico\/wp-json\/wp\/v2\/types\/post"}],"author":[{"embeddable":true,"href":"https:\/\/redsemlac.com\/semmexico\/wp-json\/wp\/v2\/users\/3"}],"replies":[{"embeddable":true,"href":"https:\/\/redsemlac.com\/semmexico\/wp-json\/wp\/v2\/comments?post=95201"}],"version-history":[{"count":0,"href":"https:\/\/redsemlac.com\/semmexico\/wp-json\/wp\/v2\/posts\/95201\/revisions"}],"wp:featuredmedia":[{"embeddable":true,"href":"https:\/\/redsemlac.com\/semmexico\/wp-json\/wp\/v2\/media\/95202"}],"wp:attachment":[{"href":"https:\/\/redsemlac.com\/semmexico\/wp-json\/wp\/v2\/media?parent=95201"}],"wp:term":[{"taxonomy":"category","embeddable":true,"href":"https:\/\/redsemlac.com\/semmexico\/wp-json\/wp\/v2\/categories?post=95201"},{"taxonomy":"post_tag","embeddable":true,"href":"https:\/\/redsemlac.com\/semmexico\/wp-json\/wp\/v2\/tags?post=95201"}],"curies":[{"name":"wp","href":"https:\/\/api.w.org\/{rel}","templated":true}]}}