{"id":9520,"date":"2019-07-05T00:31:26","date_gmt":"2019-07-05T00:31:26","guid":{"rendered":"https:\/\/redsemlac.com\/semmexico\/?p=9520"},"modified":"2023-07-21T14:50:10","modified_gmt":"2023-07-21T19:50:10","slug":"inicia-ss-de-guerrero-investigacion-a-personal-del-semefo","status":"publish","type":"post","link":"https:\/\/redsemlac.com\/semmexico\/inicia-ss-de-guerrero-investigacion-a-personal-del-semefo\/","title":{"rendered":"Inicia SS de Guerrero investigaci\u00f3n a personal del Semefo"},"content":{"rendered":"\n<p class=\"wp-block-paragraph\"><strong><em>* Dar\u00e1 vista a la Fiscal\u00eda General del Estado<\/em><\/strong><\/p>\n\n\n\n<p class=\"wp-block-paragraph\"><strong><em>* Por filtraci\u00f3n de fotograf\u00eda de una mujer que fue asesinada.<\/em><\/strong><\/p>\n\n\n\n<p class=\"wp-block-paragraph\"><strong>Josefina Aguilar Pastor<\/strong> <\/p>\n\n\n\n<p class=\"wp-block-paragraph\">SemM\u00e9xico, Chilpancingo, Gro., 4 julio 2019.-&nbsp; La Secretar\u00eda de Salud inform\u00f3 que dar\u00e1 vista\na la Contralor\u00eda Interna de la dependencia y dar\u00e1 parte a la Fiscal\u00eda General\ndel Estado (FGE) para identificar y deslindar responsabilidades de la persona o\npersonas del Servicio M\u00e9dico Forense (Semefo), filtraron fotograf\u00edas del\ncad\u00e1ver de una mujer asesinada.<\/p>\n\n\n\n<p class=\"wp-block-paragraph\">Lo anterior en respuesta a la exigencia planteada por\nfeministas que demandaron destituir al o los servidores p\u00fablicos del Semefo que\nfiltraron a trav\u00e9s de redes sociales y whatsapp fotograf\u00edas de Mar\u00eda Guadalupe\nM.B., cuyo cuerpo fue encontrado sin vida la ma\u00f1ana del domingo 30 de junio.<\/p>\n\n\n\n<p class=\"wp-block-paragraph\">En un comunicado, la dependencia dio a conocer las\nmedidas tomadas y el inicio de las investigaciones correspondientes para\nidentificar a la persona o personas responsables de la publicaci\u00f3n de la\nfotograf\u00eda.<\/p>\n\n\n\n<p class=\"wp-block-paragraph\">Seg\u00fan indica, tambi\u00e9n dar\u00e1 vista a la contralor\u00eda Interna\nde la misma dependencia, a fin de deslindar responsabilidades,&nbsp; y presentar\u00eda la denuncia correspondiente\nante la FGE.<\/p>\n\n\n\n<p class=\"wp-block-paragraph\">Yolitzin Jaimes Rend\u00f3n, representante de la organizaci\u00f3n \u201cLas\nRevueltas\u201d, consider\u00f3 que el gobierno del Estado, debe hacer mayor hincapi\u00e9 en\nla capacitaci\u00f3n con perspectiva de g\u00e9nero de sus servidoras y servidores\np\u00fablicos; refiri\u00f3 que distintas dependencias se ufanan a trav\u00e9s de los medios\nde comunicaci\u00f3n, de supuestos talleres y cursos impartidos a su personal, pero\nacciones como \u00e9stas, evidencian que solo es simulaci\u00f3n.<\/p>\n\n\n\n<p class=\"wp-block-paragraph\">Refiri\u00f3 que estos patrones de conducta se repiten por\ndistintas rezones, entre ellas, insisti\u00f3, la falta de capacitaci\u00f3n y\nsensibilizaci\u00f3n, pero tambi\u00e9n por no aplicar sanciones ejemplares en contra de\nquienes las comenten; record\u00f3 que este es el segundo caso que se conoce de\nmanera p\u00fablica de servidores p\u00fablicos que publican este tipo de fotos, y en el\nprimero coment\u00f3, no se conocieron las sanciones aplicadas a los responsables.<\/p>\n\n\n\n<p class=\"wp-block-paragraph\">\u201cEl problema es que la violencia contra las mujeres sigue\nsiendo secundario para las autoridades, y la impunidad permite la repetici\u00f3n de\nla violencia en contra de las mujeres\u201d, acus\u00f3.<\/p>\n\n\n\n<p class=\"wp-block-paragraph\">SEM\/jap\/sj<\/p>\n","protected":false},"excerpt":{"rendered":"<p>Por filtraci\u00f3n de fotograf\u00eda de una mujer que fue asesinada.<\/p>\n","protected":false},"author":3,"featured_media":9521,"comment_status":"open","ping_status":"open","sticky":false,"template":"","format":"standard","meta":{"_monsterinsights_skip_tracking":false,"footnotes":""},"categories":[690,51],"tags":[],"class_list":["post-9520","post","type-post","status-publish","format-standard","has-post-thumbnail","category-690","category-ejecutivo"],"_links":{"self":[{"href":"https:\/\/redsemlac.com\/semmexico\/wp-json\/wp\/v2\/posts\/9520","targetHints":{"allow":["GET"]}}],"collection":[{"href":"https:\/\/redsemlac.com\/semmexico\/wp-json\/wp\/v2\/posts"}],"about":[{"href":"https:\/\/redsemlac.com\/semmexico\/wp-json\/wp\/v2\/types\/post"}],"author":[{"embeddable":true,"href":"https:\/\/redsemlac.com\/semmexico\/wp-json\/wp\/v2\/users\/3"}],"replies":[{"embeddable":true,"href":"https:\/\/redsemlac.com\/semmexico\/wp-json\/wp\/v2\/comments?post=9520"}],"version-history":[{"count":0,"href":"https:\/\/redsemlac.com\/semmexico\/wp-json\/wp\/v2\/posts\/9520\/revisions"}],"wp:featuredmedia":[{"embeddable":true,"href":"https:\/\/redsemlac.com\/semmexico\/wp-json\/wp\/v2\/media\/9521"}],"wp:attachment":[{"href":"https:\/\/redsemlac.com\/semmexico\/wp-json\/wp\/v2\/media?parent=9520"}],"wp:term":[{"taxonomy":"category","embeddable":true,"href":"https:\/\/redsemlac.com\/semmexico\/wp-json\/wp\/v2\/categories?post=9520"},{"taxonomy":"post_tag","embeddable":true,"href":"https:\/\/redsemlac.com\/semmexico\/wp-json\/wp\/v2\/tags?post=9520"}],"curies":[{"name":"wp","href":"https:\/\/api.w.org\/{rel}","templated":true}]}}