{"id":95169,"date":"2025-05-09T16:08:37","date_gmt":"2025-05-09T22:08:37","guid":{"rendered":"https:\/\/redsemlac.com\/semmexico\/?p=95169"},"modified":"2025-05-09T16:08:38","modified_gmt":"2025-05-09T22:08:38","slug":"entresemana-partido-de-galleros","status":"publish","type":"post","link":"https:\/\/redsemlac.com\/semmexico\/entresemana-partido-de-galleros\/","title":{"rendered":"Entresemana| \u00bfPartido de galleros?"},"content":{"rendered":"\n<p class=\"wp-block-paragraph\"><strong>\u201cNo merece la pena de llorar porque te vas\u2026\u201d Gloria Lasso<\/strong><\/p>\n\n\n\n<p class=\"wp-block-paragraph\"><strong>Mois\u00e9s S\u00e1nchez Lim\u00f3n<\/strong><strong><\/strong><\/p>\n\n\n\n<p class=\"wp-block-paragraph\">SemM\u00e9xico, Cd. de M\u00e9xico, 9 de mayo, 2025.- No hay duda: segundas partes nunca han sido mejores. Ah\u00ed tiene usted a la reencarnaci\u00f3n de lo m\u00e1s rancio del PRI y del PRD en Morena.<\/p>\n\n\n\n<p class=\"wp-block-paragraph\">\u00a1Vaya, partidazo! No madura y se convulsiona en la hoguera de las vanidades.<\/p>\n\n\n\n<p class=\"wp-block-paragraph\">\u00bfEsa es la opci\u00f3n por la que votaron 36 millones de ciudadanos mexicanos en la elecci\u00f3n presidencial del a\u00f1o pasado, 2024, en refrendo de la de 2018?<\/p>\n\n\n\n<p class=\"wp-block-paragraph\">Se agarran a madrazos y desgastan famas en la discrepancia y la lucha por el poder, la temprana sucesi\u00f3n en la que el ex priista Ad\u00e1n Augusto L\u00f3pez Hern\u00e1ndez asume el papel de jefe de jefes en el Senado de la Rep\u00fablica.<\/p>\n\n\n\n<p class=\"wp-block-paragraph\">\u00bfY Gerardo Fern\u00e1ndez Noro\u00f1a? Disfruta de la fama prestada, en la ruta hacia el cuarto de los cachivaches. Preside el Senado por obra y gracia de la ingeniera Claudia Sheinbaum, s\u00ed, el dizque jefe del morenismo que, entre septiembre de 2024 y mayo de 2025, ya les recet\u00f3 dos dec\u00e1logos para que se porten bien y no anden generando rumores y malquerencias por sus lujos y excentricidades que criticaban a los de antes.<\/p>\n\n\n\n<p class=\"wp-block-paragraph\">Y la llamada Princesa del Cash, tambi\u00e9n de origen en las juventudes priistas, mantiene su campa\u00f1a en busca de ser gobernadora de Chihuahua, import\u00e1ndola un pito la ley electoral. Es facciosa, de barriobajero talante a quien le provocan prurito periodistas y medios de comunicaci\u00f3n que no le rinden pleites\u00eda.<\/p>\n\n\n\n<p class=\"wp-block-paragraph\">Ni modo, do\u00f1a Andrea. Y\u2026 &nbsp;<\/p>\n\n\n\n<p class=\"wp-block-paragraph\">Se curan en salud, desde los d\u00edas de gloria de Su Alteza Seren\u00edsima en Palacio. Justifican y disculpan errores y excesos de poder. C\u00ednicos e impunes se lavan la cara y aducen no ser iguales a los de antes.<\/p>\n\n\n\n<p class=\"wp-block-paragraph\">La mentira es su divisa y la hipocres\u00eda que endilgan al de enfrente y antecesores varios, les escurre como maquillaje bajo el sol. Mienten como respiran \u2013Andr\u00e9s Manuel dixit&#8211;.<\/p>\n\n\n\n<p class=\"wp-block-paragraph\">\u00a1Ay!, los morenos.<\/p>\n\n\n\n<p class=\"wp-block-paragraph\">He ah\u00ed al panzoncito que anda de bajo perfil y dizque escribe en su oficina de La Chingada pero sus huellas se encuentran hasta en la dicci\u00f3n de la Princesa Caramelo y la burda tarea de descalificar e insultar al opositor.<\/p>\n\n\n\n<p class=\"wp-block-paragraph\">En contraste, la oposici\u00f3n priista y panista anda en busca del Vellocino de Oro. Y mientras el PAN enfrenta la campa\u00f1a del descr\u00e9dito, se alza con figuras combativas, j\u00f3venes que han madurado entre los madrazos de haber perdido importantes plazas en el pa\u00eds y curules y esca\u00f1os en el Congreso de la Uni\u00f3n.<\/p>\n\n\n\n<p class=\"wp-block-paragraph\">\u00a1Al ladr\u00f3n, al ladr\u00f3n!, gritan en Morena y arropan a un pillastre que perdi\u00f3 la honorabilidad futbol\u00edstica como p\u00e9simo mun\u00edcipe de Cuernavaca y peor gobernador de Morelos, hoy acusado por presunto intento de abuso sexual contra su hermanastra m\u00e1s cobijado por el fuero como diputado federal.<\/p>\n\n\n\n<p class=\"wp-block-paragraph\">Y no pasa nada, pero pasa todo.<\/p>\n\n\n\n<p class=\"wp-block-paragraph\">Por ejemplo, el senador Alejandro Murat dice que est\u00e1 en Morena porque lo tratan a toda madre. \u00a1Ching\u00f3n argumento! \u00bfY la ideolog\u00eda y el compromiso partidista? El junior seguro cree que esos son platillos ex\u00f3ticos.<\/p>\n\n\n\n<p class=\"wp-block-paragraph\">Fue distinguido priista, gobernador por el PRI en Oaxaca, diputado federal por el PRI, miembro del gabinete del entonces gobernador priista del Estado de M\u00e9xico, Enrique Pe\u00f1a Nieto, quien lo hizo director del INFONAVIT.<\/p>\n\n\n\n<p class=\"wp-block-paragraph\">Y bueno, bueno, que le digo de otros apellidos de prosapia como los distinguidos Yunes, o Adri\u00e1n Rubalcava Su\u00e1rez, nuevo director del Metro de la Ciudad de M\u00e9xico y etc\u00e9tera y etc\u00e9tera.<\/p>\n\n\n\n<p class=\"wp-block-paragraph\">\u00bfHacen falta nuevos liderazgos pol\u00edticos? \u00bfUn nuevo, o nuevos partidos que refresquen a la competencia dom\u00e9stica?<\/p>\n\n\n\n<p class=\"wp-block-paragraph\">Recordemos que hay una franja que no dio color en la elecci\u00f3n federal. La del abstencionismo, m\u00e1s de 30 millones de ciudadanos, una veta que espera, sin duda, una nueva oferta, mejores opciones de representaci\u00f3n en el Congreso de la Uni\u00f3n, en los gobiernos estatales y municipales.<\/p>\n\n\n\n<p class=\"wp-block-paragraph\">\u00a1Rec\u00f3rcholis, Fern\u00e1ndez Noro\u00f1a!<\/p>\n\n\n\n<p class=\"wp-block-paragraph\">Bueno, pues ah\u00ed tiene usted que ayer jueves 8 de mayo se present\u00f3 en sociedad el&nbsp;<strong>Movimiento por la Soberan\u00eda y Tradici\u00f3n Nacional (MSTN),<\/strong>&nbsp;que cuenta con registro de Agrupaci\u00f3n Pol\u00edtica Nacional y busca ante el INE el registro de Partido Pol\u00edtico Nacional para participar en las elecciones federales intermedias de 2027.<\/p>\n\n\n\n<p class=\"wp-block-paragraph\">Pero, pero\u2026 \u00a1Ah\u00ed le va este trompo a la u\u00f1a!, como dir\u00eda la desaparecida y admirada Mar\u00eda Luisa La China Mendoza.<\/p>\n\n\n\n<p class=\"wp-block-paragraph\">Se trata de una APN integrada pr\u00e1cticamente en su totalidad por galleros, s\u00ed, empresarios criadores y jugadores de gallos, acompa\u00f1ados de amantes y empresarios de la fiesta brava, \u00e9sa que los llamados animalistas quieren finiquitar, pero no aportan soluci\u00f3n a los problemas que ello acarrear\u00eda, como los cientos de miles de empleos directos e indirectos que se perder\u00edan.<\/p>\n\n\n\n<p class=\"wp-block-paragraph\">Tambi\u00e9n hay otros ciudadanos y ciudadanas que se han incorporado a esta organizaci\u00f3n, en busca de la alternativa partidista que represente el inter\u00e9s nacional y no el sectario ni mucho menos aceptan prestarse a simulaciones.<\/p>\n\n\n\n<p class=\"wp-block-paragraph\">Puntadas y barbaridades de Morena han dado pauta a la decepci\u00f3n de muchos ciudadanos que, es posible, pulsen simpatizar e incluso militar en un nuevo partido que impulsan y aspiran a obtener el registro los empresarios galleros.<\/p>\n\n\n\n<p class=\"wp-block-paragraph\">Efra\u00edn R\u00e1bago Echegoyen, es la cabeza visible de la APN, junto con C\u00e9sar Cornejo Castillo, Alberto Obreg\u00f3n Gonz\u00e1lez y \u00c1lvaro L\u00f3pez R\u00edos, dirigente de la UNTA y el m\u00e1s conocido de este grupo.<\/p>\n\n\n\n<p class=\"wp-block-paragraph\">Le dec\u00eda que ayer, en rueda de prensa, informaron del inicio de los trabajos para conformarse en partido pol\u00edtico nacional y puntualizaron que estar\u00e1 comprometido con la salvaguardia de las tradiciones y por la unidad nacional.<\/p>\n\n\n\n<p class=\"wp-block-paragraph\">Efra\u00edn Echegoyen refiri\u00f3 que el MSTN est\u00e1 integrado \u201cpor hombres y mujeres comprometidos con la defensa de nuestra soberan\u00eda y tradiciones que nos dan identidad como naci\u00f3n, que ejercen plenamente sus derechos y obligaciones, guiados por el ideal de una naci\u00f3n cohesionada, en paz y en armon\u00eda\u201d.<\/p>\n\n\n\n<p class=\"wp-block-paragraph\">En la conferencia fueron abiertos y respondieron a todas las preguntas hechas por los colegas. Rechazaron tener respaldo financiero de intereses oscuros y recordaron que todos son empresarios galleros, pero, adem\u00e1s, son profesionistas que se ganan la vida honestamente.<\/p>\n\n\n\n<p class=\"wp-block-paragraph\">R\u00e1bago Echegoyen sostuvo que \u201cno aceptamos acuerdos o apoyos que subordinen nuestra organizaci\u00f3n a partidos pol\u00edticos, entidades nacionales o extranjeras, o a cualquier grupo o individuo prohibido por la ley. Nuestro compromiso es actuar exclusivamente a trav\u00e9s de medios democr\u00e1ticos, pac\u00edficos y respetuosos del marco jur\u00eddico\u201d.<\/p>\n\n\n\n<p class=\"wp-block-paragraph\">Por eso, este grupo de galleros rechaz\u00f3 que vayan a hacer el juego a Morena y sus sat\u00e9lites e incluso criticaron el modus operandi del Partido Verde Ecologista de M\u00e9xico que se asume animalista, pero es oportunista y electorero.<\/p>\n\n\n\n<p class=\"wp-block-paragraph\">\u00bfQu\u00e9 es lo que orienta al MSTN?<\/p>\n\n\n\n<p class=\"wp-block-paragraph\">R\u00e1bago cit\u00f3: \u201cEconom\u00eda humanitaria, sociedad unida y estado fuerte. En materia de econom\u00eda, explic\u00f3 que el movimiento trabaja para establecer una econom\u00eda centrada en la familia y la sociedad, que responda a las necesidades reales del pueblo\u201d.<\/p>\n\n\n\n<p class=\"wp-block-paragraph\">En este tenor, los dirigentes de la APN recordaron que buscan representar a una franja de la poblaci\u00f3n que no tiene ni voz ni voto.<\/p>\n\n\n\n<p class=\"wp-block-paragraph\">Y son galleros, a mucho orgullo, pero igual, le dec\u00eda, tiene a empresarios de la fiesta brava y toreros, como la moreliana Marbella Romero.<\/p>\n\n\n\n<p class=\"wp-block-paragraph\">Interesante conjunci\u00f3n de ideas, tareas y objetivos en busca de la opci\u00f3n partidista que rompa con inercias. Y as\u00ed como va el Corporativo Morena y Asociados, en una de esas los galleros les ganan en la arena. \u00bfA poco no, Drakko? Digo.<\/p>\n\n\n\n<p class=\"wp-block-paragraph\"><a href=\"mailto:sanchezlimon@gmail.com\" target=\"_blank\" rel=\"noreferrer noopener\">sanchezlimon@gmail.com<\/a>&nbsp;&nbsp;<a href=\"http:\/\/www.entresemana.mx\/\" target=\"_blank\" rel=\"noreferrer noopener\">www.entresemana.mx<\/a>&nbsp; @sanchezlimon1<\/p>\n","protected":false},"excerpt":{"rendered":"<p>\u201cNo merece la pena de llorar porque te vas\u2026\u201d Gloria Lasso Mois\u00e9s S\u00e1nchez Lim\u00f3n SemM\u00e9xico, Cd. de M\u00e9xico, 9 de mayo, 2025.- No hay duda: segundas partes nunca han sido mejores. Ah\u00ed tiene usted a la reencarnaci\u00f3n de lo m\u00e1s rancio del PRI y del PRD en Morena. \u00a1Vaya, partidazo! No madura y se convulsiona [&hellip;]<\/p>\n","protected":false},"author":3,"featured_media":41799,"comment_status":"open","ping_status":"open","sticky":false,"template":"","format":"standard","meta":{"_monsterinsights_skip_tracking":false,"footnotes":""},"categories":[105,83,35],"tags":[],"class_list":["post-95169","post","type-post","status-publish","format-standard","has-post-thumbnail","category-entresemana","category-moises-sanchez-limon","category-opinion"],"_links":{"self":[{"href":"https:\/\/redsemlac.com\/semmexico\/wp-json\/wp\/v2\/posts\/95169","targetHints":{"allow":["GET"]}}],"collection":[{"href":"https:\/\/redsemlac.com\/semmexico\/wp-json\/wp\/v2\/posts"}],"about":[{"href":"https:\/\/redsemlac.com\/semmexico\/wp-json\/wp\/v2\/types\/post"}],"author":[{"embeddable":true,"href":"https:\/\/redsemlac.com\/semmexico\/wp-json\/wp\/v2\/users\/3"}],"replies":[{"embeddable":true,"href":"https:\/\/redsemlac.com\/semmexico\/wp-json\/wp\/v2\/comments?post=95169"}],"version-history":[{"count":0,"href":"https:\/\/redsemlac.com\/semmexico\/wp-json\/wp\/v2\/posts\/95169\/revisions"}],"wp:featuredmedia":[{"embeddable":true,"href":"https:\/\/redsemlac.com\/semmexico\/wp-json\/wp\/v2\/media\/41799"}],"wp:attachment":[{"href":"https:\/\/redsemlac.com\/semmexico\/wp-json\/wp\/v2\/media?parent=95169"}],"wp:term":[{"taxonomy":"category","embeddable":true,"href":"https:\/\/redsemlac.com\/semmexico\/wp-json\/wp\/v2\/categories?post=95169"},{"taxonomy":"post_tag","embeddable":true,"href":"https:\/\/redsemlac.com\/semmexico\/wp-json\/wp\/v2\/tags?post=95169"}],"curies":[{"name":"wp","href":"https:\/\/api.w.org\/{rel}","templated":true}]}}