{"id":9514,"date":"2019-07-05T00:13:20","date_gmt":"2019-07-05T00:13:20","guid":{"rendered":"https:\/\/redsemlac.com\/semmexico\/?p=9514"},"modified":"2023-07-21T14:50:10","modified_gmt":"2023-07-21T19:50:10","slug":"ambigu-15","status":"publish","type":"post","link":"https:\/\/redsemlac.com\/semmexico\/ambigu-15\/","title":{"rendered":"Ambig\u00fa"},"content":{"rendered":"\n<h2 class=\"wp-block-heading\"><strong>Mano dura de Amlo con los que est\u00e1n al frente de los chingadazos<\/strong><\/h2>\n\n\n\n<p class=\"wp-block-paragraph\"><strong><em>+ Con la Guardia Nacional, \u00bfpara qu\u00e9 el Ej\u00e9rcito y la Marina?<\/em><\/strong><\/p>\n\n\n\n<p class=\"wp-block-paragraph\"> <strong>Martha Elba Torres Mart\u00ednez<\/strong><\/p>\n\n\n\n<p class=\"wp-block-paragraph\">SemM\u00e9xico. 4 de julio 2019.- Apenas el domingo 30 de junio \u2013la v\u00edspera del \u201cbailongo\u201d en el Z\u00f3calo-, c\u00f3mo el presidente L\u00f3pez Obrador no iba a reconfirmar todas esas representaciones mentales que tiene del M\u00e9xico en cambio verdadero. Vio un \u201cCampo Marte\u201d esplendoroso, con esa gallard\u00eda y compromiso de 10 mil elementos presentes, de los 70 mil, con que arranca formalmente la Guardia Nacional. <\/p>\n\n\n\n<p class=\"wp-block-paragraph\">Bueno, por lo menos hasta las 72 horas despu\u00e9s.<\/p>\n\n\n\n<p class=\"wp-block-paragraph\">Les tom\u00f3 protesta a esos hombres y mujeres dispuestos a\ngarantizar la paz y la seguridad en el pa\u00eds. \u201cVengo en nombre de la patria,\naqu\u00ed comenzar\u00e1 su valor y patriotismo y estricta disciplina a esta bandera que\nsimboliza su independencia, sus instituciones, la integridad de su territorio y\nsu honor\u201d, dijo el mandatario al tomar protesta, a todos los soldados, marinos\ny polic\u00edas federales, disfrazados de guardias nacionales.<\/p>\n\n\n\n<p class=\"wp-block-paragraph\">Pero el mi\u00e9rcoles 3, ya se ca\u00eda el teatrito que le mont\u00f3 el\ndomingo su gabinete de seguridad. Inici\u00f3 la rebeli\u00f3n de los polic\u00edas federales\nque no quieren ser militares y menos perder sus derechos laborales en la\ninstituci\u00f3n para la que trabajaban, la renacida Secretar\u00eda de Seguridad P\u00fablica.\nE iniciaron movilizaciones al estilo CNTE, y que el presidente L\u00f3pez Obrador\ntanto tolera y es tan condescendiente.<\/p>\n\n\n\n<p class=\"wp-block-paragraph\">Con los polic\u00edas, mano dura. S\u00ed, con esos que est\u00e1n todos\nlos d\u00edas en los chingadazos contra las bandas criminales y no saben si volver\u00e1n\na ver a sus familias, no fue indulgente y desde Palacio Nacional lanz\u00f3 el\ncontraataque: son corruptos, est\u00e1n podridos y tienen \u201cmano negra\u201d. Si se\nquieren ir que se vayan\u2026 ah\u00ed les conseguir\u00e1n un trabajo de cuidapuertas.<\/p>\n\n\n\n<p class=\"wp-block-paragraph\">Entonces, una cosa son las representaciones que recrea el\nmandatario sobre su \u201crealidad\u201d y otra, la realidad real. Aunque me juzguen que\nuso mal el t\u00e9rmino.<\/p>\n\n\n\n<p class=\"wp-block-paragraph\">El caso que es un tema de percepciones.<\/p>\n\n\n\n<p class=\"wp-block-paragraph\">Todos percibimos la realidad, de acuerdo a nuestros sistemas,\nentorno y experiencias. Por eso me voy a permitir, tambi\u00e9n recrear, una de esas\nreuniones a las 6 de la ma\u00f1ana, del Presidente con su gabinete de seguridad.<\/p>\n\n\n\n<p class=\"wp-block-paragraph\"><em>-\u00bfC\u00f3mo va lo de los\npolic\u00edas federales?<\/em><\/p>\n\n\n\n<p class=\"wp-block-paragraph\"><em>-\u00a1Ya nos los\nchingamos! Es mafia, el l\u00edder es un ex secuestrador y Felipe Calder\u00f3n tiene la\nmano metida\u2026 por eso lo mencionaron para ser su representante. \u00a1Vea nom\u00e1s!\n\u00a1Se\u00f1or Presidente!<\/em><\/p>\n\n\n\n<p class=\"wp-block-paragraph\"><em>-\u00bfY en qu\u00e9 va a parar?<\/em><\/p>\n\n\n\n<p class=\"wp-block-paragraph\"><em>-\u00a1Que se vayan! En fin\ntenemos a todos los soldados y marinos. Les estamos poniendo el uniforme de la\nGuardia y con eso se van al interior del pa\u00eds. Medi\u00e1ticamente todo sigue su\ncurso. \u00bfQui\u00e9n les va a preguntar si son militares o marinos?<\/em><\/p>\n\n\n\n<p class=\"wp-block-paragraph\"><em>-No les digo. Son\ncorruptos. \u00bfQu\u00e9 tal que matamos dos gansos de un tiro?\u2026 digo: \u00a1p\u00e1jaros! Nos\ndeshacemos de la Polic\u00eda Federal y de una vez del Ej\u00e9rcito, si ya son guardias\nnacionales. Los generales que mejor pasen a retiro y ya.<\/em><\/p>\n\n\n\n<p class=\"wp-block-paragraph\">\u00bfC\u00f3mo puede el Presidente de la Rep\u00fablica distinguir entre\nsus fantas\u00edas y la realidad, si el lunes pasado, con todo y lluvia, ve la\nplancha del Z\u00f3calo con unos 80 mil seguidores vitore\u00e1ndolo? S\u00ed, son muchos.\nPero no los 160 mil que reuni\u00f3 el 1 de diciembre de 2018, y que entonces s\u00ed,\nlos medios citadinos se atrevieron a revelar la cifra y por eso est\u00e1\nregistrada.<\/p>\n\n\n\n<p class=\"wp-block-paragraph\">A L\u00f3pez Obrador, nadie con valor, fue para decirle que\ntuvieron que recurrir a las viejas pr\u00e1cticas de los autobuses, la torta y el\nrefresco, porque si tienen que pagar, no van. Y por eso, apenas se ufan\u00f3 que no\nhubo acarreo, y la memetiza en las redes. <\/p>\n\n\n\n<p class=\"wp-block-paragraph\">Tampoco nadie tiene los arrojos para explicarle que esos 113\nmil millones de pesos que dice tiene ahorrados, est\u00e1n malditos por el\nsufrimiento de miles y miles de familias afectadas por los despidos masivos;\nque est\u00e1n salados por las l\u00e1grimas de los ni\u00f1os con c\u00e1ncer, los que se quedaron\nsin su estancia infantil, las mujeres violentadas sin refugio, los pacientes\nVIH; de la frustraci\u00f3n de los j\u00f3venes emprendedores y de los talentos\ndeportivos que prefieren nacionalizarse en otros pa\u00eds para seguir prepar\u00e1ndose.<\/p>\n\n\n\n<p class=\"wp-block-paragraph\">A todos estos damnificados de la austeridad republicana,\nahora se les suman las familias de los 36 mil polic\u00edas federales, que seg\u00fan\nAlfonso Durazo, nada m\u00e1s son 90 los que est\u00e1n en resistencia. E insisto, son\nlos hombres y mujeres que est\u00e1n en los putazos \u2013como dice mi nieta adolescente-,\ncon el crimen organizado. <\/p>\n\n\n\n<p class=\"wp-block-paragraph\">A ver, \u00bfcu\u00e1ntos nin\u00eds se reclutaron de la convocatoria que\nlanzada desde enero, para integrar la GN? \u00bfPa\u00b4qu\u00e9? Si por 3 mil 600 pesos hacen\ncomo que trabajan. <\/p>\n\n\n\n<p class=\"wp-block-paragraph\">Y qu\u00e9 bueno que el contraataque contra el movimiento de los\nPF haya incluido la revelaci\u00f3n de los sueldos para restarles apoyo ciudadano, porque\nel salario m\u00e1s alto de un polic\u00eda, es de 22 mil pesos, mientras que un guardia\nnacional gana 18 mil pesos. Adem\u00e1s, la antig\u00fcedad es un derecho laboral, y si,\ncomo dice Amlo, en 18 meses iba a desaparecer la Secretar\u00eda de Seguridad\nP\u00fablica, tienen que ser liquidado e incorporados a la nueva corporaci\u00f3n. As\u00ed\nlas cosas, \u00bftienen raz\u00f3n o no en protestar? <\/p>\n\n\n\n<p class=\"wp-block-paragraph\">Creamos y recreamos realidades en funci\u00f3n de nuestras\npercepciones. Ah\u00ed tenemos la m\u00e1s reciente encuesta de Mitofsky: 54 por ciento\n\u201ccree\u201d \u2013y esta es la palabra clave- que su situaci\u00f3n econ\u00f3mica mejor\u00f3 con L\u00f3pez\nObrador y 48 por ciento que empeor\u00f3.<\/p>\n\n\n\n<p class=\"wp-block-paragraph\">\u00bfL\u00f3pez Obrador es un realista ingenuo? Esta corriente\nfilos\u00f3fica tan despreciada por los cientificistas, planteaba que las cosas\nexisten independientemente de la conciencia, y que son exactamente tal como\nnosotros las pensamos. Este realismo es propio del ni\u00f1o y del hombre com\u00fan que\nni siquiera se plantea la posibilidad del error en sus conocimientos. Otros\nte\u00f3ricos le llaman idealista: existe, solo lo que est\u00e1 en mi cabeza.<\/p>\n\n\n\n<p class=\"wp-block-paragraph\">Y en la cabeza del Presidente de M\u00e9xico solo hay pobres y\ncorrupci\u00f3n. Pero ni todos somos pobres para mendigar un \u201capoyo\u201d social, y mucho\nmenos todos corruptos\u2026<\/p>\n\n\n\n<p class=\"wp-block-paragraph\">&nbsp;&nbsp;&nbsp;&nbsp;&nbsp;&nbsp;&nbsp;&nbsp;&nbsp;&nbsp;&nbsp;&nbsp;&nbsp;&nbsp;&nbsp;&nbsp;&nbsp;&nbsp;&nbsp;&nbsp;&nbsp;&nbsp;&nbsp;&nbsp;&nbsp;&nbsp;&nbsp;&nbsp;&nbsp;&nbsp;&nbsp;&nbsp;&nbsp;&nbsp;&nbsp;&nbsp;&nbsp;&nbsp;&nbsp;&nbsp;&nbsp;&nbsp;&nbsp;&nbsp;&nbsp;&nbsp;&nbsp;&nbsp;&nbsp;&nbsp;&nbsp;&nbsp;&nbsp;&nbsp;&nbsp;&nbsp;&nbsp;&nbsp;&nbsp;&nbsp;&nbsp;&nbsp; &nbsp;&nbsp;&nbsp;&nbsp;&nbsp;&nbsp;&nbsp;&nbsp;&nbsp;&nbsp;&nbsp;&nbsp;&nbsp;&nbsp;&nbsp;&nbsp;&nbsp;&nbsp;&nbsp;&nbsp;&nbsp;&nbsp;&nbsp;&nbsp;&nbsp;&nbsp;&nbsp;&nbsp;&nbsp;<strong>&nbsp; ***<\/strong><\/p>\n\n\n\n<p class=\"wp-block-paragraph\">Hasta que le escuch\u00e9 algo sensato a Olga S\u00e1nchez Cordero,\ntitular de Segob, ayer que le preguntaron de qui\u00e9n podr\u00eda ser la \u201cmano negra\u201d,\na la que se refiri\u00f3 L\u00f3pez Obrador:<\/p>\n\n\n\n<p class=\"wp-block-paragraph\">\u201cDetr\u00e1s de una manifestaci\u00f3n siempre hay intereses leg\u00edtimos\ny otros que no son tan leg\u00edtimos. Yo no puedo decir qui\u00e9n, porque no me consta.\nYo fui juzgadora muchos a\u00f1os y como juzgadora yo no puedo prejuzgar, yo\nnecesito las evidencias y necesito la garant\u00eda de audiencia y presunci\u00f3n de\ninocencia antes de poderme pronunciar\u201d.<\/p>\n\n\n\n<p class=\"wp-block-paragraph\">Y ni el Presidente ni Durazo mostraron una sola prueba\ncontra Felipe Calder\u00f3n, ni contra el polic\u00eda federal se\u00f1alado de ex\nsecuestrador.<\/p>\n\n\n\n<p class=\"wp-block-paragraph\">Otro elemento de defensa inusitada a los PFs por parte de la\nsecretaria, fue declarar a los medios que el gran problema en la corporaci\u00f3n,\nes el estado de salud de los elementos. \u00bfPues c\u00f3mo los quieren? \u00bfC\u00f3mo los\ngringos y europeos: altos y con cuerpazo?<\/p>\n\n\n\n<p class=\"wp-block-paragraph\">\u00bfC\u00f3mo diantres un o una polic\u00eda que arriesga todos los d\u00edas\nsu vida en los patrullajes u operativos, no padecen enfermedades a consecuencia\ndel estr\u00e9s como la hipertensi\u00f3n y la diabetes? Tragan donde pueden y lo que\npueden, y todav\u00eda el pesado uniforme. \u00a1No manchen! Ni que fueran Robocops\u2026<\/p>\n\n\n\n<p class=\"wp-block-paragraph\">&nbsp;&nbsp;&nbsp;&nbsp;&nbsp;&nbsp;&nbsp;&nbsp;&nbsp;&nbsp;&nbsp;&nbsp;&nbsp;&nbsp;&nbsp;&nbsp;&nbsp;&nbsp;&nbsp;&nbsp;&nbsp;&nbsp;&nbsp;&nbsp;&nbsp;&nbsp;&nbsp;&nbsp;&nbsp;&nbsp;&nbsp;&nbsp;&nbsp;&nbsp;&nbsp;&nbsp;&nbsp;&nbsp;&nbsp;&nbsp;&nbsp;&nbsp;&nbsp;&nbsp;&nbsp;&nbsp;&nbsp;&nbsp;&nbsp;&nbsp;&nbsp;&nbsp;&nbsp;&nbsp;&nbsp;&nbsp;&nbsp;&nbsp;&nbsp;&nbsp;&nbsp;&nbsp;&nbsp;&nbsp;&nbsp;&nbsp;&nbsp;&nbsp;&nbsp;&nbsp;&nbsp;&nbsp;&nbsp;&nbsp;&nbsp;&nbsp;&nbsp;&nbsp;&nbsp;&nbsp;&nbsp;&nbsp;&nbsp;&nbsp;&nbsp;&nbsp;&nbsp;&nbsp;&nbsp;&nbsp;&nbsp;&nbsp;<strong>&nbsp; ***<\/strong><\/p>\n\n\n\n<p class=\"wp-block-paragraph\"><strong>LA COMIDILLA<\/strong><\/p>\n\n\n\n<p class=\"wp-block-paragraph\">El desaseo del proceso de selecci\u00f3n para el cargo de Auditor\nSuperior de Michoac\u00e1n. Las y los diputados locales siguen usufructuando los\ncargos a favor de sus intereses personales y de grupos. Dos aspirantes que\nval\u00eda la pena considerar \u2013porque los conozco y se de su honorabilidad- ya se\nretiraron: Ramiro Nepita y ayer, Mois\u00e9s Pardo. Ambos, muy talentosos\nprofesionistas y honestos. Que pena. Y dice L\u00f3pez Obrador que la corrupci\u00f3n ya\nse acab\u00f3. Si, c\u00f3mo no\u2026<\/p>\n\n\n\n<p class=\"wp-block-paragraph\">De los 100 compromisos, en siete meses, cumplidos 78. \u00a1Wow!\n(a) <\/p>\n","protected":false},"excerpt":{"rendered":"<p>Mano dura de Amlo con los que est\u00e1n al frente de los chingadazos\ufeff<\/p>\n","protected":false},"author":3,"featured_media":9303,"comment_status":"open","ping_status":"open","sticky":false,"template":"","format":"standard","meta":{"_monsterinsights_skip_tracking":false,"footnotes":""},"categories":[690,99,90],"tags":[],"class_list":["post-9514","post","type-post","status-publish","format-standard","has-post-thumbnail","category-690","category-ambigu","category-martha-elba-torres-martinez"],"_links":{"self":[{"href":"https:\/\/redsemlac.com\/semmexico\/wp-json\/wp\/v2\/posts\/9514","targetHints":{"allow":["GET"]}}],"collection":[{"href":"https:\/\/redsemlac.com\/semmexico\/wp-json\/wp\/v2\/posts"}],"about":[{"href":"https:\/\/redsemlac.com\/semmexico\/wp-json\/wp\/v2\/types\/post"}],"author":[{"embeddable":true,"href":"https:\/\/redsemlac.com\/semmexico\/wp-json\/wp\/v2\/users\/3"}],"replies":[{"embeddable":true,"href":"https:\/\/redsemlac.com\/semmexico\/wp-json\/wp\/v2\/comments?post=9514"}],"version-history":[{"count":0,"href":"https:\/\/redsemlac.com\/semmexico\/wp-json\/wp\/v2\/posts\/9514\/revisions"}],"wp:featuredmedia":[{"embeddable":true,"href":"https:\/\/redsemlac.com\/semmexico\/wp-json\/wp\/v2\/media\/9303"}],"wp:attachment":[{"href":"https:\/\/redsemlac.com\/semmexico\/wp-json\/wp\/v2\/media?parent=9514"}],"wp:term":[{"taxonomy":"category","embeddable":true,"href":"https:\/\/redsemlac.com\/semmexico\/wp-json\/wp\/v2\/categories?post=9514"},{"taxonomy":"post_tag","embeddable":true,"href":"https:\/\/redsemlac.com\/semmexico\/wp-json\/wp\/v2\/tags?post=9514"}],"curies":[{"name":"wp","href":"https:\/\/api.w.org\/{rel}","templated":true}]}}