{"id":9511,"date":"2019-07-04T22:13:23","date_gmt":"2019-07-04T22:13:23","guid":{"rendered":"https:\/\/redsemlac.com\/semmexico\/?p=9511"},"modified":"2023-07-21T14:50:10","modified_gmt":"2023-07-21T19:50:10","slug":"propone-grupo-de-501mx-establecer-el-6-de-junio-el-dia-de-la-paridad-de-genero","status":"publish","type":"post","link":"https:\/\/redsemlac.com\/semmexico\/propone-grupo-de-501mx-establecer-el-6-de-junio-el-dia-de-la-paridad-de-genero\/","title":{"rendered":"Propone grupo de 50+1Mx establecer el 6 de junio el \u201cD\u00eda de la Paridad de G\u00e9nero\u201d"},"content":{"rendered":"\n<ul class=\"wp-block-list\"><li>El objetivo es que este d\u00eda, se eval\u00fae los\navances y retrocesos en materia de paridad.<\/li><\/ul>\n\n\n\n<p class=\"wp-block-paragraph\">Redacci\u00f3n<\/p>\n\n\n\n<p class=\"wp-block-paragraph\">SemM\u00e9xico\/Billie Parker Noticias. Cd. de M\u00e9xico. &nbsp;4 de junio 2019.- El grupo de legisladoras que\nconforman @50mas1Mx, de distintos partidos, presentaron una iniciativa ante la\nComisi\u00f3n Permanente, para declarar el 6 de junio como \u201cD\u00eda de la Paridad de\nG\u00e9nero\u201d, inform\u00f3 la diputada Ana Lilia Herrera Anzaldo (PRI).<\/p>\n\n\n\n<p class=\"wp-block-paragraph\">En conferencia de prensa, acompa\u00f1ada de diputadas y\nsenadoras, as\u00ed como de integrantes del colectivo 50+1, sostuvo que el objetivo\nes que este d\u00eda, sea para evaluar los avances y retrocesos en materia de\nparidad.<\/p>\n\n\n\n<p class=\"wp-block-paragraph\">&nbsp;\u201cEl D\u00eda de la Paridad\nser\u00e1 una exigencia permanente para recordarle a todos los \u00f3rdenes de gobierno,\nque no vamos a permitir retrocesos en presupuestos, programas sociales y\npol\u00edticas p\u00fablicas que atienden a las mujeres y en consecuencia, a sus\nfamilias\u201d, subray\u00f3.<\/p>\n\n\n\n<p class=\"wp-block-paragraph\">La diputada priista expuso que, pese a que la paridad\ntransversal es una realidad en M\u00e9xico y en la ley; se han registrado graves\nretrocesos como la reducci\u00f3n de presupuesto a las estancias infantiles y a los\nrefugios para mujeres v\u00edctimas de violencia y sus familias, entre otros temas.<\/p>\n\n\n\n<p class=\"wp-block-paragraph\">&nbsp;\u201cLas mujeres tenemos\nun papel central que jugar. No queremos vivir en el festejo, queremos vivir en\nla reflexi\u00f3n permanente y hacer un recuento de los avances, para resistir y\nexigir que no haya retrocesos\u201d, insisti\u00f3.<\/p>\n\n\n\n<p class=\"wp-block-paragraph\">La ex diputada Mar\u00eda Elena Orantes L\u00f3pez, integrante del\nColectivo 50+1, se\u00f1al\u00f3 que esta agrupaci\u00f3n compuesta por ex legisladoras,\nacad\u00e9micas, empresarias y ciudadanas de todos los \u00e1mbitos, busca sumar\nesfuerzos entre mujeres, m\u00e1s all\u00e1 de sus posturas pol\u00edticas y colores, para formar\nparte de la toma de decisiones del pa\u00eds<\/p>\n\n\n\n<p class=\"wp-block-paragraph\">Coincidi\u00f3 en que establecer en el calendario c\u00edvico el D\u00eda\nde la Paridad tiene el fin de que cada 6 de junio se haga un recuento de los\navances en materia de paridad; \u201cque no quede en el discurso y que sea una\nrealidad\u201d.<\/p>\n\n\n\n<p class=\"wp-block-paragraph\">La iniciativa est\u00e1 suscrita por las diputadas Ivonne \u00c1lvarez\nGarc\u00eda (PRI), Marcela Torres Peimbert, Ver\u00f3nica Sobrado Rodr\u00edguez (ambas del\nPAN), y Martha Gabriela G\u00f3mez Maldonado (MC).<\/p>\n\n\n\n<p class=\"wp-block-paragraph\">As\u00ed como por las senadoras Kenia L\u00f3pez Rabad\u00e1n (PAN), Vanessa\nRubio M\u00e1rquez (PRI), Roc\u00edo Adriana Abreu Arti\u00f1ano (Morena) y Dora Patricia\nMercado Castro (MC).<\/p>\n","protected":false},"excerpt":{"rendered":"<p>El objetivo es que este d\u00eda, se eval\u00fae los avances y retrocesos en materia de paridad.<\/p>\n","protected":false},"author":3,"featured_media":9512,"comment_status":"open","ping_status":"open","sticky":false,"template":"","format":"standard","meta":{"_monsterinsights_skip_tracking":false,"footnotes":""},"categories":[690,50],"tags":[],"class_list":["post-9511","post","type-post","status-publish","format-standard","has-post-thumbnail","category-690","category-congreso"],"_links":{"self":[{"href":"https:\/\/redsemlac.com\/semmexico\/wp-json\/wp\/v2\/posts\/9511","targetHints":{"allow":["GET"]}}],"collection":[{"href":"https:\/\/redsemlac.com\/semmexico\/wp-json\/wp\/v2\/posts"}],"about":[{"href":"https:\/\/redsemlac.com\/semmexico\/wp-json\/wp\/v2\/types\/post"}],"author":[{"embeddable":true,"href":"https:\/\/redsemlac.com\/semmexico\/wp-json\/wp\/v2\/users\/3"}],"replies":[{"embeddable":true,"href":"https:\/\/redsemlac.com\/semmexico\/wp-json\/wp\/v2\/comments?post=9511"}],"version-history":[{"count":0,"href":"https:\/\/redsemlac.com\/semmexico\/wp-json\/wp\/v2\/posts\/9511\/revisions"}],"wp:featuredmedia":[{"embeddable":true,"href":"https:\/\/redsemlac.com\/semmexico\/wp-json\/wp\/v2\/media\/9512"}],"wp:attachment":[{"href":"https:\/\/redsemlac.com\/semmexico\/wp-json\/wp\/v2\/media?parent=9511"}],"wp:term":[{"taxonomy":"category","embeddable":true,"href":"https:\/\/redsemlac.com\/semmexico\/wp-json\/wp\/v2\/categories?post=9511"},{"taxonomy":"post_tag","embeddable":true,"href":"https:\/\/redsemlac.com\/semmexico\/wp-json\/wp\/v2\/tags?post=9511"}],"curies":[{"name":"wp","href":"https:\/\/api.w.org\/{rel}","templated":true}]}}