{"id":9508,"date":"2019-07-04T21:58:40","date_gmt":"2019-07-04T21:58:40","guid":{"rendered":"https:\/\/redsemlac.com\/semmexico\/?p=9508"},"modified":"2023-07-21T14:50:10","modified_gmt":"2023-07-21T19:50:10","slug":"mujeres-y-politica-29","status":"publish","type":"post","link":"https:\/\/redsemlac.com\/semmexico\/mujeres-y-politica-29\/","title":{"rendered":"Mujeres y Pol\u00edtica"},"content":{"rendered":"\n<h2 class=\"wp-block-heading\">Carola Rackete de las mujeres que cambian el mundo <\/h2>\n\n\n\n<p class=\"wp-block-paragraph\">* <strong>Surcar el mar, contra viento y marea<\/strong><\/p>\n\n\n\n<p class=\"wp-block-paragraph\"><strong>Soledad Jarqu\u00edn Edgar<\/strong><\/p>\n\n\n\n<p class=\"wp-block-paragraph\">SemM\u00e9xico, 4 julio 2019.- Lo realizado por la\ncapitana alemana Carola Rackete, al salvar a cincuenta inmigrantes a la deriva\nfrente a las costas de Libia, luego detenida por las autoridades italianas y\npuesta en libertad en estos d\u00edas, sin duda es una muestra de que las mujeres\npueden cambiar el mundo.<\/p>\n\n\n\n<p class=\"wp-block-paragraph\">La capitana de origen alem\u00e1n, \u201cblanca, nacida en\nun pa\u00eds rico y con el pasaporte correcto\u201d, adem\u00e1s de ser universitaria, como\nella ha se\u00f1alado a la prensa italiana, sinti\u00f3 la obligaci\u00f3n moral de ayudar a\nquien no ten\u00eda las mismas oportunidades que ella. As\u00ed que decidi\u00f3 llevar \u201ca\nbuen puerto\u201d a los inmigrantes a bordo de su barco Sea Watch 3.<\/p>\n\n\n\n<p class=\"wp-block-paragraph\">No fue una decisi\u00f3n f\u00e1cil. Las autoridades de Italia hab\u00edan\nnegado el acceso durante dos semanas y no tuvo m\u00e1s opci\u00f3n que atracar sin\npermiso en la isla de Lampedusa el pasado 29 de junio, por lo que fue detenida\ny acusa de resistencia y violencia contra un buque de guerra, adem\u00e1s de chocar\ncontra una patrulla de la Guardia de Fianza. Porque recordemos Italia, como\notros pa\u00edses del mediterr\u00e1neo mantienen una pol\u00edtica de puertos cerrados a la\nmigraci\u00f3n.<\/p>\n\n\n\n<p class=\"wp-block-paragraph\">La decisi\u00f3n de Rackete fue humana, sin duda, y pone entredicho\nlas pol\u00edticas que los pa\u00edses tienen sobre el fen\u00f3meno migratorio, que han\ncriminalizado la acci\u00f3n de buscar un lugar seguro para seguir la vida, de\nquienes buscan llegar al viejo continente o a pa\u00edses como Estados Unidos de\nAm\u00e9rica, donde no es el oc\u00e9ano el que se interpone sino los muros de concreto y\nfierro, as\u00ed como los muros mentales que fomentan la xenofobia, con resultados\nsemejantes a lo que ocurre cuando se est\u00e1 a la deriva en aguas fr\u00edas y\nprofundas.<\/p>\n\n\n\n<p class=\"wp-block-paragraph\">De acuerdo un art\u00edculo de Juana Vi\u00fadez, publicado en enero\npasado en el diario espa\u00f1ol El Pa\u00eds, el a\u00f1o 2018, super\u00f3 todos los r\u00e9cords de\nllegadas de inmigrantes en patera, con m\u00e1s de 57 mil personas que cruzaron el\nMediterr\u00e1neo, actos en los que habr\u00edan muerto o desparecido m\u00e1s de 700 personas\nprocedentes de pa\u00edses africanos, en el intento por llegar a puertos espa\u00f1oles\nhuyendo, sobre todo, de lo mismo que se huye en algunos pa\u00edses de Am\u00e9rica central:\nla pobreza y la violencia.<\/p>\n\n\n\n<p class=\"wp-block-paragraph\">El episodio que ha protagonizado la capitana Carola\nRackete, recuerda a otras mujeres que en alg\u00fan momento salvaron vidas a partir\nde su condici\u00f3n humana que les impidi\u00f3 ser omisas ante la desgracia de otras\npersonas que, como la capitana del Sea Watch 3, ni siquiera conoc\u00edan, como la\nbrasileira Mar\u00eda Edwards, la cubana Amparo Pappo, la peruana Magdalena Truel, las\nespa\u00f1olas Lola, Amparo y Julia Touza, y otras tan famosas como la misma Hannah\nArendt, quienes salvaron cientos de vidas de jud\u00edos durante la invasi\u00f3n nazi.\nPero, claro, no fueron las \u00fanicas.<\/p>\n\n\n\n<p class=\"wp-block-paragraph\">La capitana alemana Carola Rackete, libre s\u00ed, pero\na\u00fan no termina el litigio con el gobierno italiano, habr\u00e1 que ver qu\u00e9 sucede en\nlos pr\u00f3ximos d\u00edas, sobre ella hay acusaciones fuertes, porque la actitud\nxen\u00f3foba sigue permeando en la piel de las personas, en especial de quienes\ntienen poder, ser\u00e1 quiz\u00e1 una mujer perseguida, se\u00f1alada, pero ha mostrado lo\nque en estos tiempos, como en los tiempos de crisis que vivi\u00f3 Europa en la\nSegunda Guerra Mundial, nos hace tanta falta: humanidad.<\/p>\n\n\n\n<p class=\"wp-block-paragraph\">Sin duda, hay muchas hero\u00ednas an\u00f3nimas salvando\nvidas, por ejemplo, en M\u00e9xico, donde la muerte asecha a las mujeres, nos hacen\nfalta una o muchas mujeres que ayuden a transformar, a cambiar la violencia\nmachista que hoy se ha normalizado, pese a la resistencia de buena parte de la\nsociedad a creer que es inamovible.&nbsp; Y\nmientras eso sucede creo que hay que contar la historia, a\u00fan no terminada, de\nla capitana del Sea Watch 3: Carola Rackete, un ejemplo para todas.<\/p>\n","protected":false},"excerpt":{"rendered":"<p>Carola Rackete de las mujeres que cambian el mundo<\/p>\n","protected":false},"author":3,"featured_media":8460,"comment_status":"open","ping_status":"open","sticky":false,"template":"","format":"standard","meta":{"_monsterinsights_skip_tracking":false,"footnotes":""},"categories":[690,96,75],"tags":[],"class_list":["post-9508","post","type-post","status-publish","format-standard","has-post-thumbnail","category-690","category-mujeres-y-politica","category-soledad-jarquin-edgar"],"_links":{"self":[{"href":"https:\/\/redsemlac.com\/semmexico\/wp-json\/wp\/v2\/posts\/9508","targetHints":{"allow":["GET"]}}],"collection":[{"href":"https:\/\/redsemlac.com\/semmexico\/wp-json\/wp\/v2\/posts"}],"about":[{"href":"https:\/\/redsemlac.com\/semmexico\/wp-json\/wp\/v2\/types\/post"}],"author":[{"embeddable":true,"href":"https:\/\/redsemlac.com\/semmexico\/wp-json\/wp\/v2\/users\/3"}],"replies":[{"embeddable":true,"href":"https:\/\/redsemlac.com\/semmexico\/wp-json\/wp\/v2\/comments?post=9508"}],"version-history":[{"count":0,"href":"https:\/\/redsemlac.com\/semmexico\/wp-json\/wp\/v2\/posts\/9508\/revisions"}],"wp:featuredmedia":[{"embeddable":true,"href":"https:\/\/redsemlac.com\/semmexico\/wp-json\/wp\/v2\/media\/8460"}],"wp:attachment":[{"href":"https:\/\/redsemlac.com\/semmexico\/wp-json\/wp\/v2\/media?parent=9508"}],"wp:term":[{"taxonomy":"category","embeddable":true,"href":"https:\/\/redsemlac.com\/semmexico\/wp-json\/wp\/v2\/categories?post=9508"},{"taxonomy":"post_tag","embeddable":true,"href":"https:\/\/redsemlac.com\/semmexico\/wp-json\/wp\/v2\/tags?post=9508"}],"curies":[{"name":"wp","href":"https:\/\/api.w.org\/{rel}","templated":true}]}}