{"id":9505,"date":"2019-07-04T21:52:05","date_gmt":"2019-07-04T21:52:05","guid":{"rendered":"https:\/\/redsemlac.com\/semmexico\/?p=9505"},"modified":"2023-07-21T14:50:10","modified_gmt":"2023-07-21T19:50:10","slug":"sentencian-a-quien-agredio-a-comuneros-de-tepoztlan","status":"publish","type":"post","link":"https:\/\/redsemlac.com\/semmexico\/sentencian-a-quien-agredio-a-comuneros-de-tepoztlan\/","title":{"rendered":"Sentencian a quien agredi\u00f3 a comuneros de Tepoztl\u00e1n"},"content":{"rendered":"\n<p class=\"wp-block-paragraph\"><strong><em>* Un logro importante contra la impunidad, dice CIDH de Morelos<\/em><\/strong><\/p>\n\n\n\n<p class=\"wp-block-paragraph\"><strong><em>* Celebran comuneros la decisi\u00f3n de los jueces de Atlacholoaya <\/em><\/strong><\/p>\n\n\n\n<p class=\"wp-block-paragraph\"><strong>Lorena Vaniezcot<\/strong><\/p>\n\n\n\n<p class=\"wp-block-paragraph\">SemM\u00e9xico,\nCuernavaca, Mor., 4 julio 2019.- La Comisi\u00f3n\nIndependiente de Derechos Humanos de Morelos inform\u00f3 que Dario \u201cN\u201d, responsable\ndel ataque, ocurrido hace un a\u00f1o, contra las autoridades comunales de Santa\nCatarina, Tepoztl\u00e1n. El perpetrador fue sentenciado a 13 a\u00f1os cuatro meses de\nprisi\u00f3n.<\/p>\n\n\n\n<p class=\"wp-block-paragraph\">Tras la sentencia, luego del juicio oral en los juzgados de Atlacholoaya, en un comunicado, Catalino Santiago\nProvisor, presidente de las autoridades auxiliares de Bienes Comunales\nde \u00e9sta comunidad del municipio de Tepoztl\u00e1n,\nse\u00f1al\u00f3 que se trata de un triunfo para la comunidad ind\u00edgena de Santa Catarina\nlograr que no haya impunidad para quien atento contra la vida. <\/p>\n\n\n\n<p class=\"wp-block-paragraph\">\u00abEstamos contentos porque\nsabemos que en la mayor\u00eda de los casos de ataques a personas defensoras de las\ntierras no se detiene ni castiga a los agresores, por lo que hoy celebramos la\ndecisi\u00f3n de los jueces, quienes apegados a las leyes emitieron una resoluci\u00f3n\nde condena a prisi\u00f3n a quien lleg\u00f3 con toda alevos\u00eda y ventaja a disparar de\nbalazos en nuestra contra en nuestras propias oficinas\u201d, agreg\u00f3.<\/p>\n\n\n\n<p class=\"wp-block-paragraph\">Por otra parte, la Comisi\u00f3n\nIndependiente de Derechos Humanos de Morelos, que acompa\u00f1\u00f3 a los comuneros de\nSanta Catarina en \u00e9sta exigencia de justicia, considera importante esta condena\nya que es un paso m\u00e1s en la lucha contra la impunidad y en defensa de los\nderechos ind\u00edgenas.<\/p>\n\n\n\n<p class=\"wp-block-paragraph\">El organismo indica que ninguna\npersona defensora de la tierra debe sufrir agresi\u00f3n ni correr riesgo de perder\nla vida por su lucha, como ocurre en muchas ocasiones en que prevalece la\nviolencia, las agresiones y la impunidad de quienes cometen esta clase de\ndelitos.<\/p>\n\n\n\n<p class=\"wp-block-paragraph\">SEM\/lv\/sj<\/p>\n","protected":false},"excerpt":{"rendered":"<p>Un logro importante contra la impunidad, dice CIDH de Morelos<\/p>\n","protected":false},"author":3,"featured_media":9506,"comment_status":"open","ping_status":"open","sticky":false,"template":"","format":"standard","meta":{"_monsterinsights_skip_tracking":false,"footnotes":""},"categories":[690,52],"tags":[],"class_list":["post-9505","post","type-post","status-publish","format-standard","has-post-thumbnail","category-690","category-hombres"],"_links":{"self":[{"href":"https:\/\/redsemlac.com\/semmexico\/wp-json\/wp\/v2\/posts\/9505","targetHints":{"allow":["GET"]}}],"collection":[{"href":"https:\/\/redsemlac.com\/semmexico\/wp-json\/wp\/v2\/posts"}],"about":[{"href":"https:\/\/redsemlac.com\/semmexico\/wp-json\/wp\/v2\/types\/post"}],"author":[{"embeddable":true,"href":"https:\/\/redsemlac.com\/semmexico\/wp-json\/wp\/v2\/users\/3"}],"replies":[{"embeddable":true,"href":"https:\/\/redsemlac.com\/semmexico\/wp-json\/wp\/v2\/comments?post=9505"}],"version-history":[{"count":0,"href":"https:\/\/redsemlac.com\/semmexico\/wp-json\/wp\/v2\/posts\/9505\/revisions"}],"wp:featuredmedia":[{"embeddable":true,"href":"https:\/\/redsemlac.com\/semmexico\/wp-json\/wp\/v2\/media\/9506"}],"wp:attachment":[{"href":"https:\/\/redsemlac.com\/semmexico\/wp-json\/wp\/v2\/media?parent=9505"}],"wp:term":[{"taxonomy":"category","embeddable":true,"href":"https:\/\/redsemlac.com\/semmexico\/wp-json\/wp\/v2\/categories?post=9505"},{"taxonomy":"post_tag","embeddable":true,"href":"https:\/\/redsemlac.com\/semmexico\/wp-json\/wp\/v2\/tags?post=9505"}],"curies":[{"name":"wp","href":"https:\/\/api.w.org\/{rel}","templated":true}]}}