{"id":9502,"date":"2019-07-04T21:37:52","date_gmt":"2019-07-04T21:37:52","guid":{"rendered":"https:\/\/redsemlac.com\/semmexico\/?p=9502"},"modified":"2023-07-21T14:50:11","modified_gmt":"2023-07-21T19:50:11","slug":"manifiesto-por-un-orgullo-sin-opresion-firman-88-organizaciones","status":"publish","type":"post","link":"https:\/\/redsemlac.com\/semmexico\/manifiesto-por-un-orgullo-sin-opresion-firman-88-organizaciones\/","title":{"rendered":"Manifiesto \u2018Por un Orgullo sin opresi\u00f3n\u2019, firman 88 organizaciones"},"content":{"rendered":"\n<p class=\"wp-block-paragraph\">* <strong><em>Iniciativa de Stop Vientres de Alquiler, la Red Estatal Contra el Alquiler de Vientres y No Somos Vasijas<\/em><\/strong><\/p>\n\n\n\n<p class=\"wp-block-paragraph\">* <strong><em>Por una diversidad familiar libre de explotaci\u00f3n reproductiva y de violencia contra las mujeres<\/em><\/strong><\/p>\n\n\n\n<p class=\"wp-block-paragraph\"><br>\nRedacci\u00f3n<\/p>\n\n\n\n<p class=\"wp-block-paragraph\">SemM\u00e9xico\/AmecoPress, Madrid, 4 de julio 2019.- El pasado d\u00eda 21 de junio desde Stop Vientres de Alquiler, La Red\nEstatal Contra el Alquiler de Vientres y No Somos Vasijas, con motivo del D\u00eda\nInternacional del Orgullo LGTBI 2019 se lanz\u00f3 un comunicado a favor de una\ndiversidad familiar libre de explotaci\u00f3n reproductiva y de violencia contra las\nmujeres, insistiendo en la necesidad de dejar de equiparar la adopci\u00f3n y el\nacogimiento, que son \u201cactos de generosidad\u201d, seg\u00fan recoge el texto, a la\nsubrogaci\u00f3n, que \u201cno es m\u00e1s que explotaci\u00f3n de mujeres con fines reproductivos\ny venta de beb\u00e9s reci\u00e9n nacidos, sobre la base de un individualismo exacerbado\nque no representa, ni mucho menos, a todo el colectivo LGTBI\u201d.<\/p>\n\n\n\n<p class=\"wp-block-paragraph\">Desde el lanzamiento se han alcanzado m\u00e1s de 830 apoyos de los cuales 88\nson organizaciones. Todas estas personas y colectivos se han adherido al\nmanifiesto para expresar su repulsa ante la explotaci\u00f3n reproductiva y la\nmanipulaci\u00f3n e instrumentalizaci\u00f3n que la industria reproductiva est\u00e1 haciendo\ndel colectivo LGTBI, especialmente de las parejas gay.<\/p>\n\n\n\n<p class=\"wp-block-paragraph\">\u201cHoy celebramos el D\u00eda Internacional del Orgullo LGTBI 2019 con la\nalegr\u00eda por los apoyos recibidos e insistiendo en defender y exigir el respecto\nde los derechos humanos de todo el colectivo LGTBI en todo el mundo\u201d, aseguran\nlas impulsoras de la iniciativa.<\/p>\n\n\n\n<h3 class=\"wp-block-heading\">Comunicado<\/h3>\n\n\n\n<p class=\"wp-block-paragraph\">1. Pedimos al Gobierno Espa\u00f1ol, la Uni\u00f3n Europea y las Naciones Unidas\nque contin\u00faen trabajando firmemente para que las personas LGBTI sean respetadas\nen todo el mundo y no se vulneren sus derechos humanos por razones de\norientaci\u00f3n sexual e identidad de g\u00e9nero.&nbsp;<\/p>\n\n\n\n<p class=\"wp-block-paragraph\"><br>\n2. Las personas LGBTI deben tener la oportunidad de poder satisfacer sin discriminaci\u00f3n\nsu deseo de formar una familia, con criaturas tanto biol\u00f3gicas, como adoptivas,\nsin que ello implique la vulneraci\u00f3n de los derechos fundamentales de terceras\npersonas.<\/p>\n\n\n\n<p class=\"wp-block-paragraph\"><br>\n3. Apoyamos todos los modelos de familias y creemos que es un enriquecimiento\ncultural y social la existencia visible y sin discriminaci\u00f3n de los diversos\nmodelos familiares que conforman las familias homoparentales o familias\narco\u00edris.<\/p>\n\n\n\n<p class=\"wp-block-paragraph\"><br>\n4. No podemos olvidar que han sido principalmente las mujeres feministas las\nque m\u00e1s han ayudado al colectivo LGBTI en su leg\u00edtima lucha por el\nreconocimiento de su derecho al matrimonio, la acogida o la adopci\u00f3n,\nigual\u00e1ndolo al resto de la ciudadan\u00eda.<\/p>\n\n\n\n<p class=\"wp-block-paragraph\"><br>\n5. Las parejas gais est\u00e1n siendo utilizadas por la industria tecno reproductiva\ncomo reclamo comercial, mostrando una pr\u00e1ctica elitista, clasista y que vulnera\nderechos humanos de las mujeres, como algo aspiracional para todo el\ncolectivo.&nbsp;<\/p>\n\n\n\n<p class=\"wp-block-paragraph\"><br>\n6. Las agencias de alquiler de vientres se presentan como empresas \u201cgay\nfriendly\u201d que permiten a estas nuevas familias cumplir su sue\u00f1o de tener un\nhijo o una hija con sus mismos genes, pero aceptar como m\u00e1s deseable la\nfiliaci\u00f3n gen\u00e9tica entre padres e hijos e hijas, que la filiaci\u00f3n por adopci\u00f3n,\nrefuerza los valores patriarcales sobre los que se sustenta la familia natural\nheterosexual tradicional.<\/p>\n\n\n\n<p class=\"wp-block-paragraph\"><br>\n7. Vivimos un momento de inflexi\u00f3n en el movimiento LGBTI espa\u00f1ol en el que los\nintereses individuales de una minor\u00eda clasista puja por introducirse\nestrat\u00e9gicamente en la agenda de todo el colectivo, a trav\u00e9s de la legitimaci\u00f3n\ndel alquiler de vientres. Sin embargo, debemos insistir en que el alquiler de\nvientres se sustenta en el reclamo de deseos individuales hedonistas y ego\u00edstas\ny no en la defensa de los derechos colectivos de las personas LGTBI.&nbsp;<\/p>\n\n\n\n<p class=\"wp-block-paragraph\"><br>\n8. Rechazamos el capitalismo \u201crosa\u201d que est\u00e1 desvirtuando el discurso LGTBI y\nse posiciona a favor de esta pr\u00e1ctica, ejerciendo gran presi\u00f3n medi\u00e1tica y\npol\u00edtica, a favor de una industria multimillonaria que se sustenta en la\nmercantilizaci\u00f3n de las mujeres.<\/p>\n\n\n\n<p class=\"wp-block-paragraph\"><br>\n9. Aceptar la mercantilizaci\u00f3n y la cosificaci\u00f3n de las mujeres y los beb\u00e9s,\npone en peligro cualquier intento de emancipaci\u00f3n real de gais, lesbianas,\nbisexuales y trans y supondr\u00eda un paso adelante de un modelo neoliberal de\nsociedad que atenta directamente contra el colectivo LGTBI.&nbsp;<\/p>\n\n\n\n<p class=\"wp-block-paragraph\"><br>\n10. No queremos ser part\u00edcipes, ni c\u00f3mplices de un mercado de tr\u00e1fico y\nexplotaci\u00f3n de mujeres y beb\u00e9s. No queremos pasar de oprimidos a opresores.\nComo colectivo no estamos dispuestas a asumir unas normas impuestas por un\nsistema patriarcal que siempre nos ha discriminado. La familia no est\u00e1 formada\nexclusivamente por personas vinculadas mediante lazos de sangre, sino por\npersonas que se aman, se cuidan y se protegen.<\/p>\n\n\n\n<p class=\"wp-block-paragraph\"><br>\nEs por ello que este 28 de junio de 2019 saldremos a la calle para defender los\nderechos humanos del colectivo LGTBI, no para pisotear los de otras personas y\npor eso gritamos alto y claro: #NoEnNuestroNombre &#8211;\n#FamiliasLibresdeExplotaci\u00f3nReproductiva<\/p>\n\n\n\n<h3 class=\"wp-block-heading\">&nbsp;<\/h3>\n\n\n\n<p class=\"wp-block-paragraph\">Stop Vientres de Alquiler es un proyecto de divulgaci\u00f3n feminista, que\nnaci\u00f3 en abril de 2017, que tiene como objetivo impulsar el conocimiento y\ncrear conciencia social sobre la maternidad subrogada, que no es m\u00e1s que\nexplotaci\u00f3n reproductiva de mujeres y mercado de beb\u00e9s.<\/p>\n\n\n\n<p class=\"wp-block-paragraph\">Para ello recopilan, analizan y comparten informaci\u00f3n disponible sobre\nesta \u201cpr\u00e1ctica aberrante y sus consecuencias para las mujeres, las ni\u00f1as y los\nni\u00f1os\u201d. As\u00ed mismo, elaboran materiales informativos y educativos, imparten\ncharlas, lanzan campa\u00f1as en redes sociales y dan asesoramiento a asociaciones, medios\nde comunicaci\u00f3n y la sociedad en general, \u201ccontando la verdad sobre la\nsubrogaci\u00f3n\u201d.<\/p>\n\n\n\n<p class=\"wp-block-paragraph\">Como feministas \u201cno podemos cerrar los ojos ante los profundos rasgos\npatriarcales de esta industria, donde la maternidad es algo desechable mientras\nla paternidad se vuelve cada vez m\u00e1s sagrada\u201d, sostienen. \u201cDeseamos que Espa\u00f1a\nse mantenga en el camino de la prohibici\u00f3n y que a nivel internacional se\npromulgue una Convenci\u00f3n contra la Maternidad Subrogada, siguiendo la l\u00ednea de\nlas convenciones internacionales que proh\u00edben la esclavitud, la trata de\npersonas o el tr\u00e1fico internacional de menores\u201d, afirman.<\/p>\n\n\n\n<p class=\"wp-block-paragraph\">SEM-AmecoPress<\/p>\n","protected":false},"excerpt":{"rendered":"<p>Iniciativa de Stop Vientres de Alquiler, la Red Estatal Contra el Alquiler de Vientres y No Somos Vasijas<\/p>\n","protected":false},"author":3,"featured_media":9503,"comment_status":"open","ping_status":"open","sticky":false,"template":"","format":"standard","meta":{"_monsterinsights_skip_tracking":false,"footnotes":""},"categories":[690,53],"tags":[],"class_list":["post-9502","post","type-post","status-publish","format-standard","has-post-thumbnail","category-690","category-internacional"],"_links":{"self":[{"href":"https:\/\/redsemlac.com\/semmexico\/wp-json\/wp\/v2\/posts\/9502","targetHints":{"allow":["GET"]}}],"collection":[{"href":"https:\/\/redsemlac.com\/semmexico\/wp-json\/wp\/v2\/posts"}],"about":[{"href":"https:\/\/redsemlac.com\/semmexico\/wp-json\/wp\/v2\/types\/post"}],"author":[{"embeddable":true,"href":"https:\/\/redsemlac.com\/semmexico\/wp-json\/wp\/v2\/users\/3"}],"replies":[{"embeddable":true,"href":"https:\/\/redsemlac.com\/semmexico\/wp-json\/wp\/v2\/comments?post=9502"}],"version-history":[{"count":0,"href":"https:\/\/redsemlac.com\/semmexico\/wp-json\/wp\/v2\/posts\/9502\/revisions"}],"wp:featuredmedia":[{"embeddable":true,"href":"https:\/\/redsemlac.com\/semmexico\/wp-json\/wp\/v2\/media\/9503"}],"wp:attachment":[{"href":"https:\/\/redsemlac.com\/semmexico\/wp-json\/wp\/v2\/media?parent=9502"}],"wp:term":[{"taxonomy":"category","embeddable":true,"href":"https:\/\/redsemlac.com\/semmexico\/wp-json\/wp\/v2\/categories?post=9502"},{"taxonomy":"post_tag","embeddable":true,"href":"https:\/\/redsemlac.com\/semmexico\/wp-json\/wp\/v2\/tags?post=9502"}],"curies":[{"name":"wp","href":"https:\/\/api.w.org\/{rel}","templated":true}]}}