{"id":9499,"date":"2019-07-04T21:30:36","date_gmt":"2019-07-04T21:30:36","guid":{"rendered":"https:\/\/redsemlac.com\/semmexico\/?p=9499"},"modified":"2023-07-21T14:50:11","modified_gmt":"2023-07-21T19:50:11","slug":"carola-rackete-declarada-inocente-por-el-incidente-con-el-sea-watch-3","status":"publish","type":"post","link":"https:\/\/redsemlac.com\/semmexico\/carola-rackete-declarada-inocente-por-el-incidente-con-el-sea-watch-3\/","title":{"rendered":"Carola Rackete declarada inocente por el incidente con el Sea Watch 3"},"content":{"rendered":"\n<p class=\"wp-block-paragraph\"><strong><em>* A\u00fan deber\u00e1 ser\u00e1 interrogada por el delito de favorecer la migraci\u00f3n irregular<\/em><\/strong><\/p>\n\n\n\n<p class=\"wp-block-paragraph\"><strong><em>* Fiscal\u00eda sostiene que fue intencional el ataque a la patrullera<\/em><\/strong><\/p>\n\n\n\n<p class=\"wp-block-paragraph\"><strong>Redacci\u00f3n<\/strong><\/p>\n\n\n\n<p class=\"wp-block-paragraph\">SemM\u00e9xico\/AmecoPress, Madrid, 4 julio 2019.\n\u2013&nbsp;La capitana Carola Rackete ha\nsido puesta en libertad por la jueza Alessandra Vella, despu\u00e9s de que no\nsostenga la acusaci\u00f3n de delitos de resistencia o violencia contra nave de\nguerra y de intento de naufragio por haber chocado contra una patrullera de la\nGuardia de Finanzas durante el atraque del Sea Watch en Lampedusa. <\/p>\n\n\n\n<p class=\"wp-block-paragraph\">Se espera que\nsea interrogada el 9 de julio por el delito de favorecer la migraci\u00f3n\nirregular, hasta entonces es una persona libre.<\/p>\n\n\n\n<p class=\"wp-block-paragraph\">La fiscal\u00eda de Agrigento sostiene que el\nataque a la patrullera fue intencionado y que la mayor\u00eda de inmigrantes\npresentaban aparentes buenas condiciones de salud, en contraposici\u00f3n de lo que\nafirmaba la patrona. Insisten desde el ministerio de Interior que la capitana\npodr\u00eda haber esperado a que Italia aprobara su atraco, para la posterior\ndistribuci\u00f3n de los migrantes en los pa\u00edses de acogida.<\/p>\n\n\n\n<p class=\"wp-block-paragraph\">Matteo Salvini, desde su cuenta de twitter\naconsejaba a la ciudadana alemana que no volviera a pisar Italia espetando que\nhab\u00eda puesto en peligro la vida de algunos militares, \u201cVu\u00e9lvete a Alemania a\ncausar problemas all\u00ed y a poner en peligro la vida de quien defiende el pa\u00eds\u201d\nexclamaba en su red social. <\/p>\n\n\n\n<p class=\"wp-block-paragraph\">Tambi\u00e9n volvi\u00f3 a reiterar que ya tiene la\ncarta de expulsi\u00f3n del pa\u00eds que impedir\u00e1 a la capitana volver a la regi\u00f3n del\nadri\u00e1tico, cuando las autoridades judiciales puedan ratificarlo, despu\u00e9s del\nnueve de julio.<\/p>\n\n\n\n<p class=\"wp-block-paragraph\">SEM-AmecoPress<\/p>\n","protected":false},"excerpt":{"rendered":"<p>A\u00fan deber\u00e1 ser\u00e1 interrogada por el delito de favorecer la migraci\u00f3n irregular<\/p>\n","protected":false},"author":3,"featured_media":9500,"comment_status":"open","ping_status":"open","sticky":false,"template":"","format":"standard","meta":{"_monsterinsights_skip_tracking":false,"footnotes":""},"categories":[690,53],"tags":[],"class_list":["post-9499","post","type-post","status-publish","format-standard","has-post-thumbnail","category-690","category-internacional"],"_links":{"self":[{"href":"https:\/\/redsemlac.com\/semmexico\/wp-json\/wp\/v2\/posts\/9499","targetHints":{"allow":["GET"]}}],"collection":[{"href":"https:\/\/redsemlac.com\/semmexico\/wp-json\/wp\/v2\/posts"}],"about":[{"href":"https:\/\/redsemlac.com\/semmexico\/wp-json\/wp\/v2\/types\/post"}],"author":[{"embeddable":true,"href":"https:\/\/redsemlac.com\/semmexico\/wp-json\/wp\/v2\/users\/3"}],"replies":[{"embeddable":true,"href":"https:\/\/redsemlac.com\/semmexico\/wp-json\/wp\/v2\/comments?post=9499"}],"version-history":[{"count":0,"href":"https:\/\/redsemlac.com\/semmexico\/wp-json\/wp\/v2\/posts\/9499\/revisions"}],"wp:featuredmedia":[{"embeddable":true,"href":"https:\/\/redsemlac.com\/semmexico\/wp-json\/wp\/v2\/media\/9500"}],"wp:attachment":[{"href":"https:\/\/redsemlac.com\/semmexico\/wp-json\/wp\/v2\/media?parent=9499"}],"wp:term":[{"taxonomy":"category","embeddable":true,"href":"https:\/\/redsemlac.com\/semmexico\/wp-json\/wp\/v2\/categories?post=9499"},{"taxonomy":"post_tag","embeddable":true,"href":"https:\/\/redsemlac.com\/semmexico\/wp-json\/wp\/v2\/tags?post=9499"}],"curies":[{"name":"wp","href":"https:\/\/api.w.org\/{rel}","templated":true}]}}