{"id":9487,"date":"2019-07-04T21:02:45","date_gmt":"2019-07-04T21:02:45","guid":{"rendered":"https:\/\/redsemlac.com\/semmexico\/?p=9487"},"modified":"2023-07-21T14:50:11","modified_gmt":"2023-07-21T19:50:11","slug":"presentan-inactiva-spotlight-ante-funcionariado-de-guerrero","status":"publish","type":"post","link":"https:\/\/redsemlac.com\/semmexico\/presentan-inactiva-spotlight-ante-funcionariado-de-guerrero\/","title":{"rendered":"Presentan Inactiva Spotlight ante funcionariado de Guerrero"},"content":{"rendered":"\n<p class=\"wp-block-paragraph\"><strong>* Chilpancingo uno de los cinco municipios donde se pondr\u00e1 en marcha<\/strong><\/p>\n\n\n\n<p class=\"wp-block-paragraph\"><strong><em>* Busca reducir la violencia contra las mujeres<\/em><\/strong><\/p>\n\n\n\n<p class=\"wp-block-paragraph\"><strong>Josefina Aguilar Pastor<\/strong><\/p>\n\n\n\n<p class=\"wp-block-paragraph\">SemM\u00e9xico, Chilpancingo,\nGro., 4 julio 2019.- El funcionariado del gobierno estatal conoci\u00f3 los alcances\ny metas de la Iniciativa Spotlight, que busca promover la equidad de g\u00e9nero y\neliminar todas las formas de violencia contra las mujeres en el municipio de\nChilpancingo, capital de este estado.<\/p>\n\n\n\n<p class=\"wp-block-paragraph\">Leonardo Mier\nBueno, oficial nacional de UNICEF, y coordinador de la iniciativa en Guerrero,\nexpuso el proyecto, del que conocieron, entre otros servidores y servidoras\np\u00fablicas, el Secretario General de Gobierno, Florencio Salazar Adame; el fiscal\nGeneral, Jorge Zuriel de los Santos Barrila; el secretario de Seguridad P\u00fablica,\nDavid Portillo Menchaca, y la subsecretaria de Coordinaci\u00f3n, Enlace y Atenci\u00f3n\nde Organizaciones Sociales, Violeta Parra. <\/p>\n\n\n\n<p class=\"wp-block-paragraph\">La Iniciativa Spotlight\nes un proyecto impulsado por la Uni\u00f3n Europea (UE) y la Organizaci\u00f3n de las\nNaciones Unidas (ONU) que se pondr\u00e1 en operaci\u00f3n tambi\u00e9n en otros cuatro\nmunicipios de tres entidades del pa\u00eds: Chihuahua y Ciudad Ju\u00e1rez, Chihuahua; en\nEcatepec y Naucalpan, en el Estado de M\u00e9xico.<\/p>\n\n\n\n<p class=\"wp-block-paragraph\">Entre los objetivos\ndel proyecto destacan mejorar las pol\u00edticas p\u00fablicas para la eliminaci\u00f3n de\ntoda violencia contra la mujer; fortalecer las instituciones responsables de\nprevenir, investigar y sancionar las agresiones contra las mujeres; cambiar\nnormas sociales y formas de pensamiento en sociedad.<\/p>\n\n\n\n<p class=\"wp-block-paragraph\">As\u00ed como garantizar\nservicios legales, policiales y de salud a las v\u00edctimas, mejorar la recolecci\u00f3n\nde datos sobre violencia contra la poblaci\u00f3n femenina y fortalecer a las\norganizaciones de la sociedad civil que defienden los derechos de las mujeres.<\/p>\n\n\n\n<p class=\"wp-block-paragraph\">En su momento, el\nsecretario General de Gobierno reiter\u00f3 el inter\u00e9s del gobernador, H\u00e9ctor\nAstudillo Flores, de disminuir niveles de violencia contra las mujeres y\ntrabajar mano a mano con la Organizaci\u00f3n de las Naciones Unidas con esta iniciativa.<\/p>\n\n\n\n<p class=\"wp-block-paragraph\">SEM\/jap\/sj<\/p>\n","protected":false},"excerpt":{"rendered":"<p>Chilpancingo uno de los cinco municipios donde se pondr\u00e1 en marcha<\/p>\n","protected":false},"author":3,"featured_media":9488,"comment_status":"open","ping_status":"open","sticky":false,"template":"","format":"standard","meta":{"_monsterinsights_skip_tracking":false,"footnotes":""},"categories":[690,51],"tags":[],"class_list":["post-9487","post","type-post","status-publish","format-standard","has-post-thumbnail","category-690","category-ejecutivo"],"_links":{"self":[{"href":"https:\/\/redsemlac.com\/semmexico\/wp-json\/wp\/v2\/posts\/9487","targetHints":{"allow":["GET"]}}],"collection":[{"href":"https:\/\/redsemlac.com\/semmexico\/wp-json\/wp\/v2\/posts"}],"about":[{"href":"https:\/\/redsemlac.com\/semmexico\/wp-json\/wp\/v2\/types\/post"}],"author":[{"embeddable":true,"href":"https:\/\/redsemlac.com\/semmexico\/wp-json\/wp\/v2\/users\/3"}],"replies":[{"embeddable":true,"href":"https:\/\/redsemlac.com\/semmexico\/wp-json\/wp\/v2\/comments?post=9487"}],"version-history":[{"count":0,"href":"https:\/\/redsemlac.com\/semmexico\/wp-json\/wp\/v2\/posts\/9487\/revisions"}],"wp:featuredmedia":[{"embeddable":true,"href":"https:\/\/redsemlac.com\/semmexico\/wp-json\/wp\/v2\/media\/9488"}],"wp:attachment":[{"href":"https:\/\/redsemlac.com\/semmexico\/wp-json\/wp\/v2\/media?parent=9487"}],"wp:term":[{"taxonomy":"category","embeddable":true,"href":"https:\/\/redsemlac.com\/semmexico\/wp-json\/wp\/v2\/categories?post=9487"},{"taxonomy":"post_tag","embeddable":true,"href":"https:\/\/redsemlac.com\/semmexico\/wp-json\/wp\/v2\/tags?post=9487"}],"curies":[{"name":"wp","href":"https:\/\/api.w.org\/{rel}","templated":true}]}}