{"id":94858,"date":"2025-04-25T17:19:01","date_gmt":"2025-04-25T23:19:01","guid":{"rendered":"https:\/\/redsemlac.com\/semmexico\/?p=94858"},"modified":"2025-04-25T17:19:02","modified_gmt":"2025-04-25T23:19:02","slug":"presentan-metafora-coreografica-sobre-la-violencia-y-la-resistencia-femenina","status":"publish","type":"post","link":"https:\/\/redsemlac.com\/semmexico\/presentan-metafora-coreografica-sobre-la-violencia-y-la-resistencia-femenina\/","title":{"rendered":"Presentan met\u00e1fora coreogr\u00e1fica sobre la violencia y la resistencia femenina"},"content":{"rendered":"\n<ul class=\"wp-block-list\">\n<li>A trav\u00e9s de la obra\u00a0<em>de brujas y escobas, <\/em>ganadora del pasado Premio Nacional de Danza\u00a0<em>Guillermo Arriaga<\/em><\/li>\n<\/ul>\n\n\n\n<ul class=\"wp-block-list\">\n<li>La direcci\u00f3n y la coreograf\u00eda est\u00e1n a cargo de Paulina Espinosa <\/li>\n<\/ul>\n\n\n\n<p class=\"wp-block-paragraph\"><em><br><\/em>SemM\u00e9xico, Cd. de M\u00e9xico, 25 de abril, 2025.- De brujas y escobas, obra dirigida y coreografiada por Paulina Espinosa, que se presentar\u00e1 el domingo 27 y martes 29 de abril, en el marco de la Red Noroeste de Festivales de Danza, funciones a las que invitan la Secretar\u00eda de Cultura del Gobierno de M\u00e9xico y el Instituto Nacional de Bellas Artes y Literatura (INBAL), mediante la Coordinaci\u00f3n Nacional de Danza (CoND).<\/p>\n\n\n\n<p class=\"wp-block-paragraph\"><em>De brujas y escobas<\/em>&nbsp;es una obra de danza contempor\u00e1nea que propone una met\u00e1fora esc\u00e9nica sobre el cuerpo femenino, la opresi\u00f3n patriarcal y la posibilidad de resistencia, tomando como base los estudios de la historiadora estadounidense Silvia Federici acerca de la persecuci\u00f3n de mujeres acusadas de brujer\u00eda.&nbsp;<\/p>\n\n\n\n<p class=\"wp-block-paragraph\">\u201cMi motivaci\u00f3n para realizar esta obra fue el hast\u00edo sobre la perpetuaci\u00f3n de la violencia y la brecha de g\u00e9nero\u201d se\u00f1ala Paulina Espinosa. \u201cEs una met\u00e1fora sobre c\u00f3mo la mujer, a la que se le asigna una escoba como herramienta de trabajo, puede transformarla en un arma de resistencia, de lucha, de reflexi\u00f3n, y c\u00f3mo puede convertirse en su propio lecho de muerte\u201d, a\u00f1ade.<\/p>\n\n\n\n<p class=\"wp-block-paragraph\">La creadora esc\u00e9nica particip\u00f3 con esta pieza en el pasado&nbsp;Premio Nacional de Danza&nbsp;<em>Guillermo Arriaga<\/em>, XLI Concurso de Creaci\u00f3n Coreogr\u00e1fica Contempor\u00e1nea INBAL-UAM, obteniendo el galard\u00f3n como propuesta coreogr\u00e1fica ganadora del certamen.<\/p>\n\n\n\n<p class=\"wp-block-paragraph\">En ese sentido Espinosa manifiesta: \u201cEl proceso ha sido muy bello y enriquecedor, puesto que me ha ayudado a entender la importancia de tejer redes que sostengan un proyecto, me ha reiterado que ganar un premio no disuelve las estructuras de poder que motivaron su concepci\u00f3n y, con el tiempo, va fortaleciendo su calidad de ejercicio de resistencia que se propaga y llega a quienes quieren unirse\u201d.<\/p>\n\n\n\n<p class=\"wp-block-paragraph\">Como parte de su etapa de circulaci\u00f3n,&nbsp;<em>De brujas y escobas<\/em>&nbsp;ofrecer\u00e1 funciones dentro de la Red Noroeste de Festivales de Danza los d\u00edas 27 y 29 de abril. Dicha red est\u00e1&nbsp;conformada por&nbsp;la Muestra Internacional de Danza \/ Tijuana&nbsp;<em>Cuerpos en tr\u00e1nsito<\/em>,&nbsp;del Centro Cultural Tijuana;&nbsp;el Encuentro Internacional de Danza Contempor\u00e1nea&nbsp;<em>Entre fronteras<\/em>,&nbsp;de la Universidad Aut\u00f3noma de Baja California;&nbsp;el Festival Internacional de Danza&nbsp;<em>Jos\u00e9 Lim\u00f3n<\/em>, del&nbsp;Gobierno de Sinaloa a trav\u00e9s del Instituto Sinaloense de Cultura;&nbsp;y&nbsp;el Festival&nbsp;Internacional de Danza Contempor\u00e1nea&nbsp;<em>Dolores del R\u00edo<\/em>,&nbsp;del Instituto de Cultura del Estado de Durango.<\/p>\n\n\n\n<p class=\"wp-block-paragraph\">La funci\u00f3n del 27 de abril, que se llevar\u00e1 a cabo en el marco del Encuentro Internacional de Danza&nbsp;<em>Entre fronteras,<\/em>&nbsp;ser\u00e1 compartida con la compa\u00f1\u00eda SinLuna Danza Punk, que presentar\u00e1 la obra&nbsp;<em>\u00bfPor qu\u00e9 no les preguntamos a los que se murieron?<\/em>, bajo la direcci\u00f3n de la core\u00f3grafa Rosa A. G\u00f3mez. Se trata de un montaje esc\u00e9nico que se adentra en el universo de una mujer de temprana edad, en un estado de post-trauma cotidiano.<\/p>\n\n\n\n<p class=\"wp-block-paragraph\">Para m\u00e1s informaci\u00f3n, se pueden consultar las redes sociales de la Coordinaci\u00f3n Nacional de Danza (<em>@danzainbal<\/em>).<\/p>\n\n\n<div class=\"wp-block-image\">\n<figure class=\"alignleft size-large is-resized\"><a href=\"https:\/\/redsemlac.com\/semmexico\/wp-content\/uploads\/2025\/04\/debrujasyescobas-Foto-GloriaMinauro-Isoptica-4362-5-scaled.jpg\"><img loading=\"lazy\" decoding=\"async\" width=\"681\" height=\"1024\" src=\"https:\/\/redsemlac.com\/semmexico\/wp-content\/uploads\/2025\/04\/debrujasyescobas-Foto-GloriaMinauro-Isoptica-4362-5-681x1024.jpg\" alt=\"\" class=\"wp-image-94861\" style=\"width:215px;height:auto\" srcset=\"https:\/\/redsemlac.com\/semmexico\/wp-content\/uploads\/2025\/04\/debrujasyescobas-Foto-GloriaMinauro-Isoptica-4362-5-681x1024.jpg 681w, https:\/\/redsemlac.com\/semmexico\/wp-content\/uploads\/2025\/04\/debrujasyescobas-Foto-GloriaMinauro-Isoptica-4362-5-200x300.jpg 200w, https:\/\/redsemlac.com\/semmexico\/wp-content\/uploads\/2025\/04\/debrujasyescobas-Foto-GloriaMinauro-Isoptica-4362-5-768x1154.jpg 768w, https:\/\/redsemlac.com\/semmexico\/wp-content\/uploads\/2025\/04\/debrujasyescobas-Foto-GloriaMinauro-Isoptica-4362-5-1022x1536.jpg 1022w, https:\/\/redsemlac.com\/semmexico\/wp-content\/uploads\/2025\/04\/debrujasyescobas-Foto-GloriaMinauro-Isoptica-4362-5-1363x2048.jpg 1363w, https:\/\/redsemlac.com\/semmexico\/wp-content\/uploads\/2025\/04\/debrujasyescobas-Foto-GloriaMinauro-Isoptica-4362-5-150x225.jpg 150w, https:\/\/redsemlac.com\/semmexico\/wp-content\/uploads\/2025\/04\/debrujasyescobas-Foto-GloriaMinauro-Isoptica-4362-5-300x451.jpg 300w, https:\/\/redsemlac.com\/semmexico\/wp-content\/uploads\/2025\/04\/debrujasyescobas-Foto-GloriaMinauro-Isoptica-4362-5-696x1046.jpg 696w, https:\/\/redsemlac.com\/semmexico\/wp-content\/uploads\/2025\/04\/debrujasyescobas-Foto-GloriaMinauro-Isoptica-4362-5-1068x1605.jpg 1068w, https:\/\/redsemlac.com\/semmexico\/wp-content\/uploads\/2025\/04\/debrujasyescobas-Foto-GloriaMinauro-Isoptica-4362-5-1920x2885.jpg 1920w, https:\/\/redsemlac.com\/semmexico\/wp-content\/uploads\/2025\/04\/debrujasyescobas-Foto-GloriaMinauro-Isoptica-4362-5-scaled.jpg 1704w\" sizes=\"auto, (max-width: 681px) 100vw, 681px\" \/><\/a><\/figure>\n<\/div>\n\n<div class=\"wp-block-image\">\n<figure class=\"aligncenter size-large is-resized\"><a href=\"https:\/\/redsemlac.com\/semmexico\/wp-content\/uploads\/2025\/04\/Debrujasyescobas-Foto-GloriaMinauro-Isoptica-4342-4-scaled.jpg\"><img loading=\"lazy\" decoding=\"async\" width=\"1024\" height=\"681\" src=\"https:\/\/redsemlac.com\/semmexico\/wp-content\/uploads\/2025\/04\/Debrujasyescobas-Foto-GloriaMinauro-Isoptica-4342-4-1024x681.jpg\" alt=\"\" class=\"wp-image-94859\" style=\"width:498px;height:auto\" srcset=\"https:\/\/redsemlac.com\/semmexico\/wp-content\/uploads\/2025\/04\/Debrujasyescobas-Foto-GloriaMinauro-Isoptica-4342-4-1024x681.jpg 1024w, https:\/\/redsemlac.com\/semmexico\/wp-content\/uploads\/2025\/04\/Debrujasyescobas-Foto-GloriaMinauro-Isoptica-4342-4-300x200.jpg 300w, https:\/\/redsemlac.com\/semmexico\/wp-content\/uploads\/2025\/04\/Debrujasyescobas-Foto-GloriaMinauro-Isoptica-4342-4-768x511.jpg 768w, https:\/\/redsemlac.com\/semmexico\/wp-content\/uploads\/2025\/04\/Debrujasyescobas-Foto-GloriaMinauro-Isoptica-4342-4-1536x1022.jpg 1536w, https:\/\/redsemlac.com\/semmexico\/wp-content\/uploads\/2025\/04\/Debrujasyescobas-Foto-GloriaMinauro-Isoptica-4342-4-2048x1363.jpg 2048w, https:\/\/redsemlac.com\/semmexico\/wp-content\/uploads\/2025\/04\/Debrujasyescobas-Foto-GloriaMinauro-Isoptica-4342-4-150x100.jpg 150w, https:\/\/redsemlac.com\/semmexico\/wp-content\/uploads\/2025\/04\/Debrujasyescobas-Foto-GloriaMinauro-Isoptica-4342-4-696x463.jpg 696w, https:\/\/redsemlac.com\/semmexico\/wp-content\/uploads\/2025\/04\/Debrujasyescobas-Foto-GloriaMinauro-Isoptica-4342-4-1068x711.jpg 1068w, https:\/\/redsemlac.com\/semmexico\/wp-content\/uploads\/2025\/04\/Debrujasyescobas-Foto-GloriaMinauro-Isoptica-4342-4-1920x1278.jpg 1920w\" sizes=\"auto, (max-width: 1024px) 100vw, 1024px\" \/><\/a><\/figure>\n<\/div>\n\n\n<p class=\"wp-block-paragraph\"><\/p>\n","protected":false},"excerpt":{"rendered":"<p>SemM\u00e9xico, Cd. de M\u00e9xico, 25 de abril, 2025.- De brujas y escobas, obra dirigida y coreografiada por Paulina Espinosa, que se presentar\u00e1 el domingo 27 y martes 29 de abril, en el marco de la Red Noroeste de Festivales de Danza, funciones a las que invitan la Secretar\u00eda de Cultura del Gobierno de M\u00e9xico y [&hellip;]<\/p>\n","protected":false},"author":3,"featured_media":94860,"comment_status":"open","ping_status":"open","sticky":false,"template":"","format":"standard","meta":{"_monsterinsights_skip_tracking":false,"footnotes":""},"categories":[748],"tags":[],"class_list":["post-94858","post","type-post","status-publish","format-standard","has-post-thumbnail","category-cultura-feminista"],"_links":{"self":[{"href":"https:\/\/redsemlac.com\/semmexico\/wp-json\/wp\/v2\/posts\/94858","targetHints":{"allow":["GET"]}}],"collection":[{"href":"https:\/\/redsemlac.com\/semmexico\/wp-json\/wp\/v2\/posts"}],"about":[{"href":"https:\/\/redsemlac.com\/semmexico\/wp-json\/wp\/v2\/types\/post"}],"author":[{"embeddable":true,"href":"https:\/\/redsemlac.com\/semmexico\/wp-json\/wp\/v2\/users\/3"}],"replies":[{"embeddable":true,"href":"https:\/\/redsemlac.com\/semmexico\/wp-json\/wp\/v2\/comments?post=94858"}],"version-history":[{"count":0,"href":"https:\/\/redsemlac.com\/semmexico\/wp-json\/wp\/v2\/posts\/94858\/revisions"}],"wp:featuredmedia":[{"embeddable":true,"href":"https:\/\/redsemlac.com\/semmexico\/wp-json\/wp\/v2\/media\/94860"}],"wp:attachment":[{"href":"https:\/\/redsemlac.com\/semmexico\/wp-json\/wp\/v2\/media?parent=94858"}],"wp:term":[{"taxonomy":"category","embeddable":true,"href":"https:\/\/redsemlac.com\/semmexico\/wp-json\/wp\/v2\/categories?post=94858"},{"taxonomy":"post_tag","embeddable":true,"href":"https:\/\/redsemlac.com\/semmexico\/wp-json\/wp\/v2\/tags?post=94858"}],"curies":[{"name":"wp","href":"https:\/\/api.w.org\/{rel}","templated":true}]}}