{"id":94855,"date":"2025-04-25T17:11:39","date_gmt":"2025-04-25T23:11:39","guid":{"rendered":"https:\/\/redsemlac.com\/semmexico\/?p=94855"},"modified":"2025-04-25T17:11:40","modified_gmt":"2025-04-25T23:11:40","slug":"sheinbaum-crea-super-agencia-reguladora-de-telecomunicaciones","status":"publish","type":"post","link":"https:\/\/redsemlac.com\/semmexico\/sheinbaum-crea-super-agencia-reguladora-de-telecomunicaciones\/","title":{"rendered":"Sheinbaum crea \u201cs\u00faper agencia\u201d reguladora de telecomunicaciones"},"content":{"rendered":"\n<p class=\"wp-block-paragraph\">Claudia Sheinbaum, presidenta de M\u00e9xico, durante una conferencia de prensa.&nbsp;\/&nbsp;Foto: Laura Lovera \/ El Sol de M\u00e9xico<\/p>\n\n\n\n<p class=\"wp-block-paragraph\">La iniciativa de la presidenta surgi\u00f3 despu\u00e9s de que en canales de televisi\u00f3n abierta se transmitiera un comercial que promueve las medidas antimigratorias del mandatario estadounidense Donald Trump<\/p>\n\n\n\n<p class=\"wp-block-paragraph\">Deja en pasmo a los medios privados dice especialista<\/p>\n\n\n\n<p class=\"wp-block-paragraph\">Juan Luis Ramos<\/p>\n\n\n\n<p class=\"wp-block-paragraph\">SemM\u00e9xico \/ El Sol de M\u00e9xico, Cd. de M\u00e9xico, 25 de abril, 2025.- La&nbsp;<a href=\"https:\/\/oem.com.mx\/elsoldemexico\/mexico\/television-abierta-transmite-comercial-que-promueve-la-politica-migratoria-de-donald-trump-22891148\" target=\"_blank\" rel=\"noreferrer noopener\">transmisi\u00f3n de anuncios del Departamento de Seguridad Nacional de Estados Unidos<\/a>&nbsp;(DHS, por sus siglas en ingl\u00e9s) durante partidos de f\u00fatbol de la&nbsp;Liga MX&nbsp;\u2014en los que se advierte a \u201ccriminales extranjeros\u201d que no crucen la frontera\u2014 fue interpretada como un pretexto oportuno para concretar una transformaci\u00f3n regulatoria m\u00e1s amplia. Desde hace meses, el gobierno federal mexicano impulsa una transformaci\u00f3n de fondo: una nueva ley que concentra las funciones regulatorias en telecomunicaciones y radiodifusi\u00f3n en una entidad subordinada al Ejecutivo, la&nbsp;<strong>Agencia de Transformaci\u00f3n Digital y Telecomunicaciones.<\/strong><\/p>\n\n\n\n<p class=\"wp-block-paragraph\">La iniciativa de&nbsp;<strong>Ley en materia de Telecomunicaciones y Radiodifusi\u00f3n<\/strong>, enviada por la Presidencia al Senado, establece que \u201cla&nbsp;<strong>Secretar\u00eda de Gobernaci\u00f3n&nbsp;<\/strong>ejercer\u00e1 las facultades correspondientes a la administraci\u00f3n de los tiempos de Estado [&#8230;] as\u00ed como vigilar que las transmisiones de radiodifusi\u00f3n y contenidos audiovisuales se apeguen a lo establecido en la ley, debiendo sancionar su incumplimiento\u201d.<\/p>\n\n\n\n<p class=\"wp-block-paragraph\">Adem\u00e1s, el proyecto prev\u00e9 penalizaciones econ\u00f3micas a medios nacionales que emitan mensajes de gobiernos extranjeros: \u201cSe impondr\u00e1n multas de hasta el cinco por ciento de los ingresos anuales a los concesionarios que transmitan propaganda de gobiernos extranjeros, con excepci\u00f3n de la promoci\u00f3n tur\u00edstica o cultural y otros casos determinados por la Agencia\u201d.<\/p>\n\n\n\n<p class=\"wp-block-paragraph\">Este nuevo&nbsp;marco normativo&nbsp;elimina al&nbsp;Instituto Federal de Telecomunicaciones&nbsp;(IFT), un \u00f3rgano constitucional aut\u00f3nomo, y&nbsp;transfiere sus funciones a la Agencia creada en noviembre pasado&nbsp;y encabezada por&nbsp;Jos\u00e9 Antonio Pe\u00f1a Merino.<\/p>\n\n\n\n<ul class=\"wp-block-list\">\n<li>Puedes leer:\u00a0<a href=\"https:\/\/oem.com.mx\/elsoldemexico\/mexico\/senado-dara-fast-track-a-iniciativa-contra-mensajes-politicos-extranjeros-en-television-y-radio-22916864\" target=\"_blank\" rel=\"noreferrer noopener\">Senado dar\u00e1 fast track a iniciativa contra mensajes pol\u00edticos extranjeros en televisi\u00f3n y radio<\/a><\/li>\n<\/ul>\n\n\n\n<p class=\"wp-block-paragraph\">\u201cConforme a la citada&nbsp;<strong>reforma<\/strong>&nbsp;<strong>Constitucional<\/strong>, (las atribuciones del&nbsp;<strong>IFT<\/strong>&nbsp;ser\u00e1n asumidas) por el&nbsp;<strong>Poder Ejecutivo Federal<\/strong>, a trav\u00e9s de la dependencia encargada de formular y dirigir las pol\u00edticas en materia de&nbsp;<strong>telecomunicaciones<\/strong>&nbsp;y&nbsp;<strong>radiodifusi\u00f3n<\/strong>\u201d, se lee en la exposici\u00f3n de motivos.<\/p>\n\n\n\n<p class=\"wp-block-paragraph\"><strong><em>Se impondr\u00e1n multas de hasta el cinco por ciento de los ingresos anuales a los concesionarios que transmitan propaganda de gobiernos extranjeros<\/em><\/strong><em><\/em><\/p>\n\n\n\n<p class=\"wp-block-paragraph\">La Agencia tendr\u00e1 la responsabilidad de&nbsp;<strong>administrar el espectro radioel\u00e9ctrico<\/strong>, regular la radiodifusi\u00f3n, supervisar servicios, otorgar concesiones y aplicar sanciones. \u201cLa administraci\u00f3n del espectro radioel\u00e9ctrico se ejercer\u00e1 por la Agencia (&#8230;) lo que incluye la elaboraci\u00f3n y aprobaci\u00f3n de planes y programas de uso, el establecimiento de condiciones para la atribuci\u00f3n de bandas de frecuencia, el otorgamiento de concesiones, autorizaciones y constancias de registro, la supervisi\u00f3n de las emisiones radioel\u00e9ctricas, la aplicaci\u00f3n del r\u00e9gimen de sanciones, y cualquier otra acci\u00f3n necesaria\u201d, indica el documento.<\/p>\n\n\n\n<p class=\"wp-block-paragraph\">La administraci\u00f3n del espectro radioel\u00e9ctrico se ejercer\u00e1 por la Agencia, lo que incluye la elaboraci\u00f3n y aprobaci\u00f3n de planes de uso, el otorgamiento de concesiones y la aplicaci\u00f3n de sanciones<\/p>\n\n\n\n<p class=\"wp-block-paragraph\">El texto argumenta que la reforma busca \u201creducir la brecha digital\u201d y atender \u201czonas de muy dif\u00edcil acceso\u201d, pero tambi\u00e9n se\u00f1ala que la&nbsp;<strong>Agencia<\/strong>&nbsp;garantizar\u00e1 \u201cla disponibilidad de bandas de frecuencias del espectro radioel\u00e9ctrico o capacidad de redes para el&nbsp;<strong>Ejecutivo Federal<\/strong>&nbsp;con fines de&nbsp;<strong>seguridad nacional<\/strong>,&nbsp;<strong>seguridad p\u00fablica<\/strong>, conectividad de sitios p\u00fablicos, cobertura social y dem\u00e1s necesidades, funciones, fines y objetivos a su cargo\u201d.<\/p>\n\n\n\n<p class=\"wp-block-paragraph\">El nuevo regulador tendr\u00e1 tambi\u00e9n facultades para emitir \u201cdisposiciones administrativas, as\u00ed como ordenamientos t\u00e9cnicos en materia de&nbsp;<strong>radiocomunicaciones espaciales<\/strong>,&nbsp;<strong>plataformas de gran altitud<\/strong>&nbsp;y&nbsp;<strong>servicios satelitales<\/strong>\u201d, adem\u00e1s de \u201cllevar a cabo pruebas destinadas a la investigaci\u00f3n y el desarrollo tecnol\u00f3gico [&#8230;] utilizando cualquier banda de frecuencias disponible, para cualquier servicio de radiocomunicaciones\u201d.<\/p>\n\n\n\n<p class=\"wp-block-paragraph\">Respecto a las&nbsp;<strong>concesiones sociales<\/strong>, se establece que \u201cestas concesiones tienen como objetivo, fortalecer la comunicaci\u00f3n permitiendo que las&nbsp;<strong>radios sociales<\/strong>&nbsp;y&nbsp;<strong>comunitarias<\/strong>&nbsp;desempe\u00f1en un papel clave en la difusi\u00f3n de contenidos de inter\u00e9s p\u00fablico\u201d, aunque tambi\u00e9n advierte que \u201cla solicitud y el otorgamiento de concesiones podr\u00edan derivar en la acumulaci\u00f3n de este recurso, limitando su disponibilidad para otros actores\u201d.<\/p>\n\n\n\n<p class=\"wp-block-paragraph\">La iniciativa otorga al&nbsp;Ejecutivo Federal&nbsp;control total sobre las asignaciones, regulaciones y supervisiones sin requerir, como antes, la intervenci\u00f3n de un \u00f3rgano independiente como el&nbsp;IFT. \u201cEl&nbsp;Gobierno Federal&nbsp;contar\u00e1 con las concesiones, autorizaciones y asignaciones en&nbsp;radiodifusi\u00f3n&nbsp;y&nbsp;telecomunicaciones, necesarias para el ejercicio de sus funciones\u201d.<\/p>\n\n\n\n<p class=\"wp-block-paragraph\"><em>Jorge Bravo, presidente de la&nbsp;Asociaci\u00f3n Mexicana de Derecho a la Informaci\u00f3n (Amedi), consider\u00f3 que la iniciativa se limita a empoderar a la&nbsp;Agencia de Transformaci\u00f3n Digital y Telecomunicaciones<\/em>.<\/p>\n\n\n\n<p class=\"wp-block-paragraph\">\u201cLo que busca es fortalecer la institucionalidad y las atribuciones de la&nbsp;<strong>agencia<\/strong>&nbsp;y la nueva autoridad de competencia, que todav\u00eda no existe, y que ser\u00e1 la que tome las acciones de preponderancia. No mueve en gran medida lo que dice la reforma de 2014, sino que centraliza las atribuciones y el poder del sector en la&nbsp;<strong>Presidencia de la Rep\u00fablica<\/strong>\u201d, coment\u00f3 el especialista a&nbsp;<strong>El Sol de M\u00e9xico<\/strong>.<\/p>\n\n\n\n<p class=\"wp-block-paragraph\"><strong>Bravo<\/strong>&nbsp;destac\u00f3 que el poder concentrado tambi\u00e9n permitir\u00e1 al regulador el bloqueo de alguna&nbsp;<strong>plataforma digital<\/strong>&nbsp;cuando las autoridades se lo soliciten por incumplimiento a disposiciones u obligaciones, sin embargo, se\u00f1ala que la&nbsp;<strong>agencia<\/strong>&nbsp;emitir\u00e1 los lineamientos para esta acci\u00f3n.<\/p>\n\n\n\n<p class=\"wp-block-paragraph\">El presidente de la&nbsp;<strong>Amedi<\/strong>&nbsp;consider\u00f3 que la nueva iniciativa deja a la industria en una especie de \u201cpasmo\u201d, ya que no otorga flexibilidad a los&nbsp;<strong>agentes preponderantes<\/strong>&nbsp;y espera que el nuevo&nbsp;<strong>\u00f3rgano de competencia<\/strong>&nbsp;determine las reglas en ese sentido.<\/p>\n\n\n\n<p class=\"wp-block-paragraph\">Este diario busc\u00f3 a las principales empresas de los sectores de&nbsp;telecomunicaciones&nbsp;y&nbsp;radiodifusi\u00f3n, as\u00ed como a la&nbsp;C\u00e1mara Nacional de la Industria Electr\u00f3nica y de Tecnolog\u00edas de la Informaci\u00f3n (Canieti)&nbsp;para solicitar una postura sobre la iniciativa, pero al cierre de esta edici\u00f3n no obtuvo respuesta.<\/p>\n\n\n\n<p class=\"wp-block-paragraph\">\u201cEst\u00e1 bien que fortalezca al regulador, porque nadie quiere instituciones d\u00e9biles, pero darle tanto poder a una&nbsp;<strong>agencia<\/strong>&nbsp;que no es aut\u00f3noma s\u00f3lo hace m\u00e1s fuerte al&nbsp;<strong>poder Ejecutivo<\/strong>&nbsp;en un sector relevante de la econom\u00eda por los ingresos que genera, su dinamismo y la transversalidad que tiene\u201d, concluy\u00f3&nbsp;<strong>Bravo<\/strong>.<\/p>\n","protected":false},"excerpt":{"rendered":"<p>Claudia Sheinbaum, presidenta de M\u00e9xico, durante una conferencia de prensa.&nbsp;\/&nbsp;Foto: Laura Lovera \/ El Sol de M\u00e9xico La iniciativa de la presidenta surgi\u00f3 despu\u00e9s de que en canales de televisi\u00f3n abierta se transmitiera un comercial que promueve las medidas antimigratorias del mandatario estadounidense Donald Trump Deja en pasmo a los medios privados dice especialista Juan [&hellip;]<\/p>\n","protected":false},"author":3,"featured_media":94856,"comment_status":"open","ping_status":"open","sticky":false,"template":"","format":"standard","meta":{"_monsterinsights_skip_tracking":false,"footnotes":""},"categories":[694],"tags":[],"class_list":["post-94855","post","type-post","status-publish","format-standard","has-post-thumbnail","category-destacadas"],"_links":{"self":[{"href":"https:\/\/redsemlac.com\/semmexico\/wp-json\/wp\/v2\/posts\/94855","targetHints":{"allow":["GET"]}}],"collection":[{"href":"https:\/\/redsemlac.com\/semmexico\/wp-json\/wp\/v2\/posts"}],"about":[{"href":"https:\/\/redsemlac.com\/semmexico\/wp-json\/wp\/v2\/types\/post"}],"author":[{"embeddable":true,"href":"https:\/\/redsemlac.com\/semmexico\/wp-json\/wp\/v2\/users\/3"}],"replies":[{"embeddable":true,"href":"https:\/\/redsemlac.com\/semmexico\/wp-json\/wp\/v2\/comments?post=94855"}],"version-history":[{"count":0,"href":"https:\/\/redsemlac.com\/semmexico\/wp-json\/wp\/v2\/posts\/94855\/revisions"}],"wp:featuredmedia":[{"embeddable":true,"href":"https:\/\/redsemlac.com\/semmexico\/wp-json\/wp\/v2\/media\/94856"}],"wp:attachment":[{"href":"https:\/\/redsemlac.com\/semmexico\/wp-json\/wp\/v2\/media?parent=94855"}],"wp:term":[{"taxonomy":"category","embeddable":true,"href":"https:\/\/redsemlac.com\/semmexico\/wp-json\/wp\/v2\/categories?post=94855"},{"taxonomy":"post_tag","embeddable":true,"href":"https:\/\/redsemlac.com\/semmexico\/wp-json\/wp\/v2\/tags?post=94855"}],"curies":[{"name":"wp","href":"https:\/\/api.w.org\/{rel}","templated":true}]}}