{"id":94852,"date":"2025-04-25T17:07:05","date_gmt":"2025-04-25T23:07:05","guid":{"rendered":"https:\/\/redsemlac.com\/semmexico\/?p=94852"},"modified":"2025-04-25T17:07:21","modified_gmt":"2025-04-25T23:07:21","slug":"estela-lenero-nuevo-premio-nacional-de-dramaturgia-juan-ruiz-de-alarcon-2025","status":"publish","type":"post","link":"https:\/\/redsemlac.com\/semmexico\/estela-lenero-nuevo-premio-nacional-de-dramaturgia-juan-ruiz-de-alarcon-2025\/","title":{"rendered":"Estela Le\u00f1ero nuevo \u00a0Premio Nacional de Dramaturgia Juan Ruiz de Alarc\u00f3n 2025"},"content":{"rendered":"\n<p class=\"wp-block-paragraph\">El jurado decidi\u00f3 otorgarle el galard\u00f3n por su trayectoria de m\u00e1s de 40 a\u00f1os escribiendo y difundiendo teatro<\/p>\n\n\n\n<p class=\"wp-block-paragraph\">Su trabajo se distingue por una intensa labor de investigaci\u00f3n en sus obras, que abordan desde lo \u00edntimo hasta temas de justicia social, siempre desde una mirada feminista<\/p>\n\n\n\n<p class=\"wp-block-paragraph\">Redacci\u00f3n<\/p>\n\n\n\n<p class=\"wp-block-paragraph\">SemM\u00e9xico, Cd. de M\u00e9xico, 25 de abril, 2025.- &nbsp;Estela Le\u00f1ero Franco es &nbsp;la ganadora del Premio Nacional de Dramaturgia Juan Ruiz de Alarc\u00f3n 2025, cuya obra est\u00e1 relacionada con la justicia social desde una mirada feminista, y su talento probado con &nbsp;exploraciones formales de la escritura para la escena, una verdadera oficiante &nbsp;de la dramaturgia,&nbsp; antrop\u00f3loga, que escribe y dirige obras de teatro, reconocida&nbsp; nacional e internacionalmente.<\/p>\n\n\n\n<p class=\"wp-block-paragraph\">Nacida en la Ciudad de M\u00e9xico en 1960 tambi\u00e9n se dedica al periodismo teatral y es productora de radio, su trayectoria muestra su intervenci\u00f3n &nbsp;en distintos momentos del teatro nacional. Los riesgos que asume Le\u00f1ero Franco en su escritura nos parecen dignos de todo encomio\u201d, se lee en el acta de deliberaci\u00f3n firmada por los miembros del jurado.<\/p>\n\n\n\n<p class=\"wp-block-paragraph\">Esta premiaci\u00f3n la dio a conocer la Secretar\u00eda de Cultura del Gobierno de M\u00e9xico y el Instituto Nacional de Bellas Artes y Literatura (INBAL), a trav\u00e9s de la Coordinaci\u00f3n Nacional de Literatura, en conjunto con el estado de Guerrero.<\/p>\n\n\n\n<p class=\"wp-block-paragraph\">El jurado calificador \u2212integrado por Bertha Hiriart, Jos\u00e9 Antonio Cerezo y Jaime Chabaud\u2212, que revis\u00f3 previamente las propuestas que se presentaron al certamen, decidi\u00f3 de manera un\u00e1nime entregar el galard\u00f3n a la dramaturga considerando &nbsp;su trayectoria de m\u00e1s de 40 a\u00f1os escribiendo de y para el teatro con un intenso trabajo de investigaci\u00f3n.<\/p>\n\n\n\n<p class=\"wp-block-paragraph\">\u201cNo s\u00f3lo de asuntos que van de lo \u00edntimo a la justicia social desde una mirada feminista, sino por sus evidentes exploraciones formales de la escritura para la escena. Sus b\u00fasquedas en el oficio de la dramaturgia muestran un amplio diapas\u00f3n de estructuras que en distintos momentos del teatro nacional contempor\u00e1neo han resultado innovadoras. Los riesgos que asume Le\u00f1ero en su escritura nos parecen dignos de todo encomio\u201d, se lee en el acta de deliberaci\u00f3n firmada por los miembros del jurado.<\/p>\n\n\n\n<p class=\"wp-block-paragraph\">En el documento se a\u00f1ade que, como mujer de teatro y activista de diversas causas, Le\u00f1ero Franco ha formado nuevas generaciones de escritores, promovido la dramaturgia nacional y sostenido espacios de difusi\u00f3n en radio y prensa a favor de la cultura y el teatro; \u201clo que la ha convertido en una voz cr\u00edtica necesaria para nuestro pa\u00eds\u201d.<\/p>\n\n\n\n<p class=\"wp-block-paragraph\">El jurado consider\u00f3 que en la presente emisi\u00f3n del certamen se postularon candidatas y candidatos de inmensa val\u00eda y trayectoria, que han sido y son protagonistas contundentes de la escena teatral mexicana. \u201cPor esta raz\u00f3n, el ejercicio de seleccionar ganador implic\u00f3 para el jurado una tarea de enorme dificultad\u201d, expone.&nbsp;<\/p>\n\n\n\n<p class=\"wp-block-paragraph\">En entrevista, Estela Le\u00f1ero Franco se dijo conmovida por la decisi\u00f3n y la opini\u00f3n del jurado calificador, ya que \u2212expres\u00f3\u2212 es el reconocimiento a su trabajo desde las b\u00fasquedas teatrales, las cuales son una gu\u00eda para seguir produciendo teatro, con nuevas formas de creaci\u00f3n y experimentaci\u00f3n.<\/p>\n\n\n\n<p class=\"wp-block-paragraph\">Asimismo, agradeci\u00f3 al jurado por el reconocimiento a su labor desde \u201cesta perspectiva feminista y en favor de las mujeres y de la justicia social; esta visi\u00f3n que han expresado me toca mucho el coraz\u00f3n y estoy muy agradecida con este reconocimiento que adem\u00e1s tambi\u00e9n valora esta labor m\u00eda como maestra y como difusora, promotora del teatro nacional, principalmente\u201d.<\/p>\n\n\n\n<p class=\"wp-block-paragraph\">Respecto a la trascendencia del Premio Nacional de Dramaturgia, la autora de&nbsp;<em>Una mirada al teatro en M\u00e9xico<\/em>&nbsp;(2017) se\u00f1al\u00f3 que se trata de toda una tradici\u00f3n y un reconocimiento por muchos a\u00f1os a la dramaturgia nacional, al ser un galard\u00f3n fundamental e imprescindible \u201cporque es una manera de dar valor a la creaci\u00f3n de pensamiento, a la creaci\u00f3n de identidad de un \u2018nosotros\u2019, de un \u2018nosotras\u2019 visto desde la esencia teatral que es la dramaturgia\u201d.<\/p>\n\n\n\n<p class=\"wp-block-paragraph\">Es dramaturga, maestra, tallerista y cr\u00edtica de teatro, as\u00ed como productora de radio. Estudi\u00f3 la&nbsp;Licenciatura en Antropolog\u00eda Social (1979-1983) en la Universidad Aut\u00f3noma Metropolitana-Iztapalapa.&nbsp;Fue coordinadora del \u00e1rea de Informaci\u00f3n y difusi\u00f3n del Centro de Investigaci\u00f3n Teatral Rodolfo Usigli (Instituto Nacional de Bellas Artes y Literatura) y jefa de Prensa y Relaciones P\u00fablicas de la Direcci\u00f3n de Teatro y Danza (Universidad Nacional Aut\u00f3noma de M\u00e9xico).&nbsp;<\/p>\n\n\n\n<p class=\"wp-block-paragraph\">Publica en la revista&nbsp;<em>Proceso<\/em>&nbsp;la columna&nbsp;<em>Teatro<\/em>&nbsp;y conduce&nbsp;<em>Este lado del teatro<\/em>&nbsp;en C\u00f3digo CDMX. Ha colaborado en&nbsp;<em>El Nacional, Esc\u00e9nica, Teatro<\/em>&nbsp;(Revista del Instituto Nacional de Teatro de la UNESCO),&nbsp;<em>La Jornada Semanal&nbsp;<\/em>y&nbsp;<em>Unom\u00e1suno<\/em>. Colaboradora en&nbsp;<em>Proceso<\/em>,&nbsp;<em>Paso de Gato<\/em>,&nbsp;<em>Revista Mexicana de Teatro<\/em>,&nbsp;<em>Revista Conjunto<\/em>&nbsp;(Cuba),&nbsp;<em>ADE Teatro<\/em>, Asociaci\u00f3n de directores de escena (Espa\u00f1a). Tambi\u00e9n es conductora del programa radiof\u00f3nico&nbsp;<em>Este Lado del Teatro<\/em>.&nbsp;<\/p>\n\n\n\n<p class=\"wp-block-paragraph\">Ha recibido numerosos premios y reconocimientos, entre los que se encuentran: Menci\u00f3n honor\u00edfica en el Premio Nacional de Dramaturgia Rodolfo Usigli (UNAM) por la obra&nbsp;<em>Las m\u00e1quinas de coser<\/em>&nbsp;(1985); Premio Nacional Obra de Teatro Malcom Lowry (INBAL), con la obra&nbsp;<em>Habitaci\u00f3n en blanco&nbsp;<\/em>(1989); Premio Nacional de Periodismo \u00abRosario Castellanos 1993\u00bb en la rama de Prensa escrita; Premio Nacional de Dramaturgia V\u00edctor Hugo Rasc\u00f3n Banda por la obra&nbsp;<em>El Codex Romanoff<\/em>&nbsp;(2004); y el Premio a la mejor Dramaturgia del a\u00f1o otorgado por la Asociaci\u00f3n de Periodistas por&nbsp;<em>Remedios para Leonora<\/em>, entre otros.<\/p>\n\n\n\n<p class=\"wp-block-paragraph\">Es autora de obras como&nbsp;<em>Casa llena&nbsp;<\/em>(1987) y&nbsp;<em>Tooodos los d\u00edas&nbsp;<\/em>(1988), dirigidas por Alberto Lomnitz;&nbsp;<em>Las m\u00e1quinas de coser&nbsp;<\/em>(1984), dirigida por Luis de Tavira en 1990, con la Compa\u00f1\u00eda del Centro de Experimentaci\u00f3n Teatral del INBAL;&nbsp;<em>Instant\u00e1neas<\/em>&nbsp;(1991), dirigida por Jorge Galv\u00e1n;&nbsp;<em>Insomnio<\/em>&nbsp;(1993) y&nbsp;<em>Paisaje interior<\/em>&nbsp;(1994), ambas dirigidas por la autora.<\/p>\n\n\n\n<p class=\"wp-block-paragraph\">En 1988 fueron inauguradas las primeras Jornadas Alarconianas en la ciudad de Taxco, Guerrero. En paralelo se instituy\u00f3 el Premio de Literatura \u201cJuan Ruiz de Alarc\u00f3n\u201d, convocado por el INBAL y el gobierno de Guerrero.&nbsp;<\/p>\n\n\n\n<p class=\"wp-block-paragraph\">En 1998 se rebautiz\u00f3 como Premio de Dramaturgia \u201cJuan Ruiz de Alarc\u00f3n\u201d, con el fin de galardonar por trayectoria \u201ca escritores con valiosa obra de creaci\u00f3n dram\u00e1tica, mexicanos de nacimiento o residentes en la Rep\u00fablica Mexicana\u201d.&nbsp;<\/p>\n","protected":false},"excerpt":{"rendered":"<p>El jurado decidi\u00f3 otorgarle el galard\u00f3n por su trayectoria de m\u00e1s de 40 a\u00f1os escribiendo y difundiendo teatro Su trabajo se distingue por una intensa labor de investigaci\u00f3n en sus obras, que abordan desde lo \u00edntimo hasta temas de justicia social, siempre desde una mirada feminista Redacci\u00f3n SemM\u00e9xico, Cd. de M\u00e9xico, 25 de abril, 2025.- [&hellip;]<\/p>\n","protected":false},"author":3,"featured_media":94853,"comment_status":"open","ping_status":"open","sticky":false,"template":"","format":"standard","meta":{"_monsterinsights_skip_tracking":false,"footnotes":""},"categories":[748],"tags":[],"class_list":["post-94852","post","type-post","status-publish","format-standard","has-post-thumbnail","category-cultura-feminista"],"_links":{"self":[{"href":"https:\/\/redsemlac.com\/semmexico\/wp-json\/wp\/v2\/posts\/94852","targetHints":{"allow":["GET"]}}],"collection":[{"href":"https:\/\/redsemlac.com\/semmexico\/wp-json\/wp\/v2\/posts"}],"about":[{"href":"https:\/\/redsemlac.com\/semmexico\/wp-json\/wp\/v2\/types\/post"}],"author":[{"embeddable":true,"href":"https:\/\/redsemlac.com\/semmexico\/wp-json\/wp\/v2\/users\/3"}],"replies":[{"embeddable":true,"href":"https:\/\/redsemlac.com\/semmexico\/wp-json\/wp\/v2\/comments?post=94852"}],"version-history":[{"count":0,"href":"https:\/\/redsemlac.com\/semmexico\/wp-json\/wp\/v2\/posts\/94852\/revisions"}],"wp:featuredmedia":[{"embeddable":true,"href":"https:\/\/redsemlac.com\/semmexico\/wp-json\/wp\/v2\/media\/94853"}],"wp:attachment":[{"href":"https:\/\/redsemlac.com\/semmexico\/wp-json\/wp\/v2\/media?parent=94852"}],"wp:term":[{"taxonomy":"category","embeddable":true,"href":"https:\/\/redsemlac.com\/semmexico\/wp-json\/wp\/v2\/categories?post=94852"},{"taxonomy":"post_tag","embeddable":true,"href":"https:\/\/redsemlac.com\/semmexico\/wp-json\/wp\/v2\/tags?post=94852"}],"curies":[{"name":"wp","href":"https:\/\/api.w.org\/{rel}","templated":true}]}}