{"id":94830,"date":"2025-04-25T16:26:12","date_gmt":"2025-04-25T22:26:12","guid":{"rendered":"https:\/\/redsemlac.com\/semmexico\/?p=94830"},"modified":"2025-04-25T16:26:13","modified_gmt":"2025-04-25T22:26:13","slug":"condena-rosa-icela-rodriguez-asesinato-de-madre-buscadora-y-su-hijo","status":"publish","type":"post","link":"https:\/\/redsemlac.com\/semmexico\/condena-rosa-icela-rodriguez-asesinato-de-madre-buscadora-y-su-hijo\/","title":{"rendered":"Condena Rosa Icela Rodr\u00edguez asesinato de madre buscadora y su hijo\u00a0"},"content":{"rendered":"\n<p class=\"wp-block-paragraph\">La secretaria de Gobernaci\u00f3n, Rosa Icela Rodr\u00edguez (al centro) realiz\u00f3 este jueves la quinta jornada de di\u00e1logo con familias buscadoras. Foto Jair Cabrera Torres<br><br><\/p>\n\n\n\n<p class=\"wp-block-paragraph\">Redacci\u00f3n<\/p>\n\n\n\n<p class=\"wp-block-paragraph\">SemM\u00e9xico, <em>Ciudad de M\u00e9xico, 25 de abril de 2025.-<\/em>\u00a0La secretaria de Gobernaci\u00f3n, Rosa Icela Rodr\u00edguez, conden\u00f3 el asesinato de Mar\u00eda del Carmen Morales, integrante del colectivo Guerreros Buscadores de Jalisco, y su hijo Jaime Daniel Ram\u00edrez Morales, de 26 a\u00f1os.\u00a0<br><br>Al encabezar el cierre de la quinta jornada de di\u00e1logo de la dependencia con colectivos de buscadores de personas desaparecidas, que concluy\u00f3 este jueves luego de tres d\u00edas de trabajos, la titular de la Secretar\u00eda de Gobernaci\u00f3n pidi\u00f3 un minuto de silencio, en memoria de la buscadora asesinada la noche del mi\u00e9rcoles, ante los representantes de casi un centenar de colectivos que acudieron al encuentro realizado en un centro de convenciones de la Ciudad de M\u00e9xico.<\/p>\n\n\n\n<p class=\"wp-block-paragraph\"><br><br>\u201cSolamente les ped\u00eda un momento para algo importante: Expresar nuestro m\u00e1s profundo pesar por el asesinato de la se\u00f1ora Mar\u00eda del Carmen Morales, madre buscadora, y de su hijo, Jaime Daniel Ram\u00edrez Morales. Condenamos en\u00e9rgicamente estos hechos, reiteramos nuestro compromiso con la justicia y la lucha contra la impunidad, no s\u00f3lo en este caso, sino en todos aquellos que lastiman a las familias y a la sociedad\u201d, indic\u00f3.&nbsp;<br><br>\u201c\u00bfPor qu\u00e9 los buscamos?, porque los amamos\u201d, gritaron representantes de los colectivos tras guardar el minuto de silencio.&nbsp;<\/p>\n\n\n\n<p class=\"wp-block-paragraph\"><br>En entrevista al concluir el acto, Rodr\u00edguez Vel\u00e1zquez detall\u00f3 que el subsecretario de Derechos Humanos, Poblaci\u00f3n y Migraci\u00f3n de la Secretar\u00eda de Gobernaci\u00f3n, Arturo Medina, ya est\u00e1 en contacto con la familia de Mar\u00eda del Carmen Morales, y recibieron un reporte de la fiscal\u00eda estatal, pero expuso que prefiere que sea dicha instancia la que d\u00e9 a conocer la informaci\u00f3n porque es a quienes les corresponde la informaci\u00f3n inicia.&nbsp;<br><br>\u201cLamentamos mucho este suceso, y nosotros vamos a estar pendientes del seguimiento de las investigaciones\u201d, agreg\u00f3.<\/p>\n\n\n\n<p class=\"wp-block-paragraph\"><br>Tambi\u00e9n, subray\u00f3 que pidieron a la Fiscal\u00eda estatal mantenerse atenta a la seguridad de la familia de Mar\u00eda del Carmen Morales, y asegur\u00f3 que se les dar\u00e1 protecci\u00f3n<\/p>\n\n\n\n<p class=\"wp-block-paragraph\"><\/p>\n","protected":false},"excerpt":{"rendered":"<p>La secretaria de Gobernaci\u00f3n, Rosa Icela Rodr\u00edguez (al centro) realiz\u00f3 este jueves la quinta jornada de di\u00e1logo con familias buscadoras. Foto Jair Cabrera Torres Redacci\u00f3n SemM\u00e9xico, Ciudad de M\u00e9xico, 25 de abril de 2025.-\u00a0La secretaria de Gobernaci\u00f3n, Rosa Icela Rodr\u00edguez, conden\u00f3 el asesinato de Mar\u00eda del Carmen Morales, integrante del colectivo Guerreros Buscadores de Jalisco, [&hellip;]<\/p>\n","protected":false},"author":3,"featured_media":94831,"comment_status":"open","ping_status":"open","sticky":false,"template":"","format":"standard","meta":{"_monsterinsights_skip_tracking":false,"footnotes":""},"categories":[48],"tags":[],"class_list":["post-94830","post","type-post","status-publish","format-standard","has-post-thumbnail","category-no-mas-impunidad-no-mas-impunidad"],"_links":{"self":[{"href":"https:\/\/redsemlac.com\/semmexico\/wp-json\/wp\/v2\/posts\/94830","targetHints":{"allow":["GET"]}}],"collection":[{"href":"https:\/\/redsemlac.com\/semmexico\/wp-json\/wp\/v2\/posts"}],"about":[{"href":"https:\/\/redsemlac.com\/semmexico\/wp-json\/wp\/v2\/types\/post"}],"author":[{"embeddable":true,"href":"https:\/\/redsemlac.com\/semmexico\/wp-json\/wp\/v2\/users\/3"}],"replies":[{"embeddable":true,"href":"https:\/\/redsemlac.com\/semmexico\/wp-json\/wp\/v2\/comments?post=94830"}],"version-history":[{"count":0,"href":"https:\/\/redsemlac.com\/semmexico\/wp-json\/wp\/v2\/posts\/94830\/revisions"}],"wp:featuredmedia":[{"embeddable":true,"href":"https:\/\/redsemlac.com\/semmexico\/wp-json\/wp\/v2\/media\/94831"}],"wp:attachment":[{"href":"https:\/\/redsemlac.com\/semmexico\/wp-json\/wp\/v2\/media?parent=94830"}],"wp:term":[{"taxonomy":"category","embeddable":true,"href":"https:\/\/redsemlac.com\/semmexico\/wp-json\/wp\/v2\/categories?post=94830"},{"taxonomy":"post_tag","embeddable":true,"href":"https:\/\/redsemlac.com\/semmexico\/wp-json\/wp\/v2\/tags?post=94830"}],"curies":[{"name":"wp","href":"https:\/\/api.w.org\/{rel}","templated":true}]}}