{"id":94825,"date":"2025-04-25T15:17:10","date_gmt":"2025-04-25T21:17:10","guid":{"rendered":"https:\/\/redsemlac.com\/semmexico\/?p=94825"},"modified":"2025-04-25T15:17:11","modified_gmt":"2025-04-25T21:17:11","slug":"dialoga-amalia-garcia-con-migrantes-sobre-retos-y-oportunidades-en-estados-unidos","status":"publish","type":"post","link":"https:\/\/redsemlac.com\/semmexico\/dialoga-amalia-garcia-con-migrantes-sobre-retos-y-oportunidades-en-estados-unidos\/","title":{"rendered":"Dialoga Amalia Garc\u00eda con migrantes sobre retos y oportunidades en Estados Unidos"},"content":{"rendered":"\n<p class=\"wp-block-paragraph\"><em>La senadora de Movimiento Ciudadano explic\u00f3 que el objetivo del Foro Transnacional sobre Pol\u00edticas Migratorias es construir compromisos que atiendan las demandas de la poblaci\u00f3n migrante mexicana.<\/em><\/p>\n\n\n\n<p class=\"wp-block-paragraph\">Desde Ginebra ONU expresa preocupaci\u00f3n por la creciente militarizaci\u00f3n de la gesti\u00f3n migratoria y pide cesar participaci\u00f3n de las fuerzas armadas<\/p>\n\n\n\n<p class=\"wp-block-paragraph\"><br>Redacci\u00f3n<\/p>\n\n\n\n<p class=\"wp-block-paragraph\">SemM\u00e9xico, Cd. de M\u00e9xico,&nbsp;&nbsp; 25 de abril,&nbsp;&nbsp;&nbsp; 2025.-Con la finalidad de conocer los retos y oportunidades que enfrenta la comunidad migrante mexicana que reside en Estados Unidos, la senadora de Movimiento Ciudadano, Amalia Garc\u00eda, encabez\u00f3 este jueves en las instalaciones del Senado de la Rep\u00fablica el Foro Transnacional sobre Pol\u00edticas Migratorias.<\/p>\n\n\n\n<p class=\"wp-block-paragraph\"><br>Durante la inauguraci\u00f3n del evento organizado conjuntamente con el Colectivo de Federaciones y Organizaciones Mexicanas Migrantes en Estados Unidos (COLEFOM), la tambi\u00e9n presidenta de la Comisi\u00f3n Especial de Seguimiento a la Implementaci\u00f3n de la Agenda 2030 explic\u00f3 que el objetivo de este foro es construir compromisos que atiendan las demandas de la poblaci\u00f3n migrante mexicana.<\/p>\n\n\n\n<p class=\"wp-block-paragraph\">\u201cEl objetivo es que aqu\u00ed se analicen qu\u00e9 compromisos se deben asumir conjuntamente, qu\u00e9 retos existen para afrontar la actual situaci\u00f3n que se est\u00e1 viviendo y qu\u00e9 oportunidades se abren\u201d, coment\u00f3 la legisladora por Zacatecas.<\/p>\n\n\n\n<p class=\"wp-block-paragraph\"><br>\u201cQueremos que de aqu\u00ed salgan propuestas, iniciativas, reflexiones, que nos comprometan con ustedes, que permitan que sus derechos sean reconocidos y defendidos plenamente, como debe ser. Lo que ustedes plantean es tener acceso a todos sus derechos, a derechos pol\u00edticos, a derechos econ\u00f3micos, a derechos sociales en M\u00e9xico y fuera de M\u00e9xico, y el Senado de la Rep\u00fablica lo recibe con mucho entusiasmo\u201d.<\/p>\n\n\n\n<p class=\"wp-block-paragraph\"><br>Efra\u00edn Jim\u00e9nez Mu\u00f1oz, coordinador general de COLEFOM, destac\u00f3 que los migrantes contribuyen de manera importante a la hacienda mexicana con las remesas, las visitas y las compras que hacen en el pa\u00eds, por lo que consider\u00f3 fundamental ser parte de la toma de decisiones.<\/p>\n\n\n\n<p class=\"wp-block-paragraph\">\u201cNo estamos demandando privilegios, solo estamos pidiendo y solicitando que necesitamos piso parejo, que necesitamos que se nos escuche y que se vea reflejado nuevamente en una pol\u00edtica migratoria de Estado con un enfoque de derechos humanos en donde se quede claro que la comunidad mexicana migrante no es un sector, somos una extensi\u00f3n de la naci\u00f3n mexicana\u201d, se\u00f1al\u00f3.<\/p>\n\n\n\n<p class=\"wp-block-paragraph\">\u201cEl reto que tenemos aqu\u00ed hoy d\u00eda es c\u00f3mo obtenemos ese compromiso para hacer la transici\u00f3n del discurso a pol\u00edticas p\u00fablicas y acciones concretas que se vean reflejadas en un presupuesto justo. Un presupuesto donde tengamos mejores servicios en los consulados, donde tengamos mejores atenciones para quienes venimos de regreso, ya sea por deportaci\u00f3n, ya sea porque queremos venirnos a vivir el sue\u00f1o mexicano o porque venimos por voluntad propia\u201d.<\/p>\n\n\n\n<p class=\"wp-block-paragraph\">Enrique Provencio Durazo, coordinador general de Programa de Estudios del Desarrollo (PUED) de la UNAM, dijo que M\u00e9xico es una naci\u00f3n transterritorial que incluye a los 40 millones de personas mexicanas que residen en el extranjero. En ese sentido, se\u00f1al\u00f3 que M\u00e9xico debe discutir a fondo c\u00f3mo integrar plenamente a los migrantes en la agenda nacional, las pol\u00edticas p\u00fablicas y en el presupuesto.&nbsp;<\/p>\n\n\n\n<p class=\"wp-block-paragraph\">\u201cAsumir en todas sus consecuencias las implicaciones de la naci\u00f3n transterritorial es la oportunidad que tenemos ahora enfrente para cumplir con las obligaciones de protecci\u00f3n a los derechos de esa poblaci\u00f3n nacional que est\u00e1 fuera de las fronteras\u201d, opin\u00f3.<br><br><\/p>\n\n\n\n<p class=\"wp-block-paragraph\">\u201cY por otro lado, para comprender que nuestro desarrollo ser\u00e1 m\u00e1s viable si reconocemos esta nueva estructura de la naci\u00f3n mexicana, y no solo con las remesas, al que adem\u00e1s de aportar jugosamente a Estados Unidos con su trabajo imprescindible, sus contribuciones fiscales y otras fuentes est\u00e1n aport\u00e1ndole a M\u00e9xico a pesar de la postura oficial de xenofobia, criminalizaci\u00f3n, racismo, estigmatizaci\u00f3n y persecuci\u00f3n del gobierno de Estados Unidos\u201d.<br><br><\/p>\n\n\n\n<p class=\"wp-block-paragraph\">Tonatiuh Guill\u00e9n L\u00f3pez, del PUED, se\u00f1al\u00f3 que el Estado mexicano tiene el desaf\u00edo de relacionarse jur\u00eddicamente con los mexicanos que viven y que nacieron en el extranjero.&nbsp;<\/p>\n\n\n\n<figure class=\"wp-block-image size-large\"><a href=\"https:\/\/redsemlac.com\/semmexico\/wp-content\/uploads\/2025\/04\/dialoga-amalia-garcia-02.jpg\"><img loading=\"lazy\" decoding=\"async\" width=\"1024\" height=\"682\" src=\"https:\/\/redsemlac.com\/semmexico\/wp-content\/uploads\/2025\/04\/dialoga-amalia-garcia-02-1024x682.jpg\" alt=\"\" class=\"wp-image-94827\" srcset=\"https:\/\/redsemlac.com\/semmexico\/wp-content\/uploads\/2025\/04\/dialoga-amalia-garcia-02-1024x682.jpg 1024w, https:\/\/redsemlac.com\/semmexico\/wp-content\/uploads\/2025\/04\/dialoga-amalia-garcia-02-300x200.jpg 300w, https:\/\/redsemlac.com\/semmexico\/wp-content\/uploads\/2025\/04\/dialoga-amalia-garcia-02-768x512.jpg 768w, https:\/\/redsemlac.com\/semmexico\/wp-content\/uploads\/2025\/04\/dialoga-amalia-garcia-02-150x100.jpg 150w, https:\/\/redsemlac.com\/semmexico\/wp-content\/uploads\/2025\/04\/dialoga-amalia-garcia-02-696x464.jpg 696w, https:\/\/redsemlac.com\/semmexico\/wp-content\/uploads\/2025\/04\/dialoga-amalia-garcia-02-1068x712.jpg 1068w, https:\/\/redsemlac.com\/semmexico\/wp-content\/uploads\/2025\/04\/dialoga-amalia-garcia-02.jpg 1280w\" sizes=\"auto, (max-width: 1024px) 100vw, 1024px\" \/><\/a><\/figure>\n\n\n\n<p class=\"wp-block-paragraph\">\u201cDebe ahora relacionarse el Estado con alrededor de 38 o 40 mil millones de mexicanos en el extranjero, que tienen una agenda social, pol\u00edtica, pol\u00edtica de desarrollo distinta de la que tenemos mexicanos en el territorio, pero que debe ser igual jur\u00eddicamente. Necesariamente es diferente, jur\u00eddicamente debe ser igual. El que debe adecuarse es el Estado frente a la nueva composici\u00f3n de la naci\u00f3n\u201d, expres\u00f3.<\/p>\n\n\n\n<p class=\"wp-block-paragraph\">En tanto, Rodolfo Garc\u00eda Zamora, de la Universidad Aut\u00f3noma de Zacatecas (UAZ), se\u00f1al\u00f3 que durante los \u00faltimos 40 a\u00f1os M\u00e9xico ha tenido pol\u00edticas migratorias reactivas, parciales y tard\u00edas. En ese sentido, consider\u00f3 que M\u00e9xico requiere un nuevo proyecto de naci\u00f3n y un nuevo proyecto econ\u00f3mico que incluya a la poblaci\u00f3n migrante.&nbsp;<\/p>\n\n\n\n<p class=\"wp-block-paragraph\">Jorge Arturo Garc\u00eda, de la Comisi\u00f3n de Derechos Plenos del COLEFOM, coincidi\u00f3 en que las y los mexicanos en el extranjero merecen una silla en todos los espacios de toma de decisiones, incluyendo el Congreso de la Uni\u00f3n y los congresos locales, as\u00ed como facilitar el voto en el extranjero.&nbsp;<\/p>\n\n\n\n<p class=\"wp-block-paragraph\">X\u00f3chitl Casta\u00f1eda, de la Comisi\u00f3n de Salud y Medio Ambiente del COLEFOM, pidi\u00f3 dotar de recursos suficientes a los consulados para que puedan mejorar sus servicios de salud y ayuden a preservar la salud de los mexicanos en el extranjero. De igual manera, se\u00f1al\u00f3 que actualmente existe en M\u00e9xico 278 hospitales con telemedicina, los cuales podr\u00edan brindar servicios en el exterior para ayudar a realizar diagn\u00f3sticos oportunos.<\/p>\n\n\n\n<p class=\"wp-block-paragraph\">Francisco Moreno, de la Comisi\u00f3n de Asuntos Pol\u00edticos USA de COLEFOM, expuso que la migraci\u00f3n forzada es el resultado directo de econom\u00edas fr\u00e1giles, instituciones d\u00e9biles y territorios deteriorados, por lo que es imperativo construir un esfuerzo sistem\u00e1tico y regional que apueste por un verdadero desarrollo sostenible, capaz de arraigar a las poblaciones en sus comunidades de origen, mediante la creaci\u00f3n de empleos dignos, ingresos suficientes y bienestar social adecuado.<\/p>\n\n\n\n<p class=\"wp-block-paragraph\">Odilia Romero, de la Comisi\u00f3n de Asuntos Ind\u00edgenas de COLEFOM, expuso que hay muchos migrantes mexicanos en el extranjero que hablan espa\u00f1ol, por lo que es indispensable que se garantice el derecho a un int\u00e9rprete.<\/p>\n\n\n\n<p class=\"wp-block-paragraph\">\u201cCuando se nos asume mexicanos, se asume que hablamos espa\u00f1ol. Y en Estados Unidos sufrimos lo que es la violencia ling\u00fc\u00edstica. Y por eso, para que nosotros tengamos acceso a nuestros derechos pol\u00edticos, salud, acceso a informaci\u00f3n, en Estados Unidos, inclusive aqu\u00ed en M\u00e9xico, el derecho a un int\u00e9rprete se debe de reconocer como un derecho humano\u201d, manifest\u00f3.<\/p>\n\n\n\n<p class=\"wp-block-paragraph\">N\u00e9rida Vargas, de la Comisi\u00f3n de Recursos y Programas de COLEFOM, propuso la implementaci\u00f3n de programas de inversi\u00f3n en Estados Unidos para impulsar proyectos productivos en los sectores agroindustriales, pues actualmente el 90% de los migrantes mexicanos son originarios de zonas rurales.<\/p>\n\n\n\n<p class=\"wp-block-paragraph\">En tanto, Beatriz Ricartti, de la Comisi\u00f3n de Fortalecimiento Institucional de COLEFOM, plante\u00f3 adecuaciones a la Ley de Fomento a las Organizaciones Sociales para incluir a las organizaciones en el extranjero e impulsar el reconocimiento de las organizaciones binacionales como actores leg\u00edtimos.&nbsp;<\/p>\n\n\n\n<p class=\"wp-block-paragraph\"><br>En este foro tambi\u00e9n estuvieron presentes el senador Gerardo Fern\u00e1ndez Noro\u00f1a, presidente de la Mesa Directiva del Senado, as\u00ed como los senadores Juan Carlos Loera y Emmanuel Reyes Carmona, quienes expresaron su respaldo a la comunidad migrante mexicana.<\/p>\n\n\n\n<p class=\"wp-block-paragraph\"><strong>El Comit\u00e9 de la ONU sobre Trabajadores Migratorios publica observaciones sobre Jamaica, M\u00e9xico y N\u00edger<\/strong><\/p>\n\n\n\n<p class=\"wp-block-paragraph\">&nbsp;Desde Ginebra el Comit\u00e9 de las Naciones Unidas para la Protecci\u00f3n de los Derechos de Todos los Trabajadores Migratorios y de sus Familiares (CMW) public\u00f3 ayer sus observaciones finales sobre Jamaica, M\u00e9xico y N\u00edger.<\/p>\n\n\n\n<p class=\"wp-block-paragraph\">Las observaciones contienen las principales preocupaciones y recomendaciones del Comit\u00e9 sobre la aplicaci\u00f3n de la Convenci\u00f3n Internacional sobre la Protecci\u00f3n de los Derechos de Todos los Trabajadores Migratorios y de sus Familiares, as\u00ed como los aspectos positivos identificados. Entre los puntos m\u00e1s destacados se encuentran:<\/p>\n\n\n\n<p class=\"wp-block-paragraph\">M\u00e9xico<\/p>\n\n\n\n<p class=\"wp-block-paragraph\">El Comit\u00e9 tom\u00f3 nota de los esfuerzos de M\u00e9xico por armonizar su Ley de Migraci\u00f3n con la Ley General de los Derechos de Ni\u00f1as, Ni\u00f1os y Adolescentes (LGDNNA), mediante la reforma legal de 2020, en particular para poner fin a la detenci\u00f3n de ni\u00f1as, ni\u00f1os y familias migrantes y sus familias. Tambi\u00e9n celebr\u00f3 las recientes iniciativas adoptadas por el Estado para fortalecer la asistencia y protecci\u00f3n consulares a sus nacionales en el extranjero, especialmente en los Estados Unidos de Am\u00e9rica.<\/p>\n\n\n\n<p class=\"wp-block-paragraph\">El Comit\u00e9 expres\u00f3 preocupaci\u00f3n por la creciente militarizaci\u00f3n de la gesti\u00f3n migratoria, la participaci\u00f3n de empresas privadas de seguridad, y el uso generalizado de operativos de verificaci\u00f3n migratoria en todo el pa\u00eds por actores sin facultades legales para ello. El Comit\u00e9 inst\u00f3 al Estado parte a cesar la participaci\u00f3n de las Fuerzas Armadas en funciones migratorias, a poner fin a la subcontrataci\u00f3n de funciones clave a actores privados, y a fortalecer los mecanismos nacionales de supervisi\u00f3n y rendici\u00f3n de cuentas.<\/p>\n\n\n\n<p class=\"wp-block-paragraph\">Asimismo, el Comit\u00e9 manifest\u00f3 preocupaci\u00f3n por el uso continuo y generalizado de la privaci\u00f3n de libertad por motivos migratorios, haciendo un llamado urgente a respetar el l\u00edmite m\u00e1ximo de 36 horas de detenci\u00f3n en estaciones migratorias, poner fin a esta pr\u00e1ctica y establecer salvaguardas s\u00f3lidas para las personas migrantes en situaci\u00f3n de vulnerabilidad, con pol\u00edticas p\u00fablicas que prioricen su protecci\u00f3n sobre consideraciones de seguridad, junto con mecanismos de monitoreo y acceso para la sociedad civil.<\/p>\n\n\n\n<p class=\"wp-block-paragraph\"><strong>Antecedentes<\/strong><\/p>\n\n\n\n<p class=\"wp-block-paragraph\">El Comit\u00e9 sobre la Protecci\u00f3n de los Derechos de Todos los Trabajadores Migratorios y de sus Familiares supervisa la aplicaci\u00f3n de la Convenci\u00f3n por parte de los Estados que la han ratificado, la cual cuenta actualmente con 60 Estados parte. El Comit\u00e9 est\u00e1 compuesto por 14 personas expertas independientes en derechos humanos de todo el mundo, quienes act\u00faan a t\u00edtulo personal y no como representantes de sus pa\u00edses.<\/p>\n","protected":false},"excerpt":{"rendered":"<p>La senadora de Movimiento Ciudadano explic\u00f3 que el objetivo del Foro Transnacional sobre Pol\u00edticas Migratorias es construir compromisos que atiendan las demandas de la poblaci\u00f3n migrante mexicana. Desde Ginebra ONU expresa preocupaci\u00f3n por la creciente militarizaci\u00f3n de la gesti\u00f3n migratoria y pide cesar participaci\u00f3n de las fuerzas armadas Redacci\u00f3n SemM\u00e9xico, Cd. de M\u00e9xico,&nbsp;&nbsp; 25 de [&hellip;]<\/p>\n","protected":false},"author":3,"featured_media":94826,"comment_status":"open","ping_status":"open","sticky":false,"template":"","format":"standard","meta":{"_monsterinsights_skip_tracking":false,"footnotes":""},"categories":[50],"tags":[],"class_list":["post-94825","post","type-post","status-publish","format-standard","has-post-thumbnail","category-congreso"],"_links":{"self":[{"href":"https:\/\/redsemlac.com\/semmexico\/wp-json\/wp\/v2\/posts\/94825","targetHints":{"allow":["GET"]}}],"collection":[{"href":"https:\/\/redsemlac.com\/semmexico\/wp-json\/wp\/v2\/posts"}],"about":[{"href":"https:\/\/redsemlac.com\/semmexico\/wp-json\/wp\/v2\/types\/post"}],"author":[{"embeddable":true,"href":"https:\/\/redsemlac.com\/semmexico\/wp-json\/wp\/v2\/users\/3"}],"replies":[{"embeddable":true,"href":"https:\/\/redsemlac.com\/semmexico\/wp-json\/wp\/v2\/comments?post=94825"}],"version-history":[{"count":0,"href":"https:\/\/redsemlac.com\/semmexico\/wp-json\/wp\/v2\/posts\/94825\/revisions"}],"wp:featuredmedia":[{"embeddable":true,"href":"https:\/\/redsemlac.com\/semmexico\/wp-json\/wp\/v2\/media\/94826"}],"wp:attachment":[{"href":"https:\/\/redsemlac.com\/semmexico\/wp-json\/wp\/v2\/media?parent=94825"}],"wp:term":[{"taxonomy":"category","embeddable":true,"href":"https:\/\/redsemlac.com\/semmexico\/wp-json\/wp\/v2\/categories?post=94825"},{"taxonomy":"post_tag","embeddable":true,"href":"https:\/\/redsemlac.com\/semmexico\/wp-json\/wp\/v2\/tags?post=94825"}],"curies":[{"name":"wp","href":"https:\/\/api.w.org\/{rel}","templated":true}]}}