{"id":94820,"date":"2025-04-25T15:11:39","date_gmt":"2025-04-25T21:11:39","guid":{"rendered":"https:\/\/redsemlac.com\/semmexico\/?p=94820"},"modified":"2025-04-25T15:12:22","modified_gmt":"2025-04-25T21:12:22","slug":"urge-implementar-politicas-anticorrupcion-con-perspectiva-de-genero-coinciden-en-el-senado","status":"publish","type":"post","link":"https:\/\/redsemlac.com\/semmexico\/urge-implementar-politicas-anticorrupcion-con-perspectiva-de-genero-coinciden-en-el-senado\/","title":{"rendered":"Urge implementar pol\u00edticas anticorrupci\u00f3n con perspectiva de g\u00e9nero, coinciden en el Senado"},"content":{"rendered":"\n<p class=\"wp-block-paragraph\">Senadores y especialistas reconocieron que la corrupci\u00f3n afecta de manera diferenciada a hombres y mujeres<\/p>\n\n\n\n<p class=\"wp-block-paragraph\">&nbsp;Redacci\u00f3n&nbsp;&nbsp;&nbsp;&nbsp;&nbsp;&nbsp;&nbsp;&nbsp;&nbsp;&nbsp;&nbsp;&nbsp;&nbsp;&nbsp;&nbsp;&nbsp;&nbsp;&nbsp;&nbsp;&nbsp;&nbsp;&nbsp;&nbsp;&nbsp;&nbsp;&nbsp;&nbsp;&nbsp;&nbsp;&nbsp;&nbsp;&nbsp;&nbsp;&nbsp;&nbsp;&nbsp;&nbsp;&nbsp;&nbsp;&nbsp;&nbsp;&nbsp;&nbsp;&nbsp;&nbsp;&nbsp;&nbsp;&nbsp;&nbsp;&nbsp;&nbsp;&nbsp;<\/p>\n\n\n\n<p class=\"wp-block-paragraph\">SemM\u00e9xico, Cd. de M\u00e9xico, 25 de abril, 2025.- El senador Francisco Daniel Barreda Pav\u00f3n reconoci\u00f3 que la corrupci\u00f3n no s\u00f3lo afecta al bienestar econ\u00f3mico y social del pa\u00eds, sino que impacta especialmente a las mujeres y se manifiesta en formas espec\u00edficas de discriminaci\u00f3n, violencia institucional y desigualdad en el acceso a la justicia.<\/p>\n\n\n\n<p class=\"wp-block-paragraph\">Al inaugurar el foro \u201cAgenda anticorrupci\u00f3n con perspectiva de g\u00e9nero\u201d, el legislador de Movimiento Ciudadano destac\u00f3 que la lucha contra la corrupci\u00f3n requiere un compromiso y colaboraci\u00f3n entre todos los sectores de la sociedad y las autoridades de gobierno, ya que ninguna instituci\u00f3n puede enfrentarse sola a este desaf\u00edo.<\/p>\n\n\n\n<p class=\"wp-block-paragraph\">Explic\u00f3 que este encuentro surge de la necesidad de integrar una visi\u00f3n inclusiva y equitativa en las pol\u00edticas, a trav\u00e9s de un di\u00e1logo abierto y plural que permita identificar los retos particulares que enfrentan las mujeres frente a este fen\u00f3meno y dise\u00f1ar soluciones integrales y efectivas que garanticen no solo la reducci\u00f3n de la corrupci\u00f3n, sino tambi\u00e9n la construcci\u00f3n de instituciones p\u00fablicas m\u00e1s justas y equitativas.<\/p>\n\n\n\n<p class=\"wp-block-paragraph\">\u201cPara abordar la corrupci\u00f3n desde esta perspectiva, buscamos garantizar que las pol\u00edticas p\u00fablicas sean verdaderamente representativas, inclusivas y eficaces, asegurando que nadie se quede atr\u00e1s de este esfuerzo pol\u00edtico\u201d, agreg\u00f3.<\/p>\n\n\n\n<p class=\"wp-block-paragraph\">En este sentido, el legislador manifest\u00f3 su compromiso, como presidente de la Comisi\u00f3n de Anticorrupci\u00f3n y Transparencia del Senado de la Rep\u00fablica, de promover leyes, pol\u00edticas y acciones que implementen plenamente la perspectiva de g\u00e9nero y el combate a la corrupci\u00f3n.<\/p>\n\n\n\n<p class=\"wp-block-paragraph\">Por su parte, Blanca Patricia Talavera Torres, comisionada de Participaci\u00f3n Ciudadana del Sistema Nacional Anticorrupci\u00f3n, mencion\u00f3 que la corrupci\u00f3n afecta de manera diferenciada a hombres y a mujeres, especialmente en el acceso a la justicia, por lo que es necesario promover mejoras en las pol\u00edticas p\u00fablicas sobre esta materia, en donde se fomente m\u00e1s el humanismo y el enfoque diferenciado con raz\u00f3n de g\u00e9nero, a fin de logar un M\u00e9xico donde la igualdad sustantiva sea una realidad.<\/p>\n\n\n\n<p class=\"wp-block-paragraph\">En su oportunidad, Mar\u00eda Elisa Vera Madrigal, titular jur\u00eddica de la Fiscal\u00eda Especializada en Materia de Combate a la Corrupci\u00f3n, asegur\u00f3 que las mujeres son orilladas, con mayor frecuencia que los hombres, a pagar sobornos, incluyendo favores sexuales, con tal de recibir oportunidades de trabajo o servicios de salud y educaci\u00f3n p\u00fablica.<\/p>\n\n\n\n<p class=\"wp-block-paragraph\">Revel\u00f3 que una de cada cinco mujeres ha experimentado extorsi\u00f3n sexual o conocen a alguien que la haya padecido, por lo que se pronunci\u00f3 por establecer tipos penales que permitan sancionar conductas relacionadas con hechos de corrupci\u00f3n que perjudican a las mujeres por su condici\u00f3n de g\u00e9nero, por ejemplo, el peculado sexual.<\/p>\n\n\n\n<p class=\"wp-block-paragraph\">\u201cSin leyes donde se identifiquen estas conductas, no siempre hay mucho que podamos hacer desde la procuraci\u00f3n de justicia\u201d, agreg\u00f3.<\/p>\n\n\n\n<p class=\"wp-block-paragraph\">En tanto, Mar\u00eda Guadalupe Ju\u00e1rez Hern\u00e1ndez, directora general de Instrumentos de Pol\u00edtica Nacional de Igualdad de la Secretar\u00eda de las Mujeres, asegur\u00f3 que el gobierno de la presidenta Claudia Sheinbaum pretende crear pol\u00edticas p\u00fablicas que reconozcan la igualdad de g\u00e9nero y asumir el compromiso para que el gobierno y las instituciones ya no sean parte de la cadena de la corrupci\u00f3n; de esa manera, si se condiciona una acci\u00f3n, se aplique la ley con todo el rigor.<\/p>\n\n\n\n<p class=\"wp-block-paragraph\">Finalmente, Arturo Serrano Meneses, titular del \u00f3rgano interno de control de la Fiscal\u00eda General de la Rep\u00fablica, acept\u00f3 que la desigualdad de g\u00e9nero no s\u00f3lo es una consecuencia de sistemas sociales inequitativos, sino que tambi\u00e9n se convierte en un factor que contribuye al fortalecimiento de redes de corrupci\u00f3n.<\/p>\n\n\n\n<p class=\"wp-block-paragraph\">\u201cAs\u00ed pues, la corrupci\u00f3n se encuentra estrechamente ligada a la impunidad, y es que la ausencia de sanciones frente a actos il\u00edcitos permite que las mismas conductas se repitan, que se institucionalicen, y peor a\u00fan, que quienes ostentan el poder no enfrenten consecuencias. Este sitio perpetuo, mina la confianza en las instituciones y debilita el Estado de derecho\u201d, opin\u00f3.<\/p>\n","protected":false},"excerpt":{"rendered":"<p>Senadores y especialistas reconocieron que la corrupci\u00f3n afecta de manera diferenciada a hombres y mujeres &nbsp;Redacci\u00f3n&nbsp;&nbsp;&nbsp;&nbsp;&nbsp;&nbsp;&nbsp;&nbsp;&nbsp;&nbsp;&nbsp;&nbsp;&nbsp;&nbsp;&nbsp;&nbsp;&nbsp;&nbsp;&nbsp;&nbsp;&nbsp;&nbsp;&nbsp;&nbsp;&nbsp;&nbsp;&nbsp;&nbsp;&nbsp;&nbsp;&nbsp;&nbsp;&nbsp;&nbsp;&nbsp;&nbsp;&nbsp;&nbsp;&nbsp;&nbsp;&nbsp;&nbsp;&nbsp;&nbsp;&nbsp;&nbsp;&nbsp;&nbsp;&nbsp;&nbsp;&nbsp;&nbsp; SemM\u00e9xico, Cd. de M\u00e9xico, 25 de abril, 2025.- El senador Francisco Daniel Barreda Pav\u00f3n reconoci\u00f3 que la corrupci\u00f3n no s\u00f3lo afecta al bienestar econ\u00f3mico y social del pa\u00eds, sino que impacta especialmente a las mujeres y se manifiesta en [&hellip;]<\/p>\n","protected":false},"author":3,"featured_media":94822,"comment_status":"open","ping_status":"open","sticky":false,"template":"","format":"standard","meta":{"_monsterinsights_skip_tracking":false,"footnotes":""},"categories":[50],"tags":[],"class_list":["post-94820","post","type-post","status-publish","format-standard","has-post-thumbnail","category-congreso"],"_links":{"self":[{"href":"https:\/\/redsemlac.com\/semmexico\/wp-json\/wp\/v2\/posts\/94820","targetHints":{"allow":["GET"]}}],"collection":[{"href":"https:\/\/redsemlac.com\/semmexico\/wp-json\/wp\/v2\/posts"}],"about":[{"href":"https:\/\/redsemlac.com\/semmexico\/wp-json\/wp\/v2\/types\/post"}],"author":[{"embeddable":true,"href":"https:\/\/redsemlac.com\/semmexico\/wp-json\/wp\/v2\/users\/3"}],"replies":[{"embeddable":true,"href":"https:\/\/redsemlac.com\/semmexico\/wp-json\/wp\/v2\/comments?post=94820"}],"version-history":[{"count":0,"href":"https:\/\/redsemlac.com\/semmexico\/wp-json\/wp\/v2\/posts\/94820\/revisions"}],"wp:featuredmedia":[{"embeddable":true,"href":"https:\/\/redsemlac.com\/semmexico\/wp-json\/wp\/v2\/media\/94822"}],"wp:attachment":[{"href":"https:\/\/redsemlac.com\/semmexico\/wp-json\/wp\/v2\/media?parent=94820"}],"wp:term":[{"taxonomy":"category","embeddable":true,"href":"https:\/\/redsemlac.com\/semmexico\/wp-json\/wp\/v2\/categories?post=94820"},{"taxonomy":"post_tag","embeddable":true,"href":"https:\/\/redsemlac.com\/semmexico\/wp-json\/wp\/v2\/tags?post=94820"}],"curies":[{"name":"wp","href":"https:\/\/api.w.org\/{rel}","templated":true}]}}