{"id":94817,"date":"2025-04-25T15:10:06","date_gmt":"2025-04-25T21:10:06","guid":{"rendered":"https:\/\/redsemlac.com\/semmexico\/?p=94817"},"modified":"2025-04-25T15:10:07","modified_gmt":"2025-04-25T21:10:07","slug":"destaca-sep-aportacion-de-la-guerrerense-sara-castrejon-a-la-memoria-visual-de-la-revolucion-mexicana","status":"publish","type":"post","link":"https:\/\/redsemlac.com\/semmexico\/destaca-sep-aportacion-de-la-guerrerense-sara-castrejon-a-la-memoria-visual-de-la-revolucion-mexicana\/","title":{"rendered":"Destaca SEP aportaci\u00f3n de la Guerrerense Sara Castrej\u00f3n a la memoria visual de la Revoluci\u00f3n Mexicana"},"content":{"rendered":"\n<p class=\"wp-block-paragraph\">Su acervo de m\u00e1s de 600 im\u00e1genes est\u00e1 bajo el resguardo de la Fototeca Nacional, informa la subsecretaria de Educaci\u00f3n B\u00e1sica, Ang\u00e9lica Noem\u00ed Ju\u00e1rez P\u00e9rez<\/p>\n\n\n\n<p class=\"wp-block-paragraph\">Castrej\u00f3n capt\u00f3 momentos clave de la Revoluci\u00f3n, como el levantamiento maderista de 1911<\/p>\n\n\n\n<p class=\"wp-block-paragraph\">Fotografi\u00f3 tambi\u00e9n a integrantes de los contingentes zapatistas, antihuertistas y a figuras como la coronela Amparo Salgado y la capitana Carmen Robles<\/p>\n\n\n\n<p class=\"wp-block-paragraph\">Redacci\u00f3n&nbsp;<\/p>\n\n\n\n<p class=\"wp-block-paragraph\">SemM\u00e9xico, Cd. de M\u00e9xico, 25 de abril, 2025.- Con un acervo de m\u00e1s de 600 im\u00e1genes que hoy resguarda la Fototeca Nacional, Sara Castrej\u00f3n es considerada la primera mujer fot\u00f3grafa de la Revoluci\u00f3n Mexicana. Su obra es un referente para conocer el desarrollo y la historia del pa\u00eds, afirm\u00f3 la subsecretaria de Educaci\u00f3n B\u00e1sica de la Secretar\u00eda de Educaci\u00f3n P\u00fablica (SEP), Ang\u00e9lica Noem\u00ed Ju\u00e1rez P\u00e9rez.<\/p>\n\n\n\n<p class=\"wp-block-paragraph\">Durante la secci\u00f3n \u201cMujeres en la historia\u201d como parte de la conferencia matutina: \u201cLa ma\u00f1anera del pueblo\u201d, que encabeza&nbsp; Claudia Sheinbaum Pardo, se\u00f1al\u00f3 que, a pesar de que la fotograf\u00eda es clave para construir la memoria visual de la Revoluci\u00f3n Mexicana, pocas veces se reconoce la participaci\u00f3n de las mujeres detr\u00e1s de la lente, por lo que la figura de Sara Castrej\u00f3n representa una aportaci\u00f3n hist\u00f3rica invaluable.<\/p>\n\n\n\n<p class=\"wp-block-paragraph\">Nacida en Teloloapan, Guerrero, en 1888, Sara migr\u00f3 a la Ciudad de M\u00e9xico a los 18 a\u00f1os, donde aprendi\u00f3 fotograf\u00eda. En 1908 regres\u00f3 a su tierra natal para establecer su propio estudio fotogr\u00e1fico, desde donde tambi\u00e9n comenz\u00f3 a documentar escenas de la vida cotidiana.<\/p>\n\n\n\n<p class=\"wp-block-paragraph\">Castrej\u00f3n capt\u00f3 momentos clave de la Revoluci\u00f3n, como el levantamiento maderista de 1911. Fotografi\u00f3 tambi\u00e9n a integrantes de los contingentes zapatistas, antihuertistas y a figuras como la coronela Amparo Salgado y la capitana Carmen Robles.<\/p>\n\n\n\n<p class=\"wp-block-paragraph\">Su lente retrat\u00f3 tanto lo extraordinario como lo cotidiano. A solicitud de familiares, incluso lleg\u00f3 a documentar fusilamientos. Con sensibilidad y precisi\u00f3n, registr\u00f3 el impacto del conflicto armado en el pueblo guerrerense.<\/p>\n\n\n\n<p class=\"wp-block-paragraph\">M\u00e1s all\u00e1 de la Revoluci\u00f3n, continu\u00f3 su labor documental: fotografi\u00f3 el desarrollo de obras p\u00fablicas, y en 1937 retrat\u00f3 al presidente L\u00e1zaro C\u00e1rdenas, adem\u00e1s de captar im\u00e1genes del hallazgo de los restos de Cuauht\u00e9moc en Ixcateopan, en el marco de la investigaci\u00f3n de Eulalia Guzm\u00e1n.<\/p>\n\n\n\n<p class=\"wp-block-paragraph\">\u201cLa obra de Sara Castrej\u00f3n es un testimonio profundo de nuestra historia desde la mirada de una mujer. Invitamos a conocer su trabajo y valorar su contribuci\u00f3n a la memoria de M\u00e9xico\u201d, concluy\u00f3 la titular de Educaci\u00f3n B\u00e1sica.<\/p>\n\n\n\n<p class=\"wp-block-paragraph\"><\/p>\n","protected":false},"excerpt":{"rendered":"<p>Su acervo de m\u00e1s de 600 im\u00e1genes est\u00e1 bajo el resguardo de la Fototeca Nacional, informa la subsecretaria de Educaci\u00f3n B\u00e1sica, Ang\u00e9lica Noem\u00ed Ju\u00e1rez P\u00e9rez Castrej\u00f3n capt\u00f3 momentos clave de la Revoluci\u00f3n, como el levantamiento maderista de 1911 Fotografi\u00f3 tambi\u00e9n a integrantes de los contingentes zapatistas, antihuertistas y a figuras como la coronela Amparo Salgado [&hellip;]<\/p>\n","protected":false},"author":3,"featured_media":94818,"comment_status":"open","ping_status":"open","sticky":false,"template":"","format":"standard","meta":{"_monsterinsights_skip_tracking":false,"footnotes":""},"categories":[748],"tags":[],"class_list":["post-94817","post","type-post","status-publish","format-standard","has-post-thumbnail","category-cultura-feminista"],"_links":{"self":[{"href":"https:\/\/redsemlac.com\/semmexico\/wp-json\/wp\/v2\/posts\/94817","targetHints":{"allow":["GET"]}}],"collection":[{"href":"https:\/\/redsemlac.com\/semmexico\/wp-json\/wp\/v2\/posts"}],"about":[{"href":"https:\/\/redsemlac.com\/semmexico\/wp-json\/wp\/v2\/types\/post"}],"author":[{"embeddable":true,"href":"https:\/\/redsemlac.com\/semmexico\/wp-json\/wp\/v2\/users\/3"}],"replies":[{"embeddable":true,"href":"https:\/\/redsemlac.com\/semmexico\/wp-json\/wp\/v2\/comments?post=94817"}],"version-history":[{"count":0,"href":"https:\/\/redsemlac.com\/semmexico\/wp-json\/wp\/v2\/posts\/94817\/revisions"}],"wp:featuredmedia":[{"embeddable":true,"href":"https:\/\/redsemlac.com\/semmexico\/wp-json\/wp\/v2\/media\/94818"}],"wp:attachment":[{"href":"https:\/\/redsemlac.com\/semmexico\/wp-json\/wp\/v2\/media?parent=94817"}],"wp:term":[{"taxonomy":"category","embeddable":true,"href":"https:\/\/redsemlac.com\/semmexico\/wp-json\/wp\/v2\/categories?post=94817"},{"taxonomy":"post_tag","embeddable":true,"href":"https:\/\/redsemlac.com\/semmexico\/wp-json\/wp\/v2\/tags?post=94817"}],"curies":[{"name":"wp","href":"https:\/\/api.w.org\/{rel}","templated":true}]}}