{"id":9481,"date":"2019-07-04T20:43:04","date_gmt":"2019-07-04T20:43:04","guid":{"rendered":"https:\/\/redsemlac.com\/semmexico\/?p=9481"},"modified":"2023-07-21T14:50:11","modified_gmt":"2023-07-21T19:50:11","slug":"celebra-red-nacional-de-refugios-entrega-de-recursos","status":"publish","type":"post","link":"https:\/\/redsemlac.com\/semmexico\/celebra-red-nacional-de-refugios-entrega-de-recursos\/","title":{"rendered":"Celebra Red Nacional de Refugios entrega de recursos"},"content":{"rendered":"\n<p class=\"wp-block-paragraph\">* <strong><em>Hoy se inici\u00f3 la transferencia de recursos de la primera ministraci\u00f3n<\/em><\/strong><\/p>\n\n\n\n<p class=\"wp-block-paragraph\">* <strong><em>Favorece el acceso a la justicia de m\u00e1s de 25 mil mujeres, sus hijas e hijos<\/em><\/strong><\/p>\n\n\n\n<p class=\"wp-block-paragraph\">Redacci\u00f3n<\/p>\n\n\n\n<p class=\"wp-block-paragraph\">SemM\u00e9xico,\nCd. de M\u00e9xico, 4 julio 2019.- La Red Nacional de Refugios celebr\u00f3 que esta ma\u00f1ana\nse realizaron las primeras transferencias de la primera ministraci\u00f3n del\npresupuesto, asignado y aprobado en abril pasado en curso a los Refugios y\nCentros de Atenci\u00f3n Externa.<\/p>\n\n\n\n<p class=\"wp-block-paragraph\">En un\ncomunicado se\u00f1alan que los refugios que recibieron esta primera ministraci\u00f3n participaron\ny sus proyectos fueron aprobados mediante la Convocatoria P\u00fablica para la\nasignaci\u00f3n de subsidios para la prestaci\u00f3n de servicios de Refugios para\nMujeres, sus hijas e hijos que viven en violencia extrema y en su caso a sus\nCentros de Atenci\u00f3n Externa 2019 del Centro Nacional de Equidad de G\u00e9nero y\nSalud Reproductiva de la Secretaria de Salud. <\/p>\n\n\n\n<p class=\"wp-block-paragraph\">Por\nello, manifiestan su \u201cinmenso reconocimiento\u201d a todas las organizaciones,\nfeministas, acad\u00e9micas, instancias federales, personas de la sociedad y del\nlegislativo, que hicieron eco a nuestras solicitudes de acceso a la justicia y\nel derecho de m\u00e1s de 25 mil mujeres e infantes v\u00edctimas de violencias a contar\ncon atenci\u00f3n integral especializada y espacios de protecci\u00f3n. <\/p>\n\n\n\n<p class=\"wp-block-paragraph\">Asimismo,\nal personal de los Refugios y Centros Externos que resistieron con esperanza la\nausencia de recursos por su invaluable labor profesional \u00e9tica. <\/p>\n\n\n\n<p class=\"wp-block-paragraph\">La\nliberaci\u00f3n del presupuesto etiquetado en el Anexo 13, Ramo 12 \u201cSubsidios para\nrefugios y centros de atenci\u00f3n externa de refugios para mujeres v\u00edctimas de\nviolencia\u201d, permitir\u00e1n que miles de mujeres e infantes en diversas partes de la\nrep\u00fablica mexicana puedan continuar recibiendo atenci\u00f3n integral gratuita y\nespecializada, \u201crestituyendo sus derechos y reparando las secuelas f\u00edsicas y\nemocionales que las violencias han dejado en su cuerpo, en su alma y, como\norganizaciones de la sociedad civil continuaremos previniendo feminicidios en\ntodo el pa\u00eds\u201d. <\/p>\n\n\n\n<p class=\"wp-block-paragraph\">Se\ntrata de 45 Refugios y 24 Centros de Atenci\u00f3n externa, aprobados en la primera\nconvocatoria, y que ya cuenten con las transferencias correspondientes, por lo\nque esperan que se publique en este mes la segunda convocatoria p\u00fablica para\nque los refugios que no accedieron a esta primera puedan acceder. <\/p>\n\n\n\n<p class=\"wp-block-paragraph\">SEM\/sj<\/p>\n","protected":false},"excerpt":{"rendered":"<p>Favorece el acceso a la justicia de m\u00e1s de 25 mil mujeres, sus hijas e hijos<\/p>\n","protected":false},"author":3,"featured_media":9482,"comment_status":"open","ping_status":"open","sticky":false,"template":"","format":"standard","meta":{"_monsterinsights_skip_tracking":false,"footnotes":""},"categories":[690,54],"tags":[],"class_list":["post-9481","post","type-post","status-publish","format-standard","has-post-thumbnail","category-690","category-mujeres"],"_links":{"self":[{"href":"https:\/\/redsemlac.com\/semmexico\/wp-json\/wp\/v2\/posts\/9481","targetHints":{"allow":["GET"]}}],"collection":[{"href":"https:\/\/redsemlac.com\/semmexico\/wp-json\/wp\/v2\/posts"}],"about":[{"href":"https:\/\/redsemlac.com\/semmexico\/wp-json\/wp\/v2\/types\/post"}],"author":[{"embeddable":true,"href":"https:\/\/redsemlac.com\/semmexico\/wp-json\/wp\/v2\/users\/3"}],"replies":[{"embeddable":true,"href":"https:\/\/redsemlac.com\/semmexico\/wp-json\/wp\/v2\/comments?post=9481"}],"version-history":[{"count":0,"href":"https:\/\/redsemlac.com\/semmexico\/wp-json\/wp\/v2\/posts\/9481\/revisions"}],"wp:featuredmedia":[{"embeddable":true,"href":"https:\/\/redsemlac.com\/semmexico\/wp-json\/wp\/v2\/media\/9482"}],"wp:attachment":[{"href":"https:\/\/redsemlac.com\/semmexico\/wp-json\/wp\/v2\/media?parent=9481"}],"wp:term":[{"taxonomy":"category","embeddable":true,"href":"https:\/\/redsemlac.com\/semmexico\/wp-json\/wp\/v2\/categories?post=9481"},{"taxonomy":"post_tag","embeddable":true,"href":"https:\/\/redsemlac.com\/semmexico\/wp-json\/wp\/v2\/tags?post=9481"}],"curies":[{"name":"wp","href":"https:\/\/api.w.org\/{rel}","templated":true}]}}