{"id":9468,"date":"2019-07-04T19:42:27","date_gmt":"2019-07-04T19:42:27","guid":{"rendered":"https:\/\/redsemlac.com\/semmexico\/?p=9468"},"modified":"2023-07-21T14:50:12","modified_gmt":"2023-07-21T19:50:12","slug":"puerto-vallarta-foco-rojo-por-trata-y-violencia-contra-mujeres","status":"publish","type":"post","link":"https:\/\/redsemlac.com\/semmexico\/puerto-vallarta-foco-rojo-por-trata-y-violencia-contra-mujeres\/","title":{"rendered":"Puerto Vallarta, foco rojo por trata y violencia contra mujeres"},"content":{"rendered":"\n<p class=\"wp-block-paragraph\"> <strong><em>CEDHJ advierte que el municipio no ha cumplido con las alertas de g\u00e9nero local y federal.<\/em><\/strong><\/p>\n\n\n\n<p class=\"wp-block-paragraph\"><strong><em>* Es uno de los municipios del pa\u00eds con m\u00e1s casos de violencia machista<\/em><\/strong><\/p>\n\n\n\n<p class=\"wp-block-paragraph\"><strong>Analy S. Nu\u00f1o<\/strong><\/p>\n\n\n\n<p class=\"wp-block-paragraph\">SemM\u00e9xico,\nGuadalajara, Jal., 4 julio 2019, &#8211; Puerto Vallarta es un foco rojo por la trata\nde personas y la violencia contra las mujeres, a tres a\u00f1os de haberse decretado\nla alerta de g\u00e9nero local y seis meses de la federal.<\/p>\n\n\n\n<p class=\"wp-block-paragraph\">As\u00ed\nlo advierte la Comisi\u00f3n Estatal de Derechos Humanos en Jalisco (CEDHJ) en el\n\u201cInforme especial sobre la situaci\u00f3n de violencia contra las mujeres en\ncorrespondencia con los mecanismos de alerta de violencia contra las mujeres y\nalerta de g\u00e9nero\u201d, mismo que entreg\u00f3 al municipio se\u00f1alado por la Organizaci\u00f3n\nde las Naciones Unidas como uno de los 15 puntos a nivel nacional con mayor\nincidencia en trata de personas.<\/p>\n\n\n\n<p class=\"wp-block-paragraph\">La\nRelator\u00eda de los Derechos Humanos de las Mujeres y la Igualdad de G\u00e9nero,\nencargada de realizar el informe, record\u00f3 que al activar los mecanismos de\nalerta de g\u00e9nero se consider\u00f3 como prioritario a Puerto Vallarta en funci\u00f3n de\nla problem\u00e1tica sobre trata de personas y del n\u00famero de casos de muertes\nviolentas de mujeres registradas por el Instituto Jalisciense de Ciencias\nForenses. Pues, esta localidad se encuentra en el lugar 82 de los 100\nmunicipios con mayores \u00edndices de violencia contra las mujeres en el \u00e1mbito\nnacional, de acuerdo con el informe mensual del Secretariado Ejecutivo del\nSistema Nacional de Seguridad Enero- Abril 2019.<\/p>\n\n\n\n<p class=\"wp-block-paragraph\">El\ninforme se\u00f1ala que al correlacionar las acciones reportadas por los municipios\ncon los indicadores que se deb\u00edan de cumplir en los dos mecanismos de alerta,\ncon respecto al mecanismo estatal, no se han realizado las acciones necesarias\npara cumplir los requerimientos. <\/p>\n\n\n\n<p class=\"wp-block-paragraph\">En\ncuanto al patrullaje y la vigilancia en zonas de riesgo, se indica que s\u00f3lo se\nadquiri\u00f3 un veh\u00edculo, pero falta informar de las actividades realizadas. De\nigual forma, faltan avances en la mejora del alumbrado p\u00fablico en las zonas de\nriesgo. <\/p>\n\n\n\n<p class=\"wp-block-paragraph\">Adem\u00e1s\nse detalla que pese a que se firm\u00f3 un convenio para colaboraci\u00f3n y derivaci\u00f3n\npara la instalaci\u00f3n de un refugio de mujeres en situaci\u00f3n de violencia a un\nparticular, falta revisi\u00f3n del mismo. <\/p>\n\n\n\n<p class=\"wp-block-paragraph\">Con\nrespeto a la Alerta de Violencia de G\u00e9nero contra las Mujeres federal, la CEDHJ\nencontr\u00f3 que no hay un grupo especializado de b\u00fasqueda y reacci\u00f3n inmediata y\nno hay reportes de seguimiento de \u00f3rdenes de protecci\u00f3n. <\/p>\n\n\n\n<p class=\"wp-block-paragraph\">\u201cLos\ncolectivos solicitaron coordinaci\u00f3n con estados vecinos para la b\u00fasqueda\ninmediata de mujeres y ni\u00f1as desaparecidas\u201d, se\u00f1ala el informe.<\/p>\n\n\n\n<p class=\"wp-block-paragraph\">De\nacuerdo al documento, el municipio report\u00f3 como parte de las acciones\nrealizadas la instalaci\u00f3n de un m\u00f3dulo de atenci\u00f3n, que est\u00e1n dirigidos a\nconsolidar esfuerzos en la prevenci\u00f3n de la violencia contra las mujeres; la\ninstalaci\u00f3n de un Centro de Desarrollo para las Mujeres (CDM) con recurso de\nINMUJERES que consist\u00eda en contratar tres&nbsp;\nprofesionistas que conformaron un equipo multidisciplinario para atender\na mujeres en situaci\u00f3n de violencia, y la apertura del Centro de Justicia para\nlas Mujeres en Puerto Vallarta, dependiente de la Fiscal\u00eda General del Estado. <\/p>\n\n\n\n<p class=\"wp-block-paragraph\">Adem\u00e1s\nse indica que cumpli\u00f3 con el diagn\u00f3stico de necesidades de capacitaci\u00f3n de servidores\np\u00fablicos que atienden violencia y las campa\u00f1as de difusi\u00f3n para prevenirla. <\/p>\n\n\n\n<p class=\"wp-block-paragraph\">La\nconclusi\u00f3n a la que lleg\u00f3 la CEDHJ de acuerdo a la informaci\u00f3n obtenida, es que\n\u201cse constata que despu\u00e9s de tres a\u00f1os de haber decretado la alerta local y seis\nmeses de la alerta federal, existe un contexto de violencia y ausencia que las\nautoridades, deben atender con mayores esfuerzos\u201d. <\/p>\n\n\n\n<p class=\"wp-block-paragraph\">Por\nello, el organismo sugiere atender de forma urgente la problem\u00e1tica de trata de\npersonas con fines sexuales que \u201cha sido documentada a trav\u00e9s de diversas\ninvestigaciones y medios en donde hacen evidente el riesgo eminente que tienen\nlas ni\u00f1as y mujeres de ser v\u00edctimas de este delito en Puerto Vallarta\u201d.<\/p>\n\n\n\n<p class=\"wp-block-paragraph\">Asimismo,\ncon el fin de proteger los derechos humanos de las mujeres v\u00edctimas de\nviolencia, tener la unidad especializada de reacci\u00f3n y b\u00fasqueda inmediata de\nni\u00f1as, adolescentes y mujeres desaparecidas para coadyuvar con los trabajos de\nb\u00fasqueda de conformidad con el Protocolo Alba; contar con un marco normativo\nque rija la pol\u00edtica municipal en materia de igualdad de g\u00e9nero; realizar la\ninstalaci\u00f3n del Consejo Municipal de prevenci\u00f3n, atenci\u00f3n y erradicaci\u00f3n de la\nviolencia contra las mujeres, adoptando como modelo el Consejo Estatal\n(CEPAEVIM). <\/p>\n\n\n\n<p class=\"wp-block-paragraph\">Realizar\nlas acciones necesarias para concretar la instalaci\u00f3n de cuando menos un\nrefugio o casa de medio camino para toda la regi\u00f3n costa norte que sirva para\nel resguardo de mujeres v\u00edctimas de violencia, as\u00ed como de sus hijas e hijos de\nmanera inmediata y en condiciones dignas. Se sugiere al ayuntamiento de Puerto\nVallarta, revisar el funcionamiento del refugio privado localizado en el\nmunicipio y que es coordinado por un particular.<\/p>\n\n\n\n<p class=\"wp-block-paragraph\">Tambi\u00e9n\nse exhorta al municipio a que se realice e implemente un programa de formaci\u00f3n\nespecializada para el funcionariado que atiende a mujeres en situaci\u00f3n de\nviolencia. Trabajar en la implementaci\u00f3n del plan de mejora para la emisi\u00f3n,\ncontrol<br>\ny seguimiento de las \u00f3rdenes de protecci\u00f3n de acuerdo con las recomendaciones y\nal informe especial sobre medidas y \u00f3rdenes de protecci\u00f3n realizado por la\ndefensor\u00eda. Y elaborar un Programa de Prevenci\u00f3n de la Violencia contra las\nMujeres que pueda ser ejecutado por la comisar\u00eda de polic\u00eda del municipio. <\/p>\n\n\n\n<p class=\"wp-block-paragraph\">Adem\u00e1s,\ncoordinarse con la Comisi\u00f3n Ejecutiva Estatal de Atenci\u00f3n a V\u00edctimas (CEAV);\nanalizar la viabilidad de instalar en el ayuntamiento una Unidad de Atenci\u00f3n a\nV\u00edctimas de Violencia con la finalidad de que se implementen acciones conjuntas\ne integrales que permitan reforzar las medidas para la atenci\u00f3n de la violencia\ncontra las mujeres en el municipio de Puerto Vallarta. <\/p>\n\n\n\n<p class=\"wp-block-paragraph\">Asimismo\nsugiere realizar campa\u00f1as de prevenci\u00f3n, atenci\u00f3n y erradicaci\u00f3n de la\nviolencia contra ellas, principalmente dirigidas a hombres, que logren hacer\nvisibles las violencias que se ejercen contra las mujeres, principalmente las\nque ocurren en el hogar. As\u00ed como crear una estrategia para prevenir el\nembarazo adolescente acorde con los ejes estrat\u00e9gicos previstos en la\nestrategia nacional (ENAPEA). <\/p>\n\n\n\n<p class=\"wp-block-paragraph\">Y\nfinalmente, tener un presupuesto etiquetado para la plena aplicaci\u00f3n de los\nprogramas, proyectos y acciones que en materia de igualdad de g\u00e9nero se\nestablezcan de forma transversal en el Plan Municipal de Desarrollo y los que\nse establezcan en el Programa Municipal para la Igualdad entre Mujeres y\nHombres 2018-2021. <\/p>\n\n\n\n<p class=\"wp-block-paragraph\">El\ninforme analiz\u00f3 la violencia contra las mujeres como un fen\u00f3meno\nmultifactorial, enlazado a factores de vulnerabilidad estructural que\nprevalecen en una sociedad desigual. Por ello, se tomaron en cuenta las\ncondiciones que las vulneran por sus contextos econ\u00f3mico, educativo,\ninstitucional y presupuestal, entre otras, \u201cque les reducen las posibilidades\nde enfrentar las amenazas de su cotidianidad\u201d.<\/p>\n","protected":false},"excerpt":{"rendered":"<p>CEDHJ advierte que el municipio no ha cumplido con las alertas de g\u00e9nero local y federal.\ufeff<\/p>\n","protected":false},"author":3,"featured_media":9469,"comment_status":"open","ping_status":"open","sticky":false,"template":"","format":"standard","meta":{"_monsterinsights_skip_tracking":false,"footnotes":""},"categories":[690,51],"tags":[],"class_list":["post-9468","post","type-post","status-publish","format-standard","has-post-thumbnail","category-690","category-ejecutivo"],"_links":{"self":[{"href":"https:\/\/redsemlac.com\/semmexico\/wp-json\/wp\/v2\/posts\/9468","targetHints":{"allow":["GET"]}}],"collection":[{"href":"https:\/\/redsemlac.com\/semmexico\/wp-json\/wp\/v2\/posts"}],"about":[{"href":"https:\/\/redsemlac.com\/semmexico\/wp-json\/wp\/v2\/types\/post"}],"author":[{"embeddable":true,"href":"https:\/\/redsemlac.com\/semmexico\/wp-json\/wp\/v2\/users\/3"}],"replies":[{"embeddable":true,"href":"https:\/\/redsemlac.com\/semmexico\/wp-json\/wp\/v2\/comments?post=9468"}],"version-history":[{"count":0,"href":"https:\/\/redsemlac.com\/semmexico\/wp-json\/wp\/v2\/posts\/9468\/revisions"}],"wp:featuredmedia":[{"embeddable":true,"href":"https:\/\/redsemlac.com\/semmexico\/wp-json\/wp\/v2\/media\/9469"}],"wp:attachment":[{"href":"https:\/\/redsemlac.com\/semmexico\/wp-json\/wp\/v2\/media?parent=9468"}],"wp:term":[{"taxonomy":"category","embeddable":true,"href":"https:\/\/redsemlac.com\/semmexico\/wp-json\/wp\/v2\/categories?post=9468"},{"taxonomy":"post_tag","embeddable":true,"href":"https:\/\/redsemlac.com\/semmexico\/wp-json\/wp\/v2\/tags?post=9468"}],"curies":[{"name":"wp","href":"https:\/\/api.w.org\/{rel}","templated":true}]}}