{"id":9465,"date":"2019-07-04T00:07:11","date_gmt":"2019-07-04T00:07:11","guid":{"rendered":"https:\/\/redsemlac.com\/semmexico\/?p=9465"},"modified":"2023-07-21T14:50:12","modified_gmt":"2023-07-21T19:50:12","slug":"rafaga-14","status":"publish","type":"post","link":"https:\/\/redsemlac.com\/semmexico\/rafaga-14\/","title":{"rendered":"R\u00e1faga"},"content":{"rendered":"\n<h2 class=\"wp-block-heading\"> <strong>Restringen las Visitas a Palacio Nacional, por \u201cRecomendaci\u00f3n\u201d del INAH<\/strong><\/h2>\n\n\n\n<p class=\"wp-block-paragraph\"><strong>Jorge Herrera Valenzuela<\/strong><\/p>\n\n\n\n<p class=\"wp-block-paragraph\">SemM\u00e9xico. Cd. de M\u00e9xico. 3 de julio de 2019.- Se acab\u00f3 la era de la entrada libre a Palacio Nacional. Ahora quien desee recorrer las instalaciones del edifico colonial, deber\u00e1 de registrarse en la v\u00eda del Internet y en la entrada ser\u00e1 checado&nbsp;el nombre del&nbsp;visitante, ya sea nacional o turista extranjero, tr\u00e1tese de visita individual o de grupo. Habr\u00e1 un tope de admisi\u00f3n \u201cporque a veces es demasiada gente la que est\u00e1 adentro\u201d.<\/p>\n\n\n\n<p class=\"wp-block-paragraph\">Las medidas est\u00e1n en vigor desde las \u00faltimas semanas del pasado junio,&nbsp;para tener un mayor&nbsp;control del movimiento de personas \u201cporque con el Presidente aqu\u00ed&nbsp;(en Palacio Nacional), es necesario ese control y m\u00e1s cuando llegue su familia\u201d, seg\u00fan&nbsp;lo dijo el vocero presidencial apoy\u00e1ndose&nbsp;en &nbsp;\u201cla recomendaci\u00f3n\u201d&nbsp;que&nbsp;para restringir el n\u00famero de visitantes&nbsp;hizo&nbsp;Protecci\u00f3n Civil (no especific\u00f3 de qu\u00e9 dependencia) y&nbsp;el Instituto Nacional de Antropolog\u00eda e Historia.<\/p>\n\n\n\n<p class=\"wp-block-paragraph\">Es del dominio p\u00fablico que desde el martes 3de julio de 2018,&nbsp;como candidato triunfador en las elecciones presidenciales, Andr\u00e9s Manuel L\u00f3pez Obrador, de hecho tom\u00f3 posesi\u00f3n de Palacio Nacional y dio su primera conferencia en el Sal\u00f3n de la Tesorer\u00eda, donde acude a sus \u201cma\u00f1aneras\u201d. En esa ocasi\u00f3n fue invitado por su antecesor, suceso in\u00e9dito que sorprendi\u00f3 a todos.<\/p>\n\n\n\n<p class=\"wp-block-paragraph\">\u201cMis adversarios, que no mis enemigos, dicen&nbsp;se va a vivir a Palacio y van a cerrar el Palacio.&nbsp;Todo&nbsp;el&nbsp;Palacio para Andr\u00e9s Manuel. No. Si yo nada m\u00e1s necesito muy poco espacio\u201d, esto lo ha manifestado el Presidente de M\u00e9xico, quien determin\u00f3 no residir en Los Pinos y&nbsp;transformar en un museo&nbsp;la casa que orden\u00f3 construir el presidente L\u00e1zaro C\u00e1rdenas del R\u00edo, cuando Cuauht\u00e9moc C\u00e1rdenas Sol\u00f3rzano era un inocente beb\u00e9. Algunos presidentes vivieron en el Castillo de&nbsp;Chapultepec, entre 1920 y 1934.<\/p>\n\n\n\n<p class=\"wp-block-paragraph\">Oficialmente se inform\u00f3 que para la familia L\u00f3pez Guti\u00e9rrez se remodelar\u00e1&nbsp;el departamento que existe desde los d\u00edas del sexenio de Felipe Calder\u00f3n, que consist\u00eda en una rec\u00e1mara, sala, comedor y cocina. Obvio es que resulta reducido&nbsp;para los nuevos hu\u00e9spedes de Palacio Nacional&nbsp;e inclusive deber\u00e1 tener un espacio para recibir distinguidas personalidades, as\u00ed como a los amigos de la familia.&nbsp;Tambi\u00e9n se adaptar\u00e1n oficinas para \u201cel staff\u201d del tabasque\u00f1o.<\/p>\n\n\n\n<p class=\"wp-block-paragraph\"><strong>CIERRAN LA ESCALINATA PRINCIPAL<\/strong><\/p>\n\n\n\n<p class=\"wp-block-paragraph\">Para empezar, comentar\u00e9 que&nbsp;ha quedado cerrado el paso por&nbsp;la escalinata principal, misma que se encuentra a la izquierda despu\u00e9s de pasar por la puerta central de Palacio Nacional, el acceso&nbsp;que, por otros motivos,&nbsp;desde hace tiempo est\u00e1supervigilado por soldados de la Primera Zona Militar. Se coloc\u00f3 un cord\u00f3n para impedir el paso, por lo cual el visitante \u201cdebidamente registrado\u201d recibir\u00e1 informaci\u00f3n para llegar al segundo piso y desde ah\u00ed observar el mural que&nbsp;Diego Riverapint\u00f3, en los a\u00f1os 40,&nbsp;parte de la Historia de M\u00e9xico.<\/p>\n\n\n\n<p class=\"wp-block-paragraph\">Los turistas nacionales y extranjeros podr\u00e1n recorrer algunos pasillos del edificio, construido hace m\u00e1s de quinientos a\u00f1os, visitando los museos, el&nbsp;del propio&nbsp;Palacio Nacional &nbsp;el Recinto Benito Ju\u00e1rez y el del Parlamento, local del cuarto piso, donde tuvieron lugar las sesiones del hist\u00f3rico Congreso Constituyente de 1857, en el que participaron egregias figuras y que dio origen a una Constituci\u00f3n Pol\u00edtica inicialmente muy pol\u00e9mica.<\/p>\n\n\n\n<p class=\"wp-block-paragraph\">No hay acceso al Jard\u00edn de la Emperatriz, donde se encuentra la Esfera Plateada, una obra de Ivonne Domenge; tampoco podr\u00e1n caminar por el pasillo en que est\u00e1n 12 esculturas, as\u00ed como la Sala Ra\u00fal Anguiano donde&nbsp;se exhib\u00edan 28 obras&nbsp;donadas,&nbsp;por la&nbsp;viuda&nbsp;del artista,&nbsp;a la Presidencia de la Rep\u00fablica.&nbsp;El ala Sur del colonial edificio tendr\u00e1 una vigilancia especial, por encontrarse en esa zona el despacho presidencial y las oficinas de los inmediatos colaboradores. Salen de Palacio las oficinas que a\u00fan&nbsp;ten\u00edan&nbsp;la Secretar\u00eda de Hacienda y la Consejer\u00eda Jur\u00eddica, dando paso a la nueva residencia oficial del Presidente L\u00f3pez Obrador.<\/p>\n\n\n\n<p class=\"wp-block-paragraph\"><strong>BODA<\/strong><strong>, BAILE Y VELATORIOS<\/strong><strong>, EN PALACIO<\/strong><strong><\/strong><\/p>\n\n\n\n<p class=\"wp-block-paragraph\">En mis archivos period\u00edsticos me encontr\u00e9 con datos interesantes sobre diferentes sucesos registrados en Palacio Nacional, entre ellos tambi\u00e9n una versi\u00f3n sobre un doble asesinato.&nbsp;En el hist\u00f3rico lugar se realiz\u00f3&nbsp;la fastuosa boda religiosa,&nbsp;el domingo 24 de octubre de 1858, del general Miguel Miram\u00f3n y Conchita Lombardo. Despu\u00e9s de la ceremonia lit\u00fargica, el banquete para la sociedad imperialista y luego el baile.&nbsp;A sus 27 a\u00f1os de edad, Miram\u00f3n fue Presidente de la Rep\u00fablica; el m\u00e1s joven en nuestra historia.<\/p>\n\n\n\n<p class=\"wp-block-paragraph\">En&nbsp;habitaciones del ala Norte del Palacio, con balc\u00f3n a las calles de Moneda, la noche del 18 de julio de 1872, falleci\u00f3 el m\u00e1s ilustre Presidente de M\u00e9xico, el indio oaxaque\u00f1o, el Benem\u00e9rito de las Am\u00e9ricas, Don Benito Ju\u00e1rez. Ah\u00ed se velaron&nbsp;sus restos y&nbsp;fueron llevados al&nbsp;Pante\u00f3n de San Fernando&nbsp;(hoy en la Colonia Guerrero), acompa\u00f1ado&nbsp;porcientos de personas; tardaron cinco horas en el recorrido, pues iban a paso lento.<\/p>\n\n\n\n<p class=\"wp-block-paragraph\">Manuel Gonz\u00e1lez Flores, \u201cEl Manco\u201d, compadre preferido de Porfirio D\u00edaz, muri\u00f3 en su hacienda de Chapingo, Estado de M\u00e9xico. El oaxaque\u00f1o dispuso que el cuerpo fuera velado en&nbsp;Palacio&nbsp;Nacional y despu\u00e9s los restos depositados en la entonces Rotonda de los Hombres Ilustres.&nbsp;Manuel fue presidente&nbsp;de 1880 a 1884 y entreg\u00f3 la estafeta a su compadre Porfirio. Despu\u00e9s&nbsp;fue,tres veces consecutivas,&nbsp;gobernador de Guanajuato.<\/p>\n\n\n\n<p class=\"wp-block-paragraph\">Por instrucciones del presidente PlutarcoEl\u00edas Calles,&nbsp;en Palacio Nacional&nbsp;se instal\u00f3 la capilla&nbsp;para velar los restos&nbsp;del general \u00c1lvaro Obreg\u00f3n, asesinado el 17 de julio de 1928, a la edad de 48 a\u00f1os, en el restante \u201cLa Bombilla\u201d, en San \u00c1ngel,&nbsp;D.F. Obreg\u00f3n es&nbsp;el \u00fanico &nbsp;Presidente Reelecto, en la \u00e9poca posrevolucionaria. &nbsp;<\/p>\n\n\n\n<p class=\"wp-block-paragraph\">El patio central de Palacio,&nbsp;fue&nbsp;el escenario para&nbsp;rendirle&nbsp;homenaje p\u00f3stumo al&nbsp;colimenseMiguel de la Madrid Hurtado, el mediod\u00eda del 9&nbsp;de abril de 2012. La ceremonia fue&nbsp;encabezada&nbsp;por el presidente Felipe Calder\u00f3n, autor de este ins\u00f3lito acto.&nbsp;Un presidente PANista rindiendo honores a un expresidente PRIista.&nbsp;<\/p>\n\n\n\n<p class=\"wp-block-paragraph\">La versi\u00f3n de que el presidente Francisco I. Madero y el vicepresidente Jos\u00e9 Mar\u00eda Pino Su\u00e1rez fueron asesinados en las caballerizas de Palacio Nacional y no en la Penitenciar\u00eda del Distrito Federal, el Palacio de Lecumberri, fue de un militar de nombre Francisco C\u00e1rdenas y del porfirista Guillermo Luengas. Reitero, es una versi\u00f3n que aparece inclusive publicada en un diario de la \u00e9poca.<\/p>\n\n\n\n<p class=\"wp-block-paragraph\"><strong>DOS P<\/strong><strong>REGUNTA<\/strong><strong>S<\/strong><strong>&nbsp;PARA MEDITAR:<\/strong><\/p>\n\n\n\n<p class=\"wp-block-paragraph\">\u00bfPor qu\u00e9 insiste el gobierno federal&nbsp;en cerrar las puertas al TURISMO, nacional y extranjero?&nbsp;\u00bfCu\u00e1l es el temor de que haya entrada libre a Palacio Nacional?<\/p>\n\n\n\n<p class=\"wp-block-paragraph\"><strong><a rel=\"noreferrer noopener\" href=\"mailto:jherrerav@live.com.mx\" target=\"_blank\">jherrerav@live.com.mx<\/a><\/strong><\/p>\n","protected":false},"excerpt":{"rendered":"<p>Restringen las Visitas a Palacio Nacional, Por \u201cRecomendaci\u00f3n\u201d del INAH\ufeff<\/p>\n","protected":false},"author":3,"featured_media":9466,"comment_status":"open","ping_status":"open","sticky":false,"template":"","format":"standard","meta":{"_monsterinsights_skip_tracking":false,"footnotes":""},"categories":[690,94,107],"tags":[],"class_list":["post-9465","post","type-post","status-publish","format-standard","has-post-thumbnail","category-690","category-jorge-herrera-valenzuela","category-rafaga"],"_links":{"self":[{"href":"https:\/\/redsemlac.com\/semmexico\/wp-json\/wp\/v2\/posts\/9465","targetHints":{"allow":["GET"]}}],"collection":[{"href":"https:\/\/redsemlac.com\/semmexico\/wp-json\/wp\/v2\/posts"}],"about":[{"href":"https:\/\/redsemlac.com\/semmexico\/wp-json\/wp\/v2\/types\/post"}],"author":[{"embeddable":true,"href":"https:\/\/redsemlac.com\/semmexico\/wp-json\/wp\/v2\/users\/3"}],"replies":[{"embeddable":true,"href":"https:\/\/redsemlac.com\/semmexico\/wp-json\/wp\/v2\/comments?post=9465"}],"version-history":[{"count":0,"href":"https:\/\/redsemlac.com\/semmexico\/wp-json\/wp\/v2\/posts\/9465\/revisions"}],"wp:featuredmedia":[{"embeddable":true,"href":"https:\/\/redsemlac.com\/semmexico\/wp-json\/wp\/v2\/media\/9466"}],"wp:attachment":[{"href":"https:\/\/redsemlac.com\/semmexico\/wp-json\/wp\/v2\/media?parent=9465"}],"wp:term":[{"taxonomy":"category","embeddable":true,"href":"https:\/\/redsemlac.com\/semmexico\/wp-json\/wp\/v2\/categories?post=9465"},{"taxonomy":"post_tag","embeddable":true,"href":"https:\/\/redsemlac.com\/semmexico\/wp-json\/wp\/v2\/tags?post=9465"}],"curies":[{"name":"wp","href":"https:\/\/api.w.org\/{rel}","templated":true}]}}